{"id":736,"date":"2017-06-17T02:59:39","date_gmt":"2017-06-17T02:59:39","guid":{"rendered":"http:\/\/argentinatermal.com.ar\/?p=736"},"modified":"2017-06-17T02:59:39","modified_gmt":"2017-06-17T02:59:39","slug":"negocio-y-capacitacion-profesional-ejes-de-la-proxima-edicion-de-termatalia","status":"publish","type":"post","link":"https:\/\/argentinatermal.com.ar\/?p=736","title":{"rendered":"Negocio y capacitaci\u00f3n profesional, ejes de la pr\u00f3xima edici\u00f3n de Termatalia"},"content":{"rendered":"<p>&gt;&gt; El comit\u00e9 asesor de la Feria Internacional de Turismo Termal, Salud y Bienestar se reuni\u00f3 para perfilar las distintas acciones profesionales<\/p>\n<p>&gt;&gt; Aunque la feria se celebra los d\u00edas 21 y 22 de septiembre, habr\u00e1 actividades durante la denominada \u201cSemana Termatalia\u201d<\/p>\n<p>Negocio y Capacitaci\u00f3n profesional. Estos son los dos grandes ejes sobre los que girar\u00e1 Termatalia 2017, Feria Internacional de Turismo Termal, Salud y Bienestar, que celebrar\u00e1 una edici\u00f3n exclusivamente profesional en Ourense entre el 21 y el 22 de septiembre y en la que se espera que participen m\u00e1s de 30 pa\u00edses de Am\u00e9rica Latina y Eurasia. Para definir las acciones de negocio y formaci\u00f3n de la feria, el comit\u00e9 asesor de Termatalia celebr\u00f3 una reuni\u00f3n en Expourense en la que participaron 25 expertos en turismo de salud desde distintos \u00e1mbitos.<\/p>\n<p>Centro de Negocios<\/p>\n<p>Una de las principales acciones de negocio volver\u00e1 a ser la Bolsa de Contrataci\u00f3n Tur\u00edstica, que este a\u00f1o estar\u00e1 orientada a la presentaci\u00f3n de productos tur\u00edsticos innovadores y con paquetes enfocados directamente a los canales comerciales. Uno de estos productos destacados ser\u00e1 el termalismo deportivo.<\/p>\n<p>Otra de las acciones profesionales ser\u00e1 el Encuentro de Pol\u00edticas P\u00fablicas de Termalismo que estar\u00e1 centrado en el termalismo social en Espa\u00f1a y al que acudir\u00e1n responsables de la administraci\u00f3n de distintos pa\u00edses que quieren profundizar su conocimiento sobre c\u00f3mo funcionan estos programas con una trayectoria contrastada en nuestro pa\u00eds.<\/p>\n<p>En esta edici\u00f3n se pondr\u00e1n en marcha nuevas acciones dirigidas al canal minorista. Con la colaboraci\u00f3n de Balnearios de Galicia, el cl\u00faster de Turismo de Galicia y la Confederaci\u00f3n Espa\u00f1ola de Agencias de Viajes (CEAV), se organizar\u00e1 una jornada formativa dirigida a las agencias de viajes de Espa\u00f1a para que conozcan el producto termal de los destinos presentes en feria, haciendo especial hincapi\u00e9 en los gallegos.<\/p>\n<p>Formaci\u00f3n<\/p>\n<p>Por lo que respecta a la formaci\u00f3n, seguir\u00e1 estando muy presente en Termatalia a trav\u00e9s de su programa acad\u00e9mico denominado Encuentro Internacional sobre Agua y Salud que celebra ya su 12\u00aa edici\u00f3n y que incluir\u00e1 un encuentro de ciudades termales, una sesi\u00f3n dedicada a la Hidrolog\u00eda M\u00e9dica y otra a la comercializaci\u00f3n tur\u00edstica del sector. Este a\u00f1o, como novedad, se incluye un encuentro de Direcci\u00f3n y Gesti\u00f3n de Wellness en el que se espera que participen directivos de centros de distintos pa\u00edses.<\/p>\n<p>Semana Termatalia<\/p>\n<p>Durante esta reuni\u00f3n se present\u00f3 la estructura de la denominada \u201cSemana Termatalia\u201d, ya que, aunque la feria se celebra jueves y viernes, se han organizado acciones dirigidas a los profesionales que cubren desde el lunes 18 de septiembre hasta el s\u00e1bado 23. Estas actividades est\u00e1n especialmente dirigidas a las delegaciones internacionales de profesionales que van a participar en la feria. El objetivo es que puedan optimizar su viaje y realizar cursos de capacitaci\u00f3n, asistir al Symposium cient\u00edfico, o las Rutas termales que permitir\u00e1n visitar in situ centros de Galicia y Portugal.<\/p>\n<p>Las actividades de esta semana incluyen un Curso B\u00e1sico de Termalismo que ofrece cuatro m\u00f3dulos formativos diferentes que abordar\u00e1n tem\u00e1ticas como la Planificaci\u00f3n del Destino Termal; Peloides y Cosm\u00e9tica Termal; Iniciaci\u00f3n a la Hidrolog\u00eda M\u00e9dica y T\u00e9cnicas Hidrotermales e Integraci\u00f3n del centro termal o talaso en u centro wellness. Incluir\u00e1n sesiones te\u00f3ricas a cargo de reputados profesionales gallegos e incluir\u00e1n sesiones pr\u00e1cticas en centros termales y de talasoterapia de Galicia o visitas a la ruta termal de la Eurocidade Chaves Ver\u00edn. Estas acciones constituyen una verdadera oportunidad para recibir formaci\u00f3n muy especializada basada en el know-how.<\/p>\n<p>El d\u00eda 20 comienza en Expourense el II Symposium Internacional sobre Termalismo y Calidad de Vida organizado por el Campus da Auga de la Universidad de Vigo. Este evento convocar\u00e1 a numerosos investigadores que presentar\u00e1n sus trabajos m\u00e1s recientes aplicados a este campo.<\/p>\n<p>La \u201cSemana Termatalia\u201d concluir\u00e1 el s\u00e1bado 23 de septiembre con las Rutas Termales. La presencia en Ourense de delegaciones profesionales de m\u00e1s de 30 pa\u00edses convertir\u00e1 a la ciudad en capital termal mundial los d\u00edas de la feria. Estos profesionales realizar\u00e1n tambi\u00e9n rutas por Galicia para conocer la oferta de bienestar del entorno. Se espera adem\u00e1s la visita a la feria de numerosos profesionales del turismo de salud del vecino Portugal, ya que Termatalia es su feria de referencia para promocionarse como pa\u00eds con un enorme potencial termal.<\/p>\n<p>Por otro lado, durante esta semana el Ayuntamiento de Ourense organizar\u00e1 varias actividades de animaci\u00f3n con el objetivo de que la ciudad, y los visitantes profesionales \u201cvivan\u201d Termatalia en la capital termal espa\u00f1ola, destino saludable.<\/p>\n<p>Fuente: <a href=\"http:\/\/www.termatalia.com\/\">http:\/\/www.termatalia.com\/<\/a><\/p>\n","protected":false},"excerpt":{"rendered":"<p>&gt;&gt; El comit\u00e9 asesor de la Feria Internacional de Turismo Termal, Salud y Bienestar se reuni\u00f3 para perfilar las distintas acciones profesionales &gt;&gt; Aunque la feria se celebra los d\u00edas 21 y 22 de septiembre, habr\u00e1 actividades durante la denominada \u201cSemana Termatalia\u201d Negocio y Capacitaci\u00f3n profesional. Estos son los dos grandes ejes sobre los que [&hellip;]<\/p>\n","protected":false},"author":1,"featured_media":737,"comment_status":"open","ping_status":"open","sticky":false,"template":"","format":"standard","meta":{"footnotes":""},"categories":[12],"tags":[],"class_list":["post-736","post","type-post","status-publish","format-standard","has-post-thumbnail","hentry","category-internacionales"],"_links":{"self":[{"href":"https:\/\/argentinatermal.com.ar\/index.php?rest_route=\/wp\/v2\/posts\/736","targetHints":{"allow":["GET"]}}],"collection":[{"href":"https:\/\/argentinatermal.com.ar\/index.php?rest_route=\/wp\/v2\/posts"}],"about":[{"href":"https:\/\/argentinatermal.com.ar\/index.php?rest_route=\/wp\/v2\/types\/post"}],"author":[{"embeddable":true,"href":"https:\/\/argentinatermal.com.ar\/index.php?rest_route=\/wp\/v2\/users\/1"}],"replies":[{"embeddable":true,"href":"https:\/\/argentinatermal.com.ar\/index.php?rest_route=%2Fwp%2Fv2%2Fcomments&post=736"}],"version-history":[{"count":1,"href":"https:\/\/argentinatermal.com.ar\/index.php?rest_route=\/wp\/v2\/posts\/736\/revisions"}],"predecessor-version":[{"id":738,"href":"https:\/\/argentinatermal.com.ar\/index.php?rest_route=\/wp\/v2\/posts\/736\/revisions\/738"}],"wp:featuredmedia":[{"embeddable":true,"href":"https:\/\/argentinatermal.com.ar\/index.php?rest_route=\/wp\/v2\/media\/737"}],"wp:attachment":[{"href":"https:\/\/argentinatermal.com.ar\/index.php?rest_route=%2Fwp%2Fv2%2Fmedia&parent=736"}],"wp:term":[{"taxonomy":"category","embeddable":true,"href":"https:\/\/argentinatermal.com.ar\/index.php?rest_route=%2Fwp%2Fv2%2Fcategories&post=736"},{"taxonomy":"post_tag","embeddable":true,"href":"https:\/\/argentinatermal.com.ar\/index.php?rest_route=%2Fwp%2Fv2%2Ftags&post=736"}],"curies":[{"name":"wp","href":"https:\/\/api.w.org\/{rel}","templated":true}]}}