{"id":760,"date":"2017-06-23T02:51:23","date_gmt":"2017-06-23T02:51:23","guid":{"rendered":"http:\/\/argentinatermal.com.ar\/?p=760"},"modified":"2017-06-23T02:57:00","modified_gmt":"2017-06-23T02:57:00","slug":"avene-una-historia-rica","status":"publish","type":"post","link":"https:\/\/argentinatermal.com.ar\/?p=760","title":{"rendered":"AV\u00c8NE, UNA HISTORIA RICA"},"content":{"rendered":"<p>AV\u00c8NE, EN EL CORAZ\u00d3N DE UN PARQUE NATURAL<\/p>\n<p>Av\u00e8ne, una bonita historia que empieza en un peque\u00f1o pueblo del sur de Francia. El pueblecito de Av\u00e8ne, antiguo y pintoresco, est\u00e1 situado en el valle de l\u00b4Orb, en el coraz\u00f3n del Parque natural de la regi\u00f3n del alto Languedoc. Aqu\u00ed la naturaleza se encuentra por todos sitios y los curistas pasan el d\u00eda en un entorno reservado. La vegetaci\u00f3n es exuberante y el clima perfectamente equilibrado y lleno de sol. Pero d\u00e9jenos contarle la historia de Av\u00e8ne, desde el principio.<\/p>\n<p>AV\u00c8NE, UNA BELLA HISTORIA<\/p>\n<p>1736: Todo empieza con la cura del caballo del Marqu\u00e9s de Rocozel; afectado de un prurito muy tenaz, mejorando despu\u00e9s de varios ba\u00f1os.<\/p>\n<p>Descubriendo de este modo las virtudes calmantes e desensibilizantes del Agua termal de Av\u00e8ne.<\/p>\n<p>1743: Los primeros curistas se re\u00fanen en el valle del Orb en el manantial de Santa Odile.<\/p>\n<p>1871: Am\u00e9rica entera, se maravilla de las virtudes del Agua termal de Av\u00e8ne, utilizada para tratar las quemaduras del incendio de Chicago.<\/p>\n<p>1874 Manantial declarado de inter\u00e9s p\u00fablico.<\/p>\n<p>1990 renovaci\u00f3n de las Termas, creaci\u00f3n de los Laboratorios dermatol\u00f3gicos<\/p>\n<p>1993-2003 Ampliaci\u00f3n de la unidad de producci\u00f3n.<\/p>\n<p>2004 Ampliaci\u00f3n de las Termas<\/p>\n<p>2007 Creaci\u00f3n del Laboratorio del Agua, situado en Av\u00e8ne Les Bains-Les-Bains.<\/p>\n<p>2010 Los Laboratorios Dermatol\u00f3gicos Av\u00e8ne, confirman su puesto de l\u00edder internacional. La estaci\u00f3n Termal de Av\u00e8ne, acoge actualmente 2600 curistas por a\u00f1o, tratados por los excelentes productos disponibles en Francia y en m\u00e1s de 100 pa\u00edses.<\/p>\n<p>AV\u00c8NE, M\u00c1S ALL\u00c1 DE LAS FRONTERAS<\/p>\n<p>Es una bella y verdadera relaci\u00f3n de confianza que se establece por todo el mundo, entre los Laboratorios Dermatol\u00f3gicos Av\u00e8ne y las consumidoras. Confianza en las virtudes dermatol\u00f3gicas del Agua termal de Av\u00e8ne, enriqueciendo todos los productos, pero adem\u00e1s confianza en aportar siempre formulaciones innovadoras.<\/p>\n<p>Y esta confianza es universal, porque despu\u00e9s de Francia, cuya presencia en las farmacias es muy elevada, la marca, Agua termal de Av\u00e8ne, est\u00e1 reconocida en el mundo entero, desde Estados Unidos (Derma skin Corners) al Jap\u00f3n, pasando por la China donde ha llegado a ser la pionera, y para ser hoy en d\u00eda l\u00edder de ventas de cosm\u00e9ticos en las farmacias.<\/p>\n<p>Fuente: <a href=\"http:\/\/bit.ly\/2tAd0jJ\">http:\/\/bit.ly\/2tAd0jJ<\/a><\/p>\n","protected":false},"excerpt":{"rendered":"<p>AV\u00c8NE, EN EL CORAZ\u00d3N DE UN PARQUE NATURAL Av\u00e8ne, una bonita historia que empieza en un peque\u00f1o pueblo del sur de Francia. El pueblecito de Av\u00e8ne, antiguo y pintoresco, est\u00e1 situado en el valle de l\u00b4Orb, en el coraz\u00f3n del Parque natural de la regi\u00f3n del alto Languedoc. Aqu\u00ed la naturaleza se encuentra por todos [&hellip;]<\/p>\n","protected":false},"author":1,"featured_media":763,"comment_status":"open","ping_status":"open","sticky":false,"template":"","format":"standard","meta":{"footnotes":""},"categories":[12,16,15,14,17],"tags":[],"class_list":["post-760","post","type-post","status-publish","format-standard","has-post-thumbnail","hentry","category-internacionales","category-medicina-termal","category-turismo-de-bienestar","category-turismo-salud","category-turismo-termal"],"_links":{"self":[{"href":"https:\/\/argentinatermal.com.ar\/index.php?rest_route=\/wp\/v2\/posts\/760","targetHints":{"allow":["GET"]}}],"collection":[{"href":"https:\/\/argentinatermal.com.ar\/index.php?rest_route=\/wp\/v2\/posts"}],"about":[{"href":"https:\/\/argentinatermal.com.ar\/index.php?rest_route=\/wp\/v2\/types\/post"}],"author":[{"embeddable":true,"href":"https:\/\/argentinatermal.com.ar\/index.php?rest_route=\/wp\/v2\/users\/1"}],"replies":[{"embeddable":true,"href":"https:\/\/argentinatermal.com.ar\/index.php?rest_route=%2Fwp%2Fv2%2Fcomments&post=760"}],"version-history":[{"count":1,"href":"https:\/\/argentinatermal.com.ar\/index.php?rest_route=\/wp\/v2\/posts\/760\/revisions"}],"predecessor-version":[{"id":762,"href":"https:\/\/argentinatermal.com.ar\/index.php?rest_route=\/wp\/v2\/posts\/760\/revisions\/762"}],"wp:featuredmedia":[{"embeddable":true,"href":"https:\/\/argentinatermal.com.ar\/index.php?rest_route=\/wp\/v2\/media\/763"}],"wp:attachment":[{"href":"https:\/\/argentinatermal.com.ar\/index.php?rest_route=%2Fwp%2Fv2%2Fmedia&parent=760"}],"wp:term":[{"taxonomy":"category","embeddable":true,"href":"https:\/\/argentinatermal.com.ar\/index.php?rest_route=%2Fwp%2Fv2%2Fcategories&post=760"},{"taxonomy":"post_tag","embeddable":true,"href":"https:\/\/argentinatermal.com.ar\/index.php?rest_route=%2Fwp%2Fv2%2Ftags&post=760"}],"curies":[{"name":"wp","href":"https:\/\/api.w.org\/{rel}","templated":true}]}}