{"id":832,"date":"2017-07-05T15:58:36","date_gmt":"2017-07-05T15:58:36","guid":{"rendered":"http:\/\/argentinatermal.com.ar\/?p=832"},"modified":"2017-07-05T15:58:36","modified_gmt":"2017-07-05T15:58:36","slug":"porto-e-norte-vuelve-a-confiar-en-termatalia-para-promocionarse-internacionalmente-como-destino-de-bienestar","status":"publish","type":"post","link":"https:\/\/argentinatermal.com.ar\/?p=832","title":{"rendered":"Porto e Norte vuelve a confiar en Termatalia para promocionarse internacionalmente como destino de bienestar"},"content":{"rendered":"<p><strong><em>&gt;&gt; La Feria Internacional del Turismo Termal, Salud y Bienestar se present\u00f3 ayer en el Porto Welcome Center ante empresarios, representantes institucionales y medios de comunicaci\u00f3n<\/em><\/strong><\/p>\n<p><strong><em>&gt;&gt; Con la presencia de Porto e Norte, Centro, Sur y Azores, Portugal ser\u00e1 uno de los pa\u00edses con mayor representaci\u00f3n<\/em><\/strong><\/p>\n<p>Porto (Portugal), 05\/07\/2017.- Posicionar internacionalmente a Porto e Norte como un destino de bienestar en donde la oferta de sus numerosos centros termales se combina con spas de lujo que ofrecen al viajero una experiencia integral y \u00fanica en la que los beneficios del agua se combinan con su atractivos paisajes y gastronom\u00eda. Este es el objetivo que la Entidad de Turismo Porto e Norte de Portugal persigue en su participaci\u00f3n en la pr\u00f3xima edici\u00f3n de Termatalia que se celebra en Ourense (Galicia-Espa\u00f1a) los d\u00edas 21 y 22 de septiembre.<\/p>\n<p>Para dar a conocer las ventajas y oportunidades que ofrece la Feria Internacional de Turismo Termal, Salud y Bienestar, la entidad de Turismo Porto e Norte organiz\u00f3 ayer una presentaci\u00f3n de Termatalia ante representantes de c\u00e1maras municipales de la regi\u00f3n, de empresarios del sector hostelero y de medios de comunicaci\u00f3n. Tuvo lugar en el Porto Welcome Center y corri\u00f3 a cargo del director de la feria, Alejandro Rub\u00edn, acompa\u00f1ado por la directora de Porto e Norte, Isabel de Castro. Esta \u00faltima hizo referencia a que la feria permite promocionar internacionalmente a esta regi\u00f3n como \u201cun destino de emociones\u201d.<\/p>\n<p>A esta presentaci\u00f3n, coordinada por el delegado de Termatalia en el Norte de Portugal, Antonio Garcia, acudieron empresarios del sector de la restauraci\u00f3n de localidades como Porto, Braga y Vila Real, concejales de turismo de c\u00e1maras municipales como la de P\u00f3voa de Varzim, el director del Festival de Cine Tur\u00edstico Art &amp; TUR y medios de comunicaci\u00f3n especializados en turismo.<\/p>\n<p>La Entidad de Turismo Porto e Norte, principal socia estrat\u00e9gica de Expourense en Portugal, vuelve a confiar en Termatalia y estar\u00e1 presente en todas las acciones profesionales y de negocio de la feria ya que Alejandro Rub\u00edn, le propuso a Isabel de Castro la posibilidad de incluir a un cocinero de esta regi\u00f3n en el \u00c1rea de Alimentaci\u00f3n Saludable, un reto que seguro aceptar\u00e1n, ya que uno de los puntos fuertes en su turismo es la gastronom\u00eda. En esta \u00e1rea ya est\u00e1 confirmada la participaci\u00f3n de cocineros gallegos y de varios pa\u00edses de Am\u00e9rica Latina.<\/p>\n<p>Participaci\u00f3n de Portugal<\/p>\n<p>Portugal, de norte a sur, ser\u00e1 uno de los pa\u00edses que participen en Termatalia para posicionarse internacionalmente como destino de salud. Adem\u00e1s de la Entidad de Turismo Porto e Norte, tambi\u00e9n ha confirmado su presencia la Eurocidade Chaves-Ver\u00edn que tambi\u00e9n promocionar\u00e1 sus aguas dentro del Bar de Aguas de la feria.<\/p>\n<p>La regi\u00f3n Centro tambi\u00e9n estar\u00e1 presente de forma conjunta con Termas do Centro que integran a 22 estancias termales del pa\u00eds entre las que destacan Sao Pedro do Sul o Caldas da Rainha. Tampoco faltar\u00e1n a su cita \u00e1reas termales del Sur del pa\u00eds como termas de Monchique y del \u00e1rea insular, con la presencia de las Islas Azores.<\/p>\n<p>Fuente: www,termatalia.com.ar<\/p>\n","protected":false},"excerpt":{"rendered":"<p>&gt;&gt; La Feria Internacional del Turismo Termal, Salud y Bienestar se present\u00f3 ayer en el Porto Welcome Center ante empresarios, representantes institucionales y medios de comunicaci\u00f3n &gt;&gt; Con la presencia de Porto e Norte, Centro, Sur y Azores, Portugal ser\u00e1 uno de los pa\u00edses con mayor representaci\u00f3n Porto (Portugal), 05\/07\/2017.- Posicionar internacionalmente a Porto e [&hellip;]<\/p>\n","protected":false},"author":1,"featured_media":833,"comment_status":"open","ping_status":"open","sticky":false,"template":"","format":"standard","meta":{"footnotes":""},"categories":[12],"tags":[],"class_list":["post-832","post","type-post","status-publish","format-standard","has-post-thumbnail","hentry","category-internacionales"],"_links":{"self":[{"href":"https:\/\/argentinatermal.com.ar\/index.php?rest_route=\/wp\/v2\/posts\/832","targetHints":{"allow":["GET"]}}],"collection":[{"href":"https:\/\/argentinatermal.com.ar\/index.php?rest_route=\/wp\/v2\/posts"}],"about":[{"href":"https:\/\/argentinatermal.com.ar\/index.php?rest_route=\/wp\/v2\/types\/post"}],"author":[{"embeddable":true,"href":"https:\/\/argentinatermal.com.ar\/index.php?rest_route=\/wp\/v2\/users\/1"}],"replies":[{"embeddable":true,"href":"https:\/\/argentinatermal.com.ar\/index.php?rest_route=%2Fwp%2Fv2%2Fcomments&post=832"}],"version-history":[{"count":1,"href":"https:\/\/argentinatermal.com.ar\/index.php?rest_route=\/wp\/v2\/posts\/832\/revisions"}],"predecessor-version":[{"id":834,"href":"https:\/\/argentinatermal.com.ar\/index.php?rest_route=\/wp\/v2\/posts\/832\/revisions\/834"}],"wp:featuredmedia":[{"embeddable":true,"href":"https:\/\/argentinatermal.com.ar\/index.php?rest_route=\/wp\/v2\/media\/833"}],"wp:attachment":[{"href":"https:\/\/argentinatermal.com.ar\/index.php?rest_route=%2Fwp%2Fv2%2Fmedia&parent=832"}],"wp:term":[{"taxonomy":"category","embeddable":true,"href":"https:\/\/argentinatermal.com.ar\/index.php?rest_route=%2Fwp%2Fv2%2Fcategories&post=832"},{"taxonomy":"post_tag","embeddable":true,"href":"https:\/\/argentinatermal.com.ar\/index.php?rest_route=%2Fwp%2Fv2%2Ftags&post=832"}],"curies":[{"name":"wp","href":"https:\/\/api.w.org\/{rel}","templated":true}]}}