{"id":919,"date":"2017-07-28T11:56:54","date_gmt":"2017-07-28T11:56:54","guid":{"rendered":"http:\/\/argentinatermal.com.ar\/?p=919"},"modified":"2017-07-28T11:56:54","modified_gmt":"2017-07-28T11:56:54","slug":"firmado-el-convenio-para-celebrar-termatalia-brasil-2018","status":"publish","type":"post","link":"https:\/\/argentinatermal.com.ar\/?p=919","title":{"rendered":"Firmado el convenio para celebrar Termatalia Brasil 2018"},"content":{"rendered":"<p>&gt;&gt; El director de la feria, Alejandro Rub\u00edn Carballo, y el director general de Fundo Igua\u00e7\u00fa, Carlos Silva, firmaron en Foz do Igua\u00e7u el documento que convertir\u00e1 a esta ciudad en la sede de la pr\u00f3xima edici\u00f3n de la feria en Am\u00e9rica<\/p>\n<p>27\/07\/2017.- El proyecto Termatalia Brasil 2018 se pone en marcha de forma oficial a trav\u00e9s de la firma del convenio entre Expourense, entidad organizadora de la feria, y del Fondo de Desarrollo y Promoci\u00f3n Tur\u00edstica de Igua\u00e7\u00fa, Fundo Igua\u00e7\u00fa. La firma tuvo lugar esta ma\u00f1ana en el Centro de Recepci\u00f3n de Visitantes de Itaip\u00fa, en Foz do Igua\u00e7u, y corri\u00f3 a cargo del director de Termatalia, Alejandro Rub\u00edn Carballo, y del director general de Fundo Igua\u00e7\u00fa, Carlos Silva.<\/p>\n<p>Esta firma del convenio estuvo arropada por importantes agentes p\u00fablicos y privados de la ciudad brasile\u00f1a de Foz do Igua\u00e7u (Estado de Paran\u00e1) como el secretario de Turismo, Gilmar Piolla; el alcalde de la Ciudad, Chico Brasileiro; y el director general brasile\u00f1o de la central hidroel\u00e9ctrica de Itaip\u00fa Binacional, Luiz Fernando Leone Viana.<\/p>\n<p>Para la firma de este convenio se convoc\u00f3 a distintos empresarios del sector y medios de comunicaci\u00f3n a los que tambi\u00e9n le fue presentada la pr\u00f3xima edici\u00f3n de Termatalia que se celebrar\u00e1 en Ourense en septiembre de 2017 y en la que est\u00e1 previsto que Foz do Igua\u00e7u tenga un papel protagonista invitando a profesionales de una treintena de pa\u00edses a participar en Termatalia Brasil 2018.<\/p>\n<p>La elecci\u00f3n de Foz do Igua\u00e7u como sede para el pr\u00f3ximo a\u00f1o se daba a conocer el pasado mes de abril en Ourense en un acto en el que particip\u00f3 el presidente de la Diputaci\u00f3n provincial de Ourense, Manuel Baltar, quien en 2015 mantuvo con la vicegobernadora de Paran\u00e1, Cida Borghetti, para abordar la posible presentaci\u00f3n de la ciudad como sede de la feria. La vicegobernadora fue desde el primer momento una de las principales defensoras de la candidatura.<\/p>\n<p>Se pone as\u00ed en marcha el mecanismo que convierte a Foz do Igua\u00e7u en sede de Termatalia 2018, una cidad cuyos principales recursos econ\u00f3micos est\u00e1n estrechamente vinculados al agua. Aqu\u00ed se ubican las famosas Cataratas a nivel mundial, que le dan nombre, y tambi\u00e9n alberga la central hidroel\u00e9ctrica m\u00e1s grande del mundo en generaci\u00f3n de energ\u00eda, Itaip\u00fa Binacional.<\/p>\n<p>La candidatura de Brasil est\u00e1 liderada por el Fondo Iguaz\u00fa de Desarrollo y Promoci\u00f3n Tur\u00edstica y cuenta con el apoyo de las principales entidades p\u00fablicas y privadas vinculadas al turismo en esta regi\u00f3n para posicionarla a nivel internacional, tambi\u00e9n como destino termal.<\/p>\n<p>La pr\u00f3xima edici\u00f3n de Termatalia en Am\u00e9rica tendr\u00e1 lugar, por lo tanto, en Foz do Igua\u00e7u en las fechas habituales de la feria (finales de septiembre, comienzos de octubre) y supondr\u00e1 nuevas oportunidades para las empresas de Espa\u00f1a y Galicia, as\u00ed como de los dem\u00e1s pa\u00edses participantes. Hace ya varias ediciones que Brasil mostr\u00f3 su inter\u00e9s por convertirse en sede de Termatalia y, junto a otros pa\u00edses, realiz\u00f3 su postulaci\u00f3n oficial durante Termatalia M\u00e9xico 2016. Foz de Iguaz\u00fa es el segundo destino elegido por los extranjeros que visitan Brasil.<\/p>\n<p>Tiene una ubicaci\u00f3n privilegiada, en la triple frontera de Brasil con Argentina y Paraguay (con los que comparte las famosas cataratas) y en el centro geogr\u00e1fico del Mercosur. El Destino Iguaz\u00fa recibe m\u00e1s de 5 millones de turistas al a\u00f1o entre los que se incluyen los que visitan las cataratas, la central hidroel\u00e9ctrica y los que participan en los eventos organizados en \u00e9l, ya que es tambi\u00e9n un destino MICE (Meetings, Incentives, Conferencing, Exhibitions). Por la posici\u00f3n estrat\u00e9gica que ocupa, se convierte en un destino accesible para Am\u00e9rica Latina y muy atractivo para el resto de pa\u00edses de otros continentes que quieran participar como expositores o visitantes de Termatalia Brasil 2018.<\/p>\n<p>La elecci\u00f3n de esta sede servir\u00e1 tambi\u00e9n para reforzar la presencia de Brasil en Termatalia y para promocionar a trav\u00e9s de ella a Ourense y Galicia como destinos termales. Espa\u00f1a es el cuarto mercado receptor de turistas de este pa\u00eds que supera los 200 millones de habitantes. Seg\u00fan datos de Canadian Travel &amp; Tourism, se estima que en 2018 la cifra de brasile\u00f1os que realicen viajes al exterior llegue a los 11,3 millones. Por otro lado, Espa\u00f1a es el noveno pa\u00eds emisor de turistas a Brasil.<\/p>\n","protected":false},"excerpt":{"rendered":"<p>&gt;&gt; El director de la feria, Alejandro Rub\u00edn Carballo, y el director general de Fundo Igua\u00e7\u00fa, Carlos Silva, firmaron en Foz do Igua\u00e7u el documento que convertir\u00e1 a esta ciudad en la sede de la pr\u00f3xima edici\u00f3n de la feria en Am\u00e9rica 27\/07\/2017.- El proyecto Termatalia Brasil 2018 se pone en marcha de forma oficial [&hellip;]<\/p>\n","protected":false},"author":1,"featured_media":916,"comment_status":"open","ping_status":"open","sticky":false,"template":"","format":"standard","meta":{"footnotes":""},"categories":[12],"tags":[],"class_list":["post-919","post","type-post","status-publish","format-standard","has-post-thumbnail","hentry","category-internacionales"],"_links":{"self":[{"href":"https:\/\/argentinatermal.com.ar\/index.php?rest_route=\/wp\/v2\/posts\/919","targetHints":{"allow":["GET"]}}],"collection":[{"href":"https:\/\/argentinatermal.com.ar\/index.php?rest_route=\/wp\/v2\/posts"}],"about":[{"href":"https:\/\/argentinatermal.com.ar\/index.php?rest_route=\/wp\/v2\/types\/post"}],"author":[{"embeddable":true,"href":"https:\/\/argentinatermal.com.ar\/index.php?rest_route=\/wp\/v2\/users\/1"}],"replies":[{"embeddable":true,"href":"https:\/\/argentinatermal.com.ar\/index.php?rest_route=%2Fwp%2Fv2%2Fcomments&post=919"}],"version-history":[{"count":1,"href":"https:\/\/argentinatermal.com.ar\/index.php?rest_route=\/wp\/v2\/posts\/919\/revisions"}],"predecessor-version":[{"id":920,"href":"https:\/\/argentinatermal.com.ar\/index.php?rest_route=\/wp\/v2\/posts\/919\/revisions\/920"}],"wp:featuredmedia":[{"embeddable":true,"href":"https:\/\/argentinatermal.com.ar\/index.php?rest_route=\/wp\/v2\/media\/916"}],"wp:attachment":[{"href":"https:\/\/argentinatermal.com.ar\/index.php?rest_route=%2Fwp%2Fv2%2Fmedia&parent=919"}],"wp:term":[{"taxonomy":"category","embeddable":true,"href":"https:\/\/argentinatermal.com.ar\/index.php?rest_route=%2Fwp%2Fv2%2Fcategories&post=919"},{"taxonomy":"post_tag","embeddable":true,"href":"https:\/\/argentinatermal.com.ar\/index.php?rest_route=%2Fwp%2Fv2%2Ftags&post=919"}],"curies":[{"name":"wp","href":"https:\/\/api.w.org\/{rel}","templated":true}]}}